{"id":8706,"date":"2026-01-27T17:52:37","date_gmt":"2026-01-27T16:52:37","guid":{"rendered":"https:\/\/www.vebowag.de\/?p=8706"},"modified":"2026-01-27T17:53:42","modified_gmt":"2026-01-27T16:53:42","slug":"mieterinformation-zu-den-heizkosten-2025-bei-gaszentralheizungen","status":"publish","type":"post","link":"https:\/\/www.vebowag.de\/en\/2026\/01\/27\/mieterinformation-zu-den-heizkosten-2025-bei-gaszentralheizungen\/","title":{"rendered":"Mieterinformation zu den Heizkosten 2025 bei Gaszentralheizungen"},"content":{"rendered":"\n<p>Sehr geehrte Mieterinnen und Mieter,<\/p>\n\n\n\n<p>f\u00fcr das Abrechnungsjahr 2025 ist bei Wohnungen mit Gaszentralheizung voraussichtlich mit ver\u00e4nderten Heizkosten zu rechnen. Hintergrund sind ver\u00e4nderte Rahmenbedingungen bei der Gasbeschaffung nach dem Auslaufen unserer bisherigen Liefervertr\u00e4ge. Die daraus entstehenden Mehrkosten k\u00f6nnen sich in der <strong>Heizkostenabrechnung f\u00fcr das Jahr 2025<\/strong>&nbsp;bemerkbar machen, die Ihnen im Laufe des Jahres <strong>2026<\/strong>&nbsp;zugeht.<\/p>\n\n\n\n<p><strong>Hintergrund<\/strong><\/p>\n\n\n\n<p>Unsere bisherigen Gasliefervertr\u00e4ge mit sehr g\u00fcnstigen Konditionen endeten zum 31. Dezember 2024. F\u00fcr das Jahr 2025 mussten neue Liefervertr\u00e4ge abgeschlossen werden. Diese f\u00fchren im Vergleich zu den fr\u00fcheren Konditionen zu Gasbeschaffungskosten, die sich in etwa <strong>verdreifacht haben<\/strong>. Der neu vereinbarte Preis liegt dabei im Marktvergleich weiterhin im <strong>unteren Segment<\/strong>.<\/p>\n\n\n\n<p><strong>Hinweise zur pers\u00f6nlichen Planung<\/strong><\/p>\n\n\n\n<p>Da sich m\u00f6gliche Mehrkosten erst mit der Abrechnung 2025 ergeben, kann es sinnvoll sein, dies bereits jetzt bei der pers\u00f6nlichen Haushaltsplanung zu ber\u00fccksichtigen und sich vorsorglich auf eine m\u00f6gliche Nachzahlung einzustellen.<\/p>\n\n\n\n<p>F\u00fcr sp\u00e4tere Abrechnungszeitr\u00e4ume besteht zudem die M\u00f6glichkeit, die monatlichen Vorauszahlungen freiwillig anzupassen. Gerne pr\u00fcfen unsere <strong>Kolleginnen und Kollegen der<\/strong> <strong>Betriebskostenabteilung<\/strong>\u00a0gemeinsam mit Ihnen, ob eine Anpassung sinnvoll ist. Diese wirkt sich ausschlie\u00dflich auf <strong>zuk\u00fcnftige Abrechnungen<\/strong>\u00a0aus.<\/p>\n\n\n\n<p>Bei Fragen stehen Ihnen unsere Mitarbeiterinnen und Mitarbeiter gerne zur Verf\u00fcgung.<\/p>\n","protected":false},"excerpt":{"rendered":"<p>F\u00fcr das Abrechnungsjahr 2025 ist bei Wohnungen mit Gaszentralheizung voraussichtlich mit ver\u00e4nderten Heizkosten zu rechnen. Hintergrund sind ver\u00e4nderte Rahmenbedingungen bei der Gasbeschaffung nach dem Auslaufen unserer bisherigen Liefervertr\u00e4ge. Die daraus entstehenden Mehrkosten k\u00f6nnen sich in der Heizkostenabrechnung f\u00fcr das Jahr 2025\u00a0bemerkbar machen, die Ihnen im Laufe des Jahres 2026\u00a0zugeht.<\/p>\n","protected":false},"author":2,"featured_media":0,"comment_status":"closed","ping_status":"closed","sticky":false,"template":"","format":"standard","meta":{"_uag_custom_page_level_css":"","footnotes":""},"categories":[1],"tags":[],"class_list":["post-8706","post","type-post","status-publish","format-standard","hentry","category-aktuelles"],"translation":{"provider":"WPGlobus","version":"3.0.0","language":"en","enabled_languages":["de","en"],"languages":{"de":{"title":true,"content":true,"excerpt":true},"en":{"title":false,"content":false,"excerpt":false}}},"yoast_head":"<!-- This site is optimized with the Yoast SEO plugin v23.8 - https:\/\/yoast.com\/wordpress\/plugins\/seo\/ -->\n<title>Mieterinformation zu den Heizkosten 2025 bei Gaszentralheizungen - VEBOWAG<\/title>\n<meta name=\"robots\" content=\"index, follow, max-snippet:-1, max-image-preview:large, max-video-preview:-1\" \/>\n<link rel=\"canonical\" href=\"https:\/\/www.vebowag.de\/2026\/01\/27\/mieterinformation-zu-den-heizkosten-2025-bei-gaszentralheizungen\/\" \/>\n<meta property=\"og:locale\" content=\"en_US\" \/>\n<meta property=\"og:type\" content=\"article\" \/>\n<meta property=\"og:title\" content=\"Mieterinformation zu den Heizkosten 2025 bei Gaszentralheizungen - VEBOWAG\" \/>\n<meta property=\"og:url\" content=\"https:\/\/www.vebowag.de\/2026\/01\/27\/mieterinformation-zu-den-heizkosten-2025-bei-gaszentralheizungen\/\" \/>\n<meta property=\"og:site_name\" content=\"VEBOWAG\" \/>\n<meta property=\"article:publisher\" content=\"https:\/\/www.facebook.com\/vebowag\/\" \/>\n<meta property=\"article:published_time\" content=\"2026-01-27T16:52:37+00:00\" \/>\n<meta property=\"article:modified_time\" content=\"2026-01-27T16:53:42+00:00\" \/>\n<meta name=\"author\" content=\"Norbert Krey\" \/>\n<meta name=\"twitter:card\" content=\"summary_large_image\" \/>\n<meta name=\"twitter:creator\" content=\"@vebowag\" \/>\n<meta name=\"twitter:site\" content=\"@vebowag\" \/>\n<meta name=\"twitter:label1\" content=\"Written by\" \/>\n\t<meta name=\"twitter:data1\" content=\"Norbert Krey\" \/>\n\t<meta name=\"twitter:label2\" content=\"Est. reading time\" \/>\n\t<meta name=\"twitter:data2\" content=\"2 minutes\" \/>\n<script type=\"application\/ld+json\" class=\"yoast-schema-graph\">{\"@context\":\"https:\/\/schema.org\",\"@graph\":[{\"@type\":\"WebPage\",\"@id\":\"https:\/\/www.vebowag.de\/2026\/01\/27\/mieterinformation-zu-den-heizkosten-2025-bei-gaszentralheizungen\/\",\"url\":\"https:\/\/www.vebowag.de\/2026\/01\/27\/mieterinformation-zu-den-heizkosten-2025-bei-gaszentralheizungen\/\",\"name\":\"Mieterinformation zu den Heizkosten 2025 bei Gaszentralheizungen - VEBOWAG\",\"isPartOf\":{\"@id\":\"https:\/\/www.vebowag.de\/#website\"},\"datePublished\":\"2026-01-27T16:52:37+00:00\",\"dateModified\":\"2026-01-27T16:53:42+00:00\",\"author\":{\"@id\":\"https:\/\/www.vebowag.de\/#\/schema\/person\/6f4c6d2656bd6fd684af32a9708ca020\"},\"breadcrumb\":{\"@id\":\"https:\/\/www.vebowag.de\/2026\/01\/27\/mieterinformation-zu-den-heizkosten-2025-bei-gaszentralheizungen\/#breadcrumb\"},\"inLanguage\":\"en-EN\",\"potentialAction\":[{\"@type\":\"ReadAction\",\"target\":[\"https:\/\/www.vebowag.de\/2026\/01\/27\/mieterinformation-zu-den-heizkosten-2025-bei-gaszentralheizungen\/\"]}]},{\"@type\":\"BreadcrumbList\",\"@id\":\"https:\/\/www.vebowag.de\/2026\/01\/27\/mieterinformation-zu-den-heizkosten-2025-bei-gaszentralheizungen\/#breadcrumb\",\"itemListElement\":[{\"@type\":\"ListItem\",\"position\":1,\"name\":\"Home\",\"item\":\"https:\/\/www.vebowag.de\/\"},{\"@type\":\"ListItem\",\"position\":2,\"name\":\"Mieterinformation zu den Heizkosten 2025 bei Gaszentralheizungen\"}]},{\"@type\":\"WebSite\",\"@id\":\"https:\/\/www.vebowag.de\/#website\",\"url\":\"https:\/\/www.vebowag.de\/\",\"name\":\"VEBOWAG\",\"description\":\"Mein Zuhause in Bonn\",\"potentialAction\":[{\"@type\":\"SearchAction\",\"target\":{\"@type\":\"EntryPoint\",\"urlTemplate\":\"https:\/\/www.vebowag.de\/?s={search_term_string}\"},\"query-input\":{\"@type\":\"PropertyValueSpecification\",\"valueRequired\":true,\"valueName\":\"search_term_string\"}}],\"inLanguage\":\"en-EN\"},{\"@type\":\"Person\",\"@id\":\"https:\/\/www.vebowag.de\/#\/schema\/person\/6f4c6d2656bd6fd684af32a9708ca020\",\"name\":\"Norbert Krey\",\"sameAs\":[\"http:\/\/www.vebowag.de\"],\"url\":\"https:\/\/www.vebowag.de\/en\/author\/krey\/\"}]}<\/script>\n<!-- \/ Yoast SEO plugin. -->","yoast_head_json":{"title":"Mieterinformation zu den Heizkosten 2025 bei Gaszentralheizungen - VEBOWAG","robots":{"index":"index","follow":"follow","max-snippet":"max-snippet:-1","max-image-preview":"max-image-preview:large","max-video-preview":"max-video-preview:-1"},"canonical":"https:\/\/www.vebowag.de\/2026\/01\/27\/mieterinformation-zu-den-heizkosten-2025-bei-gaszentralheizungen\/","og_locale":"en_US","og_type":"article","og_title":"Mieterinformation zu den Heizkosten 2025 bei Gaszentralheizungen - VEBOWAG","og_url":"https:\/\/www.vebowag.de\/2026\/01\/27\/mieterinformation-zu-den-heizkosten-2025-bei-gaszentralheizungen\/","og_site_name":"VEBOWAG","article_publisher":"https:\/\/www.facebook.com\/vebowag\/","article_published_time":"2026-01-27T16:52:37+00:00","article_modified_time":"2026-01-27T16:53:42+00:00","author":"Norbert Krey","twitter_card":"summary_large_image","twitter_creator":"@vebowag","twitter_site":"@vebowag","twitter_misc":{"Written by":"Norbert Krey","Est. reading time":"2 minutes"},"schema":{"@context":"https:\/\/schema.org","@graph":[{"@type":"WebPage","@id":"https:\/\/www.vebowag.de\/2026\/01\/27\/mieterinformation-zu-den-heizkosten-2025-bei-gaszentralheizungen\/","url":"https:\/\/www.vebowag.de\/2026\/01\/27\/mieterinformation-zu-den-heizkosten-2025-bei-gaszentralheizungen\/","name":"Mieterinformation zu den Heizkosten 2025 bei Gaszentralheizungen - VEBOWAG","isPartOf":{"@id":"https:\/\/www.vebowag.de\/#website"},"datePublished":"2026-01-27T16:52:37+00:00","dateModified":"2026-01-27T16:53:42+00:00","author":{"@id":"https:\/\/www.vebowag.de\/#\/schema\/person\/6f4c6d2656bd6fd684af32a9708ca020"},"breadcrumb":{"@id":"https:\/\/www.vebowag.de\/2026\/01\/27\/mieterinformation-zu-den-heizkosten-2025-bei-gaszentralheizungen\/#breadcrumb"},"inLanguage":"en-EN","potentialAction":[{"@type":"ReadAction","target":["https:\/\/www.vebowag.de\/2026\/01\/27\/mieterinformation-zu-den-heizkosten-2025-bei-gaszentralheizungen\/"]}]},{"@type":"BreadcrumbList","@id":"https:\/\/www.vebowag.de\/2026\/01\/27\/mieterinformation-zu-den-heizkosten-2025-bei-gaszentralheizungen\/#breadcrumb","itemListElement":[{"@type":"ListItem","position":1,"name":"Home","item":"https:\/\/www.vebowag.de\/"},{"@type":"ListItem","position":2,"name":"Mieterinformation zu den Heizkosten 2025 bei Gaszentralheizungen"}]},{"@type":"WebSite","@id":"https:\/\/www.vebowag.de\/#website","url":"https:\/\/www.vebowag.de\/","name":"VEBOWAG","description":"Mein Zuhause in Bonn","potentialAction":[{"@type":"SearchAction","target":{"@type":"EntryPoint","urlTemplate":"https:\/\/www.vebowag.de\/?s={search_term_string}"},"query-input":{"@type":"PropertyValueSpecification","valueRequired":true,"valueName":"search_term_string"}}],"inLanguage":"en-EN"},{"@type":"Person","@id":"https:\/\/www.vebowag.de\/#\/schema\/person\/6f4c6d2656bd6fd684af32a9708ca020","name":"Norbert Krey","sameAs":["http:\/\/www.vebowag.de"],"url":"https:\/\/www.vebowag.de\/en\/author\/krey\/"}]}},"uagb_featured_image_src":{"full":false,"thumbnail":false,"medium":false,"medium_large":false,"large":false,"1536x1536":false,"2048x2048":false,"home":false,"list":false},"uagb_author_info":{"display_name":"Norbert Krey","author_link":"https:\/\/www.vebowag.de\/en\/author\/krey\/"},"uagb_comment_info":0,"uagb_excerpt":"F\u00fcr das Abrechnungsjahr 2025 ist bei Wohnungen mit Gaszentralheizung voraussichtlich mit ver\u00e4nderten Heizkosten zu rechnen. Hintergrund sind ver\u00e4nderte Rahmenbedingungen bei der Gasbeschaffung nach dem Auslaufen unserer bisherigen Liefervertr\u00e4ge. Die daraus entstehenden Mehrkosten k\u00f6nnen sich in der Heizkostenabrechnung f\u00fcr das Jahr 2025\u00a0bemerkbar machen, die Ihnen im Laufe des Jahres 2026\u00a0zugeht.","_links":{"self":[{"href":"https:\/\/www.vebowag.de\/en\/wp-json\/wp\/v2\/posts\/8706"}],"collection":[{"href":"https:\/\/www.vebowag.de\/en\/wp-json\/wp\/v2\/posts"}],"about":[{"href":"https:\/\/www.vebowag.de\/en\/wp-json\/wp\/v2\/types\/post"}],"author":[{"embeddable":true,"href":"https:\/\/www.vebowag.de\/en\/wp-json\/wp\/v2\/users\/2"}],"replies":[{"embeddable":true,"href":"https:\/\/www.vebowag.de\/en\/wp-json\/wp\/v2\/comments?post=8706"}],"version-history":[{"count":3,"href":"https:\/\/www.vebowag.de\/en\/wp-json\/wp\/v2\/posts\/8706\/revisions"}],"predecessor-version":[{"id":8709,"href":"https:\/\/www.vebowag.de\/en\/wp-json\/wp\/v2\/posts\/8706\/revisions\/8709"}],"wp:attachment":[{"href":"https:\/\/www.vebowag.de\/en\/wp-json\/wp\/v2\/media?parent=8706"}],"wp:term":[{"taxonomy":"category","embeddable":true,"href":"https:\/\/www.vebowag.de\/en\/wp-json\/wp\/v2\/categories?post=8706"},{"taxonomy":"post_tag","embeddable":true,"href":"https:\/\/www.vebowag.de\/en\/wp-json\/wp\/v2\/tags?post=8706"}],"curies":[{"name":"wp","href":"https:\/\/api.w.org\/{rel}","templated":true}]}}