{"id":8078,"date":"2025-12-01T17:59:00","date_gmt":"2025-12-01T16:59:00","guid":{"rendered":"https:\/\/www.vebowag.de\/?p=8078"},"modified":"2025-12-09T14:05:20","modified_gmt":"2025-12-09T13:05:20","slug":"wohnquartier-am-vogelsang-vili-viorel-paun-platz","status":"publish","type":"post","link":"https:\/\/www.vebowag.de\/en\/2025\/12\/01\/wohnquartier-am-vogelsang-vili-viorel-paun-platz\/","title":{"rendered":"Wohnquartier &#8220;Am Vogelsang&#8221;"},"content":{"rendered":"\n<p>In Endenich entstanden am Vili-Viorel-P\u0103un-Platz 2-6 und 1\/3 zwei Wohngeb\u00e4ude mit insgesamt 57 gef\u00f6rderten Wohnungen und einer Kindertagesst\u00e4tte.<\/p>\n\n\n\n<!--more-->\n\n\n\n<hr class=\"wp-block-separator has-css-opacity\"\/>\n\n\n\n<h4 class=\"wp-block-heading\">\u00dcberblick<\/h4>\n\n\n\n<ul class=\"wp-block-list\">\n<li>57 \u00f6ffentlich gef\u00f6rderten Wohnungen mit ca.&nbsp;4.320 m\u00b2 Wohnfl\u00e4che<\/li>\n\n\n\n<li>1- bis 5-Zimmer-Wohnungen&nbsp;mit&nbsp;Wohnfl\u00e4chen von&nbsp;46 bis 114&nbsp;m\u00b2<\/li>\n\n\n\n<li>alle Wohnungen mit Balkon oder Terrasse<\/li>\n\n\n\n<li>Aufzug<\/li>\n\n\n\n<li>barrierefreier Zugang zu allen Wohnungen<\/li>\n\n\n\n<li>zeitgem\u00e4\u00dfe B\u00e4der mit bodengleichen Duschen<\/li>\n\n\n\n<li>Glasfaseranschluss<\/li>\n\n\n\n<li>Nettokaltmiete bei Bezug: 7,22 bzw. 8,01 \u20ac<\/li>\n\n\n\n<li>Bezug erfolgte im Dezember 2025<\/li>\n<\/ul>\n\n\n\n<hr class=\"wp-block-separator has-alpha-channel-opacity\"\/>\n\n\n<div class=\"wp-block-image\">\n<figure class=\"aligncenter size-large\"><img loading=\"lazy\" decoding=\"async\" width=\"1024\" height=\"683\" src=\"https:\/\/www.vebowag.de\/wp-content\/uploads\/2024\/10\/VEBOWAG-Kolpingstr-Bau1_Vollmer21-1024x683.jpg\" alt=\"Vili-Viorel-P\u0103un-Platz 1\/3\" class=\"wp-image-8266\" srcset=\"https:\/\/www.vebowag.de\/wp-content\/uploads\/2024\/10\/VEBOWAG-Kolpingstr-Bau1_Vollmer21-1024x683.jpg 1024w, https:\/\/www.vebowag.de\/wp-content\/uploads\/2024\/10\/VEBOWAG-Kolpingstr-Bau1_Vollmer21-300x200.jpg 300w, https:\/\/www.vebowag.de\/wp-content\/uploads\/2024\/10\/VEBOWAG-Kolpingstr-Bau1_Vollmer21-768x512.jpg 768w, https:\/\/www.vebowag.de\/wp-content\/uploads\/2024\/10\/VEBOWAG-Kolpingstr-Bau1_Vollmer21-1536x1025.jpg 1536w\" sizes=\"(max-width: 1024px) 100vw, 1024px\" \/><figcaption class=\"wp-element-caption\">Vili-Viorel-P\u0103un-Platz 2-6<\/figcaption><\/figure><\/div>\n\n<div class=\"wp-block-image\">\n<figure class=\"aligncenter size-large\"><img loading=\"lazy\" decoding=\"async\" width=\"1024\" height=\"683\" src=\"https:\/\/www.vebowag.de\/wp-content\/uploads\/2024\/10\/VEBOWAG-Kolpingstr-Bau6_Vollmer09-1024x683.jpg\" alt=\"\" class=\"wp-image-8270\" srcset=\"https:\/\/www.vebowag.de\/wp-content\/uploads\/2024\/10\/VEBOWAG-Kolpingstr-Bau6_Vollmer09-1024x683.jpg 1024w, https:\/\/www.vebowag.de\/wp-content\/uploads\/2024\/10\/VEBOWAG-Kolpingstr-Bau6_Vollmer09-300x200.jpg 300w, https:\/\/www.vebowag.de\/wp-content\/uploads\/2024\/10\/VEBOWAG-Kolpingstr-Bau6_Vollmer09-768x512.jpg 768w, https:\/\/www.vebowag.de\/wp-content\/uploads\/2024\/10\/VEBOWAG-Kolpingstr-Bau6_Vollmer09-1536x1025.jpg 1536w\" sizes=\"(max-width: 1024px) 100vw, 1024px\" \/><figcaption class=\"wp-element-caption\">Vili-Viorel-P\u0103un-Platz 1\/3<\/figcaption><\/figure><\/div>\n\n\n<hr class=\"wp-block-separator has-alpha-channel-opacity\"\/>\n\n\n\n<p><\/p>\n","protected":false},"excerpt":{"rendered":"<p>In Endenich entstanden am Vili-Viorel-P\u0103un-Platz 2-6 und 1\/3 zwei Wohngeb\u00e4ude mit insgesamt 57 gef\u00f6rderten Wohnungen und einer Kindertagesst\u00e4tte.<\/p>\n","protected":false},"author":2,"featured_media":8266,"comment_status":"closed","ping_status":"open","sticky":false,"template":"","format":"standard","meta":{"_uag_custom_page_level_css":"","footnotes":""},"categories":[16],"tags":[],"class_list":["post-8078","post","type-post","status-publish","format-standard","has-post-thumbnail","hentry","category-abgeschlossene-projekte"],"translation":{"provider":"WPGlobus","version":"3.0.0","language":"en","enabled_languages":["de","en"],"languages":{"de":{"title":true,"content":true,"excerpt":false},"en":{"title":false,"content":false,"excerpt":false}}},"yoast_head":"<!-- This site is optimized with the Yoast SEO plugin v23.8 - https:\/\/yoast.com\/wordpress\/plugins\/seo\/ -->\n<title>Wohnquartier &quot;Am Vogelsang&quot; - VEBOWAG<\/title>\n<meta name=\"robots\" content=\"index, follow, max-snippet:-1, max-image-preview:large, max-video-preview:-1\" \/>\n<link rel=\"canonical\" href=\"https:\/\/www.vebowag.de\/2025\/12\/01\/wohnquartier-am-vogelsang-vili-viorel-paun-platz\/\" \/>\n<meta property=\"og:locale\" content=\"en_US\" \/>\n<meta property=\"og:type\" content=\"article\" \/>\n<meta property=\"og:title\" content=\"Wohnquartier &quot;Am Vogelsang&quot; - VEBOWAG\" \/>\n<meta property=\"og:url\" content=\"https:\/\/www.vebowag.de\/2025\/12\/01\/wohnquartier-am-vogelsang-vili-viorel-paun-platz\/\" \/>\n<meta property=\"og:site_name\" content=\"VEBOWAG\" \/>\n<meta property=\"article:publisher\" content=\"https:\/\/www.facebook.com\/vebowag\/\" \/>\n<meta property=\"article:published_time\" content=\"2025-12-01T16:59:00+00:00\" \/>\n<meta property=\"article:modified_time\" content=\"2025-12-09T13:05:20+00:00\" \/>\n<meta property=\"og:image\" content=\"https:\/\/www.vebowag.de\/wp-content\/uploads\/2024\/10\/VEBOWAG-Kolpingstr-Bau1_Vollmer21-1024x683.jpg\" \/>\n\t<meta property=\"og:image:width\" content=\"1024\" \/>\n\t<meta property=\"og:image:height\" content=\"683\" \/>\n\t<meta property=\"og:image:type\" content=\"image\/jpeg\" \/>\n<meta name=\"author\" content=\"Norbert Krey\" \/>\n<meta name=\"twitter:card\" content=\"summary_large_image\" \/>\n<meta name=\"twitter:creator\" content=\"@vebowag\" \/>\n<meta name=\"twitter:site\" content=\"@vebowag\" \/>\n<meta name=\"twitter:label1\" content=\"Written by\" \/>\n\t<meta name=\"twitter:data1\" content=\"Norbert Krey\" \/>\n\t<meta name=\"twitter:label2\" content=\"Est. reading time\" \/>\n\t<meta name=\"twitter:data2\" content=\"2 minutes\" \/>\n<script type=\"application\/ld+json\" class=\"yoast-schema-graph\">{\"@context\":\"https:\/\/schema.org\",\"@graph\":[{\"@type\":\"WebPage\",\"@id\":\"https:\/\/www.vebowag.de\/2025\/12\/01\/wohnquartier-am-vogelsang-vili-viorel-paun-platz\/\",\"url\":\"https:\/\/www.vebowag.de\/2025\/12\/01\/wohnquartier-am-vogelsang-vili-viorel-paun-platz\/\",\"name\":\"Wohnquartier \\\"Am Vogelsang\\\" - VEBOWAG\",\"isPartOf\":{\"@id\":\"https:\/\/www.vebowag.de\/#website\"},\"primaryImageOfPage\":{\"@id\":\"https:\/\/www.vebowag.de\/2025\/12\/01\/wohnquartier-am-vogelsang-vili-viorel-paun-platz\/#primaryimage\"},\"image\":{\"@id\":\"https:\/\/www.vebowag.de\/2025\/12\/01\/wohnquartier-am-vogelsang-vili-viorel-paun-platz\/#primaryimage\"},\"thumbnailUrl\":\"https:\/\/www.vebowag.de\/wp-content\/uploads\/2024\/10\/VEBOWAG-Kolpingstr-Bau1_Vollmer21.jpg\",\"datePublished\":\"2025-12-01T16:59:00+00:00\",\"dateModified\":\"2025-12-09T13:05:20+00:00\",\"author\":{\"@id\":\"https:\/\/www.vebowag.de\/#\/schema\/person\/6f4c6d2656bd6fd684af32a9708ca020\"},\"breadcrumb\":{\"@id\":\"https:\/\/www.vebowag.de\/2025\/12\/01\/wohnquartier-am-vogelsang-vili-viorel-paun-platz\/#breadcrumb\"},\"inLanguage\":\"en-EN\",\"potentialAction\":[{\"@type\":\"ReadAction\",\"target\":[\"https:\/\/www.vebowag.de\/2025\/12\/01\/wohnquartier-am-vogelsang-vili-viorel-paun-platz\/\"]}]},{\"@type\":\"ImageObject\",\"inLanguage\":\"en-EN\",\"@id\":\"https:\/\/www.vebowag.de\/2025\/12\/01\/wohnquartier-am-vogelsang-vili-viorel-paun-platz\/#primaryimage\",\"url\":\"https:\/\/www.vebowag.de\/wp-content\/uploads\/2024\/10\/VEBOWAG-Kolpingstr-Bau1_Vollmer21.jpg\",\"contentUrl\":\"https:\/\/www.vebowag.de\/wp-content\/uploads\/2024\/10\/VEBOWAG-Kolpingstr-Bau1_Vollmer21.jpg\",\"width\":8192,\"height\":5464},{\"@type\":\"BreadcrumbList\",\"@id\":\"https:\/\/www.vebowag.de\/2025\/12\/01\/wohnquartier-am-vogelsang-vili-viorel-paun-platz\/#breadcrumb\",\"itemListElement\":[{\"@type\":\"ListItem\",\"position\":1,\"name\":\"Home\",\"item\":\"https:\/\/www.vebowag.de\/\"},{\"@type\":\"ListItem\",\"position\":2,\"name\":\"Wohnquartier &#8220;Am Vogelsang&#8221;\"}]},{\"@type\":\"WebSite\",\"@id\":\"https:\/\/www.vebowag.de\/#website\",\"url\":\"https:\/\/www.vebowag.de\/\",\"name\":\"VEBOWAG\",\"description\":\"Mein Zuhause in Bonn\",\"potentialAction\":[{\"@type\":\"SearchAction\",\"target\":{\"@type\":\"EntryPoint\",\"urlTemplate\":\"https:\/\/www.vebowag.de\/?s={search_term_string}\"},\"query-input\":{\"@type\":\"PropertyValueSpecification\",\"valueRequired\":true,\"valueName\":\"search_term_string\"}}],\"inLanguage\":\"en-EN\"},{\"@type\":\"Person\",\"@id\":\"https:\/\/www.vebowag.de\/#\/schema\/person\/6f4c6d2656bd6fd684af32a9708ca020\",\"name\":\"Norbert Krey\",\"sameAs\":[\"http:\/\/www.vebowag.de\"],\"url\":\"https:\/\/www.vebowag.de\/en\/author\/krey\/\"}]}<\/script>\n<!-- \/ Yoast SEO plugin. -->","yoast_head_json":{"title":"Wohnquartier \"Am Vogelsang\" - VEBOWAG","robots":{"index":"index","follow":"follow","max-snippet":"max-snippet:-1","max-image-preview":"max-image-preview:large","max-video-preview":"max-video-preview:-1"},"canonical":"https:\/\/www.vebowag.de\/2025\/12\/01\/wohnquartier-am-vogelsang-vili-viorel-paun-platz\/","og_locale":"en_US","og_type":"article","og_title":"Wohnquartier \"Am Vogelsang\" - VEBOWAG","og_url":"https:\/\/www.vebowag.de\/2025\/12\/01\/wohnquartier-am-vogelsang-vili-viorel-paun-platz\/","og_site_name":"VEBOWAG","article_publisher":"https:\/\/www.facebook.com\/vebowag\/","article_published_time":"2025-12-01T16:59:00+00:00","article_modified_time":"2025-12-09T13:05:20+00:00","og_image":[{"width":1024,"height":683,"url":"https:\/\/www.vebowag.de\/wp-content\/uploads\/2024\/10\/VEBOWAG-Kolpingstr-Bau1_Vollmer21-1024x683.jpg","type":"image\/jpeg"}],"author":"Norbert Krey","twitter_card":"summary_large_image","twitter_creator":"@vebowag","twitter_site":"@vebowag","twitter_misc":{"Written by":"Norbert Krey","Est. reading time":"2 minutes"},"schema":{"@context":"https:\/\/schema.org","@graph":[{"@type":"WebPage","@id":"https:\/\/www.vebowag.de\/2025\/12\/01\/wohnquartier-am-vogelsang-vili-viorel-paun-platz\/","url":"https:\/\/www.vebowag.de\/2025\/12\/01\/wohnquartier-am-vogelsang-vili-viorel-paun-platz\/","name":"Wohnquartier \"Am Vogelsang\" - VEBOWAG","isPartOf":{"@id":"https:\/\/www.vebowag.de\/#website"},"primaryImageOfPage":{"@id":"https:\/\/www.vebowag.de\/2025\/12\/01\/wohnquartier-am-vogelsang-vili-viorel-paun-platz\/#primaryimage"},"image":{"@id":"https:\/\/www.vebowag.de\/2025\/12\/01\/wohnquartier-am-vogelsang-vili-viorel-paun-platz\/#primaryimage"},"thumbnailUrl":"https:\/\/www.vebowag.de\/wp-content\/uploads\/2024\/10\/VEBOWAG-Kolpingstr-Bau1_Vollmer21.jpg","datePublished":"2025-12-01T16:59:00+00:00","dateModified":"2025-12-09T13:05:20+00:00","author":{"@id":"https:\/\/www.vebowag.de\/#\/schema\/person\/6f4c6d2656bd6fd684af32a9708ca020"},"breadcrumb":{"@id":"https:\/\/www.vebowag.de\/2025\/12\/01\/wohnquartier-am-vogelsang-vili-viorel-paun-platz\/#breadcrumb"},"inLanguage":"en-EN","potentialAction":[{"@type":"ReadAction","target":["https:\/\/www.vebowag.de\/2025\/12\/01\/wohnquartier-am-vogelsang-vili-viorel-paun-platz\/"]}]},{"@type":"ImageObject","inLanguage":"en-EN","@id":"https:\/\/www.vebowag.de\/2025\/12\/01\/wohnquartier-am-vogelsang-vili-viorel-paun-platz\/#primaryimage","url":"https:\/\/www.vebowag.de\/wp-content\/uploads\/2024\/10\/VEBOWAG-Kolpingstr-Bau1_Vollmer21.jpg","contentUrl":"https:\/\/www.vebowag.de\/wp-content\/uploads\/2024\/10\/VEBOWAG-Kolpingstr-Bau1_Vollmer21.jpg","width":8192,"height":5464},{"@type":"BreadcrumbList","@id":"https:\/\/www.vebowag.de\/2025\/12\/01\/wohnquartier-am-vogelsang-vili-viorel-paun-platz\/#breadcrumb","itemListElement":[{"@type":"ListItem","position":1,"name":"Home","item":"https:\/\/www.vebowag.de\/"},{"@type":"ListItem","position":2,"name":"Wohnquartier &#8220;Am Vogelsang&#8221;"}]},{"@type":"WebSite","@id":"https:\/\/www.vebowag.de\/#website","url":"https:\/\/www.vebowag.de\/","name":"VEBOWAG","description":"Mein Zuhause in Bonn","potentialAction":[{"@type":"SearchAction","target":{"@type":"EntryPoint","urlTemplate":"https:\/\/www.vebowag.de\/?s={search_term_string}"},"query-input":{"@type":"PropertyValueSpecification","valueRequired":true,"valueName":"search_term_string"}}],"inLanguage":"en-EN"},{"@type":"Person","@id":"https:\/\/www.vebowag.de\/#\/schema\/person\/6f4c6d2656bd6fd684af32a9708ca020","name":"Norbert Krey","sameAs":["http:\/\/www.vebowag.de"],"url":"https:\/\/www.vebowag.de\/en\/author\/krey\/"}]}},"uagb_featured_image_src":{"full":["https:\/\/www.vebowag.de\/wp-content\/uploads\/2024\/10\/VEBOWAG-Kolpingstr-Bau1_Vollmer21.jpg",8192,5464,false],"thumbnail":["https:\/\/www.vebowag.de\/wp-content\/uploads\/2024\/10\/VEBOWAG-Kolpingstr-Bau1_Vollmer21-150x150.jpg",150,150,true],"medium":["https:\/\/www.vebowag.de\/wp-content\/uploads\/2024\/10\/VEBOWAG-Kolpingstr-Bau1_Vollmer21-300x200.jpg",300,200,true],"medium_large":["https:\/\/www.vebowag.de\/wp-content\/uploads\/2024\/10\/VEBOWAG-Kolpingstr-Bau1_Vollmer21-768x512.jpg",750,500,true],"large":["https:\/\/www.vebowag.de\/wp-content\/uploads\/2024\/10\/VEBOWAG-Kolpingstr-Bau1_Vollmer21-1024x683.jpg",750,500,true],"1536x1536":["https:\/\/www.vebowag.de\/wp-content\/uploads\/2024\/10\/VEBOWAG-Kolpingstr-Bau1_Vollmer21-1536x1025.jpg",1536,1025,true],"2048x2048":["https:\/\/www.vebowag.de\/wp-content\/uploads\/2024\/10\/VEBOWAG-Kolpingstr-Bau1_Vollmer21.jpg",2048,1366,false],"home":["https:\/\/www.vebowag.de\/wp-content\/uploads\/2024\/10\/VEBOWAG-Kolpingstr-Bau1_Vollmer21.jpg",150,100,false],"list":["https:\/\/www.vebowag.de\/wp-content\/uploads\/2024\/10\/VEBOWAG-Kolpingstr-Bau1_Vollmer21-200x125.jpg",200,125,true]},"uagb_author_info":{"display_name":"Norbert Krey","author_link":"https:\/\/www.vebowag.de\/en\/author\/krey\/"},"uagb_comment_info":0,"uagb_excerpt":"In Endenich entstanden am Vili-Viorel-P\u0103un-Platz 2-6 und 1\/3 zwei Wohngeb\u00e4ude mit insgesamt 57 gef\u00f6rderten Wohnungen und einer Kindertagesst\u00e4tte.","_links":{"self":[{"href":"https:\/\/www.vebowag.de\/en\/wp-json\/wp\/v2\/posts\/8078"}],"collection":[{"href":"https:\/\/www.vebowag.de\/en\/wp-json\/wp\/v2\/posts"}],"about":[{"href":"https:\/\/www.vebowag.de\/en\/wp-json\/wp\/v2\/types\/post"}],"author":[{"embeddable":true,"href":"https:\/\/www.vebowag.de\/en\/wp-json\/wp\/v2\/users\/2"}],"replies":[{"embeddable":true,"href":"https:\/\/www.vebowag.de\/en\/wp-json\/wp\/v2\/comments?post=8078"}],"version-history":[{"count":16,"href":"https:\/\/www.vebowag.de\/en\/wp-json\/wp\/v2\/posts\/8078\/revisions"}],"predecessor-version":[{"id":8699,"href":"https:\/\/www.vebowag.de\/en\/wp-json\/wp\/v2\/posts\/8078\/revisions\/8699"}],"wp:featuredmedia":[{"embeddable":true,"href":"https:\/\/www.vebowag.de\/en\/wp-json\/wp\/v2\/media\/8266"}],"wp:attachment":[{"href":"https:\/\/www.vebowag.de\/en\/wp-json\/wp\/v2\/media?parent=8078"}],"wp:term":[{"taxonomy":"category","embeddable":true,"href":"https:\/\/www.vebowag.de\/en\/wp-json\/wp\/v2\/categories?post=8078"},{"taxonomy":"post_tag","embeddable":true,"href":"https:\/\/www.vebowag.de\/en\/wp-json\/wp\/v2\/tags?post=8078"}],"curies":[{"name":"wp","href":"https:\/\/api.w.org\/{rel}","templated":true}]}}