{"id":7323,"date":"2022-06-03T11:31:00","date_gmt":"2022-06-03T09:31:00","guid":{"rendered":"https:\/\/www.vebowag.de\/?p=7323"},"modified":"2022-06-03T11:33:46","modified_gmt":"2022-06-03T09:33:46","slug":"mieterinformation-zum-zensus-2022","status":"publish","type":"post","link":"https:\/\/www.vebowag.de\/en\/2022\/06\/03\/mieterinformation-zum-zensus-2022\/","title":{"rendered":"Mieterinformation zum Zensus 2022"},"content":{"rendered":"\n<p>Die Vereinigte Bonner Wohnungsbau AG ist datenschutzrechtlich verantwortlich f\u00fcr die im Rahmen des Mietverh\u00e4ltnisses erforderliche Verarbeitung personenbezogener Daten. Aufgrund des Zensusgesetzes (ZensG 2022) sind wir als Ihr Vermieter verpflichtet, den Statistischen \u00c4mtern des Bundes und der L\u00e4nder neben wohnungsbezogenen Daten auch folgende personenbezogenen Angaben unserer Mieter zum Stichtag 15.05.2022 zu \u00fcbermitteln:<\/p>\n\n\n\n<p>1. Namen und Vornamen von bis zu zwei Personen, die die Wohnung nutzen:<\/p>\n\n\n\n<ul class=\"wp-block-list\"><li>hier \u00fcbermitteln wir jeweils die Namen und Vornamen unserer Vertragspartner<\/li><\/ul>\n\n\n\n<p>2. Zahl der Personen, die in der Wohnung wohnen:<\/p>\n\n\n\n<ul class=\"wp-block-list\"><li>hier \u00fcbermitteln wir die Anzahl der Vertragspartner, da uns die genaue Personenzahl i.d.R. nicht bekannt ist<\/li><\/ul>\n\n\n\n<p>Rechtsgrundlage hierf\u00fcr ist Artikel 6 Absatz 1 Buchstabe c Datenschutz-Grundverordnung (DSGVO) in Verbindung mit \u00a7 10 Abs. 2 ZensG 2022. Als Ihr Vermieter unterrichten wir Sie gem\u00e4\u00df Art. 13 Abs. 3 DSGVO \u00fcber diese Verwendung Ihrer personenbezogenen Daten. Die konkreten L\u00f6schungsfristen nach dem ZensG 2022 sind von den Statistischen \u00c4mtern des Bundes und der L\u00e4nder einzuhalten. Dar\u00fcber hinaus stehen Ihnen die Rechte aus Art. 13 bis 18, 21 und 77 DSGVO zu.<\/p>\n\n\n\n<hr class=\"wp-block-separator\"\/>\n\n\n\n<p><strong>Kontaktdaten des Verantwortlichen:<\/strong><\/p>\n\n\n\n<p>Vereinigte Bonner Wohnungsbau AG<\/p>\n\n\n\n<p>Godesberger Allee 20, 53175 Bonn<\/p>\n\n\n\n<p>E-Mail: info@vebowag.de<\/p>\n\n\n\n<hr class=\"wp-block-separator\"\/>\n\n\n\n<p><strong>Kontaktdaten des Datenschutzbeauftragen:<\/strong><\/p>\n\n\n\n<p>ImmoProConsult GmbH &#8211; Abt. Datenschutz<\/p>\n\n\n\n<p>Br\u00fcckenstra\u00dfe 5, 51379 Leverkusen<\/p>\n\n\n\n<p>E-Mail: datenschutz@immoproconsult.de<\/p>\n","protected":false},"excerpt":{"rendered":"<p>Die Vereinigte Bonner Wohnungsbau AG ist datenschutzrechtlich verantwortlich f\u00fcr die im Rahmen des Mietverh\u00e4ltnisses erforderliche Verarbeitung personenbezogener Daten. Aufgrund des Zensusgesetzes (ZensG 2022) sind wir als Ihr Vermieter verpflichtet, den Statistischen \u00c4mtern des Bundes und der L\u00e4nder neben wohnungsbezogenen Daten auch folgende personenbezogenen Angaben unserer Mieter zum Stichtag 15.05.2022 zu &#8230; <a class=\"read-more\" href=\"https:\/\/www.vebowag.de\/en\/2022\/06\/03\/mieterinformation-zum-zensus-2022\/\">Weiterlesen&nbsp;&raquo;<\/a><\/p>\n","protected":false},"author":2,"featured_media":0,"comment_status":"closed","ping_status":"open","sticky":false,"template":"","format":"standard","meta":{"_uag_custom_page_level_css":"","footnotes":""},"categories":[1],"tags":[],"class_list":["post-7323","post","type-post","status-publish","format-standard","hentry","category-aktuelles"],"translation":{"provider":"WPGlobus","version":"3.0.0","language":"en","enabled_languages":["de","en"],"languages":{"de":{"title":true,"content":true,"excerpt":false},"en":{"title":false,"content":false,"excerpt":false}}},"yoast_head":"<!-- This site is optimized with the Yoast SEO plugin v23.8 - https:\/\/yoast.com\/wordpress\/plugins\/seo\/ -->\n<title>Mieterinformation zum Zensus 2022 - VEBOWAG<\/title>\n<meta name=\"robots\" content=\"index, follow, max-snippet:-1, max-image-preview:large, max-video-preview:-1\" \/>\n<link rel=\"canonical\" href=\"https:\/\/www.vebowag.de\/2022\/06\/03\/mieterinformation-zum-zensus-2022\/\" \/>\n<meta property=\"og:locale\" content=\"en_US\" \/>\n<meta property=\"og:type\" content=\"article\" \/>\n<meta property=\"og:title\" content=\"Mieterinformation zum Zensus 2022 - VEBOWAG\" \/>\n<meta property=\"og:url\" content=\"https:\/\/www.vebowag.de\/2022\/06\/03\/mieterinformation-zum-zensus-2022\/\" \/>\n<meta property=\"og:site_name\" content=\"VEBOWAG\" \/>\n<meta property=\"article:publisher\" content=\"https:\/\/www.facebook.com\/vebowag\/\" \/>\n<meta property=\"article:published_time\" content=\"2022-06-03T09:31:00+00:00\" \/>\n<meta property=\"article:modified_time\" content=\"2022-06-03T09:33:46+00:00\" \/>\n<meta name=\"author\" content=\"Norbert Krey\" \/>\n<meta name=\"twitter:card\" content=\"summary_large_image\" \/>\n<meta name=\"twitter:creator\" content=\"@vebowag\" \/>\n<meta name=\"twitter:site\" content=\"@vebowag\" \/>\n<meta name=\"twitter:label1\" content=\"Written by\" \/>\n\t<meta name=\"twitter:data1\" content=\"Norbert Krey\" \/>\n\t<meta name=\"twitter:label2\" content=\"Est. reading time\" \/>\n\t<meta name=\"twitter:data2\" content=\"1 minute\" \/>\n<script type=\"application\/ld+json\" class=\"yoast-schema-graph\">{\"@context\":\"https:\/\/schema.org\",\"@graph\":[{\"@type\":\"WebPage\",\"@id\":\"https:\/\/www.vebowag.de\/2022\/06\/03\/mieterinformation-zum-zensus-2022\/\",\"url\":\"https:\/\/www.vebowag.de\/2022\/06\/03\/mieterinformation-zum-zensus-2022\/\",\"name\":\"Mieterinformation zum Zensus 2022 - VEBOWAG\",\"isPartOf\":{\"@id\":\"https:\/\/www.vebowag.de\/#website\"},\"datePublished\":\"2022-06-03T09:31:00+00:00\",\"dateModified\":\"2022-06-03T09:33:46+00:00\",\"author\":{\"@id\":\"https:\/\/www.vebowag.de\/#\/schema\/person\/6f4c6d2656bd6fd684af32a9708ca020\"},\"breadcrumb\":{\"@id\":\"https:\/\/www.vebowag.de\/2022\/06\/03\/mieterinformation-zum-zensus-2022\/#breadcrumb\"},\"inLanguage\":\"en-EN\",\"potentialAction\":[{\"@type\":\"ReadAction\",\"target\":[\"https:\/\/www.vebowag.de\/2022\/06\/03\/mieterinformation-zum-zensus-2022\/\"]}]},{\"@type\":\"BreadcrumbList\",\"@id\":\"https:\/\/www.vebowag.de\/2022\/06\/03\/mieterinformation-zum-zensus-2022\/#breadcrumb\",\"itemListElement\":[{\"@type\":\"ListItem\",\"position\":1,\"name\":\"Home\",\"item\":\"https:\/\/www.vebowag.de\/\"},{\"@type\":\"ListItem\",\"position\":2,\"name\":\"Mieterinformation zum Zensus 2022\"}]},{\"@type\":\"WebSite\",\"@id\":\"https:\/\/www.vebowag.de\/#website\",\"url\":\"https:\/\/www.vebowag.de\/\",\"name\":\"VEBOWAG\",\"description\":\"Mein Zuhause in Bonn\",\"potentialAction\":[{\"@type\":\"SearchAction\",\"target\":{\"@type\":\"EntryPoint\",\"urlTemplate\":\"https:\/\/www.vebowag.de\/?s={search_term_string}\"},\"query-input\":{\"@type\":\"PropertyValueSpecification\",\"valueRequired\":true,\"valueName\":\"search_term_string\"}}],\"inLanguage\":\"en-EN\"},{\"@type\":\"Person\",\"@id\":\"https:\/\/www.vebowag.de\/#\/schema\/person\/6f4c6d2656bd6fd684af32a9708ca020\",\"name\":\"Norbert Krey\",\"sameAs\":[\"http:\/\/www.vebowag.de\"],\"url\":\"https:\/\/www.vebowag.de\/en\/author\/krey\/\"}]}<\/script>\n<!-- \/ Yoast SEO plugin. -->","yoast_head_json":{"title":"Mieterinformation zum Zensus 2022 - VEBOWAG","robots":{"index":"index","follow":"follow","max-snippet":"max-snippet:-1","max-image-preview":"max-image-preview:large","max-video-preview":"max-video-preview:-1"},"canonical":"https:\/\/www.vebowag.de\/2022\/06\/03\/mieterinformation-zum-zensus-2022\/","og_locale":"en_US","og_type":"article","og_title":"Mieterinformation zum Zensus 2022 - VEBOWAG","og_url":"https:\/\/www.vebowag.de\/2022\/06\/03\/mieterinformation-zum-zensus-2022\/","og_site_name":"VEBOWAG","article_publisher":"https:\/\/www.facebook.com\/vebowag\/","article_published_time":"2022-06-03T09:31:00+00:00","article_modified_time":"2022-06-03T09:33:46+00:00","author":"Norbert Krey","twitter_card":"summary_large_image","twitter_creator":"@vebowag","twitter_site":"@vebowag","twitter_misc":{"Written by":"Norbert Krey","Est. reading time":"1 minute"},"schema":{"@context":"https:\/\/schema.org","@graph":[{"@type":"WebPage","@id":"https:\/\/www.vebowag.de\/2022\/06\/03\/mieterinformation-zum-zensus-2022\/","url":"https:\/\/www.vebowag.de\/2022\/06\/03\/mieterinformation-zum-zensus-2022\/","name":"Mieterinformation zum Zensus 2022 - VEBOWAG","isPartOf":{"@id":"https:\/\/www.vebowag.de\/#website"},"datePublished":"2022-06-03T09:31:00+00:00","dateModified":"2022-06-03T09:33:46+00:00","author":{"@id":"https:\/\/www.vebowag.de\/#\/schema\/person\/6f4c6d2656bd6fd684af32a9708ca020"},"breadcrumb":{"@id":"https:\/\/www.vebowag.de\/2022\/06\/03\/mieterinformation-zum-zensus-2022\/#breadcrumb"},"inLanguage":"en-EN","potentialAction":[{"@type":"ReadAction","target":["https:\/\/www.vebowag.de\/2022\/06\/03\/mieterinformation-zum-zensus-2022\/"]}]},{"@type":"BreadcrumbList","@id":"https:\/\/www.vebowag.de\/2022\/06\/03\/mieterinformation-zum-zensus-2022\/#breadcrumb","itemListElement":[{"@type":"ListItem","position":1,"name":"Home","item":"https:\/\/www.vebowag.de\/"},{"@type":"ListItem","position":2,"name":"Mieterinformation zum Zensus 2022"}]},{"@type":"WebSite","@id":"https:\/\/www.vebowag.de\/#website","url":"https:\/\/www.vebowag.de\/","name":"VEBOWAG","description":"Mein Zuhause in Bonn","potentialAction":[{"@type":"SearchAction","target":{"@type":"EntryPoint","urlTemplate":"https:\/\/www.vebowag.de\/?s={search_term_string}"},"query-input":{"@type":"PropertyValueSpecification","valueRequired":true,"valueName":"search_term_string"}}],"inLanguage":"en-EN"},{"@type":"Person","@id":"https:\/\/www.vebowag.de\/#\/schema\/person\/6f4c6d2656bd6fd684af32a9708ca020","name":"Norbert Krey","sameAs":["http:\/\/www.vebowag.de"],"url":"https:\/\/www.vebowag.de\/en\/author\/krey\/"}]}},"uagb_featured_image_src":{"full":false,"thumbnail":false,"medium":false,"medium_large":false,"large":false,"1536x1536":false,"2048x2048":false,"home":false,"list":false},"uagb_author_info":{"display_name":"Norbert Krey","author_link":"https:\/\/www.vebowag.de\/en\/author\/krey\/"},"uagb_comment_info":1,"uagb_excerpt":"Die Vereinigte Bonner Wohnungsbau AG ist datenschutzrechtlich verantwortlich f\u00fcr die im Rahmen des Mietverh\u00e4ltnisses erforderliche Verarbeitung personenbezogener Daten. Aufgrund des Zensusgesetzes (ZensG 2022) sind wir als Ihr Vermieter verpflichtet, den Statistischen \u00c4mtern des Bundes und der L\u00e4nder neben wohnungsbezogenen Daten auch folgende personenbezogenen Angaben unserer Mieter zum Stichtag 15.05.2022 zu ... Weiterlesen&nbsp;&raquo;","_links":{"self":[{"href":"https:\/\/www.vebowag.de\/en\/wp-json\/wp\/v2\/posts\/7323"}],"collection":[{"href":"https:\/\/www.vebowag.de\/en\/wp-json\/wp\/v2\/posts"}],"about":[{"href":"https:\/\/www.vebowag.de\/en\/wp-json\/wp\/v2\/types\/post"}],"author":[{"embeddable":true,"href":"https:\/\/www.vebowag.de\/en\/wp-json\/wp\/v2\/users\/2"}],"replies":[{"embeddable":true,"href":"https:\/\/www.vebowag.de\/en\/wp-json\/wp\/v2\/comments?post=7323"}],"version-history":[{"count":6,"href":"https:\/\/www.vebowag.de\/en\/wp-json\/wp\/v2\/posts\/7323\/revisions"}],"predecessor-version":[{"id":7330,"href":"https:\/\/www.vebowag.de\/en\/wp-json\/wp\/v2\/posts\/7323\/revisions\/7330"}],"wp:attachment":[{"href":"https:\/\/www.vebowag.de\/en\/wp-json\/wp\/v2\/media?parent=7323"}],"wp:term":[{"taxonomy":"category","embeddable":true,"href":"https:\/\/www.vebowag.de\/en\/wp-json\/wp\/v2\/categories?post=7323"},{"taxonomy":"post_tag","embeddable":true,"href":"https:\/\/www.vebowag.de\/en\/wp-json\/wp\/v2\/tags?post=7323"}],"curies":[{"name":"wp","href":"https:\/\/api.w.org\/{rel}","templated":true}]}}