{"id":7225,"date":"2022-04-05T10:45:00","date_gmt":"2022-04-05T08:45:00","guid":{"rendered":"https:\/\/www.vebowag.de\/?p=7225"},"modified":"2022-04-05T12:43:41","modified_gmt":"2022-04-05T10:43:41","slug":"wir-ziehen-um","status":"publish","type":"post","link":"https:\/\/www.vebowag.de\/en\/2022\/04\/05\/wir-ziehen-um\/","title":{"rendered":"Wir ziehen um!"},"content":{"rendered":"\n<h3 class=\"wp-block-heading\">Ab 25. April 2022 \u00e4ndert sich unsere Anschrift<\/h3>\n\n\n\n<p>Sehr geehrte Kunden und Gesch\u00e4ftspartner, <\/p>\n\n\n\n<p>ab dem <strong>25. April 2022<\/strong> erreichen Sie unsere Unternehmenszentrale unter folgender neuer Anschrift:&nbsp;<\/p>\n\n\n<p style=\"text-align: left;\"><span style=\"color: #000000;\"><strong>Vereinigte Bonner Wohnungsbau AG<\/strong><\/span><br \/><span style=\"color: #000000;\"><strong>Godesberger Allee 20<\/strong><\/span><br \/><span style=\"color: #000000;\"><strong>53175 Bonn<\/strong><\/span><\/p>\n\n\n<div class=\"wp-block-group is-layout-flow wp-block-group-is-layout-flow\"><div class=\"wp-block-group__inner-container\"><\/div><\/div>\n\n\n\n<p>Wir bitten Sie, dies f\u00fcr den Schriftverkehr mit uns zu ber\u00fccksichtigen. An den sonstigen Kontaktm\u00f6glichkeiten \u00e4ndert sich f\u00fcr Sie nichts. Telefonisch, per E-Mail und Fax sind wir weiterhin unter den bekannten Nummern und E-Mail-Adressen f\u00fcr Sie erreichbar.<\/p>\n\n\n\n<p>W\u00e4hrend der Umzugsphase kann es zwischen dem 21. und 26. April zu Einschr\u00e4nkungen in der Erreichbarkeit kommen.  Wir bitten um Ihr Verst\u00e4ndnis!<\/p>\n\n\n\n<p>Die Standorte unserer Kundencenter sind vom Umzug nicht betroffen.<\/p>\n\n\n\n<p>Wir freuen uns, Sie bei der n\u00e4chsten Gelegenheit in unseren neuen R\u00e4umlichkeiten begr\u00fc\u00dfen zu d\u00fcrfen!<\/p>\n\n\n\n<p><\/p>\n","protected":false},"excerpt":{"rendered":"<p>Ab dem 25. April 2022 erreichen Sie unsere Unternehmenszentrale unter folgender neuer Anschrift: <\/p>\n<p>Vereinigte Bonner Wohnungsbau AG, Godesberger Allee 20, 53175 Bonn.<\/p>\n<p>Wir bitten Sie, dies f\u00fcr den Schriftverkehr mit uns zu ber\u00fccksichtigen. An den sonstigen Kontaktm\u00f6glichkeiten \u00e4ndert sich f\u00fcr Sie nichts. Telefonisch, per E-Mail und Fax sind wir weiterhin unter den bekannten Nummern und E-Mail-Adressen f\u00fcr Sie erreichbar.<\/p>\n","protected":false},"author":2,"featured_media":0,"comment_status":"closed","ping_status":"open","sticky":false,"template":"","format":"standard","meta":{"_uag_custom_page_level_css":"","footnotes":""},"categories":[1],"tags":[],"class_list":["post-7225","post","type-post","status-publish","format-standard","hentry","category-aktuelles"],"translation":{"provider":"WPGlobus","version":"3.0.0","language":"en","enabled_languages":["de","en"],"languages":{"de":{"title":true,"content":true,"excerpt":true},"en":{"title":false,"content":false,"excerpt":false}}},"yoast_head":"<!-- This site is optimized with the Yoast SEO plugin v23.8 - https:\/\/yoast.com\/wordpress\/plugins\/seo\/ -->\n<title>Wir ziehen um! - VEBOWAG<\/title>\n<meta name=\"robots\" content=\"index, follow, max-snippet:-1, max-image-preview:large, max-video-preview:-1\" \/>\n<link rel=\"canonical\" href=\"https:\/\/www.vebowag.de\/en\/2022\/04\/05\/wir-ziehen-um\/\" \/>\n<meta property=\"og:locale\" content=\"en_US\" \/>\n<meta property=\"og:type\" content=\"article\" \/>\n<meta property=\"og:title\" content=\"Wir ziehen um! - VEBOWAG\" \/>\n<meta property=\"og:url\" content=\"https:\/\/www.vebowag.de\/en\/2022\/04\/05\/wir-ziehen-um\/\" \/>\n<meta property=\"og:site_name\" content=\"VEBOWAG\" \/>\n<meta property=\"article:publisher\" content=\"https:\/\/www.facebook.com\/vebowag\/\" \/>\n<meta property=\"article:published_time\" content=\"2022-04-05T08:45:00+00:00\" \/>\n<meta property=\"article:modified_time\" content=\"2022-04-05T10:43:41+00:00\" \/>\n<meta name=\"author\" content=\"Norbert Krey\" \/>\n<meta name=\"twitter:card\" content=\"summary_large_image\" \/>\n<meta name=\"twitter:creator\" content=\"@vebowag\" \/>\n<meta name=\"twitter:site\" content=\"@vebowag\" \/>\n<meta name=\"twitter:label1\" content=\"Written by\" \/>\n\t<meta name=\"twitter:data1\" content=\"Norbert Krey\" \/>\n\t<meta name=\"twitter:label2\" content=\"Est. reading time\" \/>\n\t<meta name=\"twitter:data2\" content=\"1 minute\" \/>\n<script type=\"application\/ld+json\" class=\"yoast-schema-graph\">{\"@context\":\"https:\/\/schema.org\",\"@graph\":[{\"@type\":\"WebPage\",\"@id\":\"https:\/\/www.vebowag.de\/en\/2022\/04\/05\/wir-ziehen-um\/\",\"url\":\"https:\/\/www.vebowag.de\/en\/2022\/04\/05\/wir-ziehen-um\/\",\"name\":\"Wir ziehen um! - VEBOWAG\",\"isPartOf\":{\"@id\":\"https:\/\/www.vebowag.de\/#website\"},\"datePublished\":\"2022-04-05T08:45:00+00:00\",\"dateModified\":\"2022-04-05T10:43:41+00:00\",\"author\":{\"@id\":\"https:\/\/www.vebowag.de\/#\/schema\/person\/6f4c6d2656bd6fd684af32a9708ca020\"},\"breadcrumb\":{\"@id\":\"https:\/\/www.vebowag.de\/en\/2022\/04\/05\/wir-ziehen-um\/#breadcrumb\"},\"inLanguage\":\"en-EN\",\"potentialAction\":[{\"@type\":\"ReadAction\",\"target\":[\"https:\/\/www.vebowag.de\/en\/2022\/04\/05\/wir-ziehen-um\/\"]}]},{\"@type\":\"BreadcrumbList\",\"@id\":\"https:\/\/www.vebowag.de\/en\/2022\/04\/05\/wir-ziehen-um\/#breadcrumb\",\"itemListElement\":[{\"@type\":\"ListItem\",\"position\":1,\"name\":\"Home\",\"item\":\"https:\/\/www.vebowag.de\/\"},{\"@type\":\"ListItem\",\"position\":2,\"name\":\"Wir ziehen um!\"}]},{\"@type\":\"WebSite\",\"@id\":\"https:\/\/www.vebowag.de\/#website\",\"url\":\"https:\/\/www.vebowag.de\/\",\"name\":\"VEBOWAG\",\"description\":\"Mein Zuhause in Bonn\",\"potentialAction\":[{\"@type\":\"SearchAction\",\"target\":{\"@type\":\"EntryPoint\",\"urlTemplate\":\"https:\/\/www.vebowag.de\/?s={search_term_string}\"},\"query-input\":{\"@type\":\"PropertyValueSpecification\",\"valueRequired\":true,\"valueName\":\"search_term_string\"}}],\"inLanguage\":\"en-EN\"},{\"@type\":\"Person\",\"@id\":\"https:\/\/www.vebowag.de\/#\/schema\/person\/6f4c6d2656bd6fd684af32a9708ca020\",\"name\":\"Norbert Krey\",\"sameAs\":[\"http:\/\/www.vebowag.de\"],\"url\":\"https:\/\/www.vebowag.de\/en\/author\/krey\/\"}]}<\/script>\n<!-- \/ Yoast SEO plugin. -->","yoast_head_json":{"title":"Wir ziehen um! - VEBOWAG","robots":{"index":"index","follow":"follow","max-snippet":"max-snippet:-1","max-image-preview":"max-image-preview:large","max-video-preview":"max-video-preview:-1"},"canonical":"https:\/\/www.vebowag.de\/en\/2022\/04\/05\/wir-ziehen-um\/","og_locale":"en_US","og_type":"article","og_title":"Wir ziehen um! - VEBOWAG","og_url":"https:\/\/www.vebowag.de\/en\/2022\/04\/05\/wir-ziehen-um\/","og_site_name":"VEBOWAG","article_publisher":"https:\/\/www.facebook.com\/vebowag\/","article_published_time":"2022-04-05T08:45:00+00:00","article_modified_time":"2022-04-05T10:43:41+00:00","author":"Norbert Krey","twitter_card":"summary_large_image","twitter_creator":"@vebowag","twitter_site":"@vebowag","twitter_misc":{"Written by":"Norbert Krey","Est. reading time":"1 minute"},"schema":{"@context":"https:\/\/schema.org","@graph":[{"@type":"WebPage","@id":"https:\/\/www.vebowag.de\/en\/2022\/04\/05\/wir-ziehen-um\/","url":"https:\/\/www.vebowag.de\/en\/2022\/04\/05\/wir-ziehen-um\/","name":"Wir ziehen um! - VEBOWAG","isPartOf":{"@id":"https:\/\/www.vebowag.de\/#website"},"datePublished":"2022-04-05T08:45:00+00:00","dateModified":"2022-04-05T10:43:41+00:00","author":{"@id":"https:\/\/www.vebowag.de\/#\/schema\/person\/6f4c6d2656bd6fd684af32a9708ca020"},"breadcrumb":{"@id":"https:\/\/www.vebowag.de\/en\/2022\/04\/05\/wir-ziehen-um\/#breadcrumb"},"inLanguage":"en-EN","potentialAction":[{"@type":"ReadAction","target":["https:\/\/www.vebowag.de\/en\/2022\/04\/05\/wir-ziehen-um\/"]}]},{"@type":"BreadcrumbList","@id":"https:\/\/www.vebowag.de\/en\/2022\/04\/05\/wir-ziehen-um\/#breadcrumb","itemListElement":[{"@type":"ListItem","position":1,"name":"Home","item":"https:\/\/www.vebowag.de\/"},{"@type":"ListItem","position":2,"name":"Wir ziehen um!"}]},{"@type":"WebSite","@id":"https:\/\/www.vebowag.de\/#website","url":"https:\/\/www.vebowag.de\/","name":"VEBOWAG","description":"Mein Zuhause in Bonn","potentialAction":[{"@type":"SearchAction","target":{"@type":"EntryPoint","urlTemplate":"https:\/\/www.vebowag.de\/?s={search_term_string}"},"query-input":{"@type":"PropertyValueSpecification","valueRequired":true,"valueName":"search_term_string"}}],"inLanguage":"en-EN"},{"@type":"Person","@id":"https:\/\/www.vebowag.de\/#\/schema\/person\/6f4c6d2656bd6fd684af32a9708ca020","name":"Norbert Krey","sameAs":["http:\/\/www.vebowag.de"],"url":"https:\/\/www.vebowag.de\/en\/author\/krey\/"}]}},"uagb_featured_image_src":{"full":false,"thumbnail":false,"medium":false,"medium_large":false,"large":false,"1536x1536":false,"2048x2048":false,"home":false,"list":false},"uagb_author_info":{"display_name":"Norbert Krey","author_link":"https:\/\/www.vebowag.de\/en\/author\/krey\/"},"uagb_comment_info":0,"uagb_excerpt":"Ab dem 25. April 2022 erreichen Sie unsere Unternehmenszentrale unter folgender neuer Anschrift: Vereinigte Bonner Wohnungsbau AG, Godesberger Allee 20, 53175 Bonn. Wir bitten Sie, dies f\u00fcr den Schriftverkehr mit uns zu ber\u00fccksichtigen. An den sonstigen Kontaktm\u00f6glichkeiten \u00e4ndert sich f\u00fcr Sie nichts. Telefonisch, per E-Mail und Fax sind wir weiterhin unter den bekannten Nummern und&hellip;","_links":{"self":[{"href":"https:\/\/www.vebowag.de\/en\/wp-json\/wp\/v2\/posts\/7225"}],"collection":[{"href":"https:\/\/www.vebowag.de\/en\/wp-json\/wp\/v2\/posts"}],"about":[{"href":"https:\/\/www.vebowag.de\/en\/wp-json\/wp\/v2\/types\/post"}],"author":[{"embeddable":true,"href":"https:\/\/www.vebowag.de\/en\/wp-json\/wp\/v2\/users\/2"}],"replies":[{"embeddable":true,"href":"https:\/\/www.vebowag.de\/en\/wp-json\/wp\/v2\/comments?post=7225"}],"version-history":[{"count":10,"href":"https:\/\/www.vebowag.de\/en\/wp-json\/wp\/v2\/posts\/7225\/revisions"}],"predecessor-version":[{"id":7238,"href":"https:\/\/www.vebowag.de\/en\/wp-json\/wp\/v2\/posts\/7225\/revisions\/7238"}],"wp:attachment":[{"href":"https:\/\/www.vebowag.de\/en\/wp-json\/wp\/v2\/media?parent=7225"}],"wp:term":[{"taxonomy":"category","embeddable":true,"href":"https:\/\/www.vebowag.de\/en\/wp-json\/wp\/v2\/categories?post=7225"},{"taxonomy":"post_tag","embeddable":true,"href":"https:\/\/www.vebowag.de\/en\/wp-json\/wp\/v2\/tags?post=7225"}],"curies":[{"name":"wp","href":"https:\/\/api.w.org\/{rel}","templated":true}]}}