{"id":7159,"date":"2021-11-12T13:44:42","date_gmt":"2021-11-12T12:44:42","guid":{"rendered":"https:\/\/www.vebowag.de\/?p=7159"},"modified":"2021-12-10T09:43:42","modified_gmt":"2021-12-10T08:43:42","slug":"regelung-fuer-den-zutritt-zu-unseren-geschaeftsraeumen","status":"publish","type":"post","link":"https:\/\/www.vebowag.de\/en\/2021\/11\/12\/regelung-fuer-den-zutritt-zu-unseren-geschaeftsraeumen\/","title":{"rendered":"Regelung f\u00fcr den Zutritt zu unseren Gesch\u00e4ftsr\u00e4umen"},"content":{"rendered":"\n<h2 class=\"wp-block-heading\">Ab dem 15. November 2021 gilt bei uns mindestens die 3G-Regel!<\/h2>\n\n\n\n<p><\/p>\n\n\n\n<figure class=\"wp-block-image size-large\"><img decoding=\"async\" src=\"https:\/\/www.vebowag.de\/wp-content\/uploads\/2021\/11\/Corona-e1636720531119-1024x409.png\" alt=\"\" class=\"wp-image-7150\"\/><\/figure>\n\n\n\n<p>Angesichts der steigenden Infektionszahlen hat sich die VEBOWAG dazu entschieden, die Gesch\u00e4ftsr\u00e4ume f\u00fcr den Publikumsverkehr ausschlie\u00dflich unter Einhaltung der <strong>3G-Regel<\/strong> zu \u00f6ffnen. F\u00fcr das -Tenten- Haus der Begegnung innerhalb unserer Seniorenwohnanlage \u201eAn der Wolfsburg\u201c ist der Besuch nur noch im Rahmen der <strong>2G-Regel<\/strong> m\u00f6glich.<\/p>\n\n\n\n<p>Der Zutritt zur VEBOWAG-Zentrale und zu den einzelnen Kundencentern ist daher nur noch nach vorheriger Terminvereinbarung und Beachtung der 3G-Regel m\u00f6glich. F\u00fcr den Besuch bedeutet dies, dass einer der nachfolgenden offiziellen Nachweise zu erbringen ist:<\/p>\n\n\n\n<ul class=\"wp-block-list\"><li>Nachweis einer vollst\u00e4ndigen Corona-Schutzimpfung (Impfpass oder digital)<\/li><\/ul>\n\n\n\n<ul class=\"wp-block-list\"><li>Nachweis einer vollst\u00e4ndigen Genesung einer Corona-Infektion (= positives PCR-Testergebnis, das mindestens 28 Tage sowie maximal sechs Monate zur\u00fcckliegt)<\/li><\/ul>\n\n\n\n<ul class=\"wp-block-list\"><li>Nachweis eines aktuellen negativen Corona-Tests (Antigen-Schnelltest nicht \u00e4lter als 24 Stunden oder PCR-Test nicht \u00e4lter als 24 Stunden)<\/li><\/ul>\n\n\n\n<p>Die <strong>Maskenpflicht<\/strong> (medizinische Maske oder FFP2-Maske) gilt weiterhin f\u00fcr alle Besucher.<\/p>\n\n\n\n<p>Nach wie vor k\u00f6nnen viele Anliegen ganz einfach und schnell per Telefon oder E-Mail erledigt werden.<\/p>\n\n\n\n<p>Vielen Dank f\u00fcr Ihr Verst\u00e4ndnis und bleiben Sie gesund!<\/p>\n\n\n\n<p>Ihre VEBOWAG<\/p>\n","protected":false},"excerpt":{"rendered":"<p>Ab dem 15. November 2021 gilt bei uns mindestens die 3G-Regel! Angesichts der steigenden Infektionszahlen hat sich die VEBOWAG dazu entschieden, die Gesch\u00e4ftsr\u00e4ume f\u00fcr den Publikumsverkehr ausschlie\u00dflich unter Einhaltung der 3G-Regel zu \u00f6ffnen. F\u00fcr das -Tenten- Haus der Begegnung innerhalb unserer Seniorenwohnanlage \u201eAn der Wolfsburg\u201c ist der Besuch nur noch &#8230; <a class=\"read-more\" href=\"https:\/\/www.vebowag.de\/en\/2021\/11\/12\/regelung-fuer-den-zutritt-zu-unseren-geschaeftsraeumen\/\">Weiterlesen&nbsp;&raquo;<\/a><\/p>\n","protected":false},"author":2,"featured_media":0,"comment_status":"closed","ping_status":"open","sticky":false,"template":"","format":"standard","meta":{"_uag_custom_page_level_css":"","footnotes":""},"categories":[1],"tags":[],"class_list":["post-7159","post","type-post","status-publish","format-standard","hentry","category-aktuelles"],"translation":{"provider":"WPGlobus","version":"3.0.0","language":"en","enabled_languages":["de","en"],"languages":{"de":{"title":true,"content":true,"excerpt":false},"en":{"title":false,"content":false,"excerpt":false}}},"yoast_head":"<!-- This site is optimized with the Yoast SEO plugin v23.8 - https:\/\/yoast.com\/wordpress\/plugins\/seo\/ -->\n<title>Regelung f\u00fcr den Zutritt zu unseren Gesch\u00e4ftsr\u00e4umen - VEBOWAG<\/title>\n<meta name=\"robots\" content=\"index, follow, max-snippet:-1, max-image-preview:large, max-video-preview:-1\" \/>\n<link rel=\"canonical\" href=\"https:\/\/www.vebowag.de\/2021\/11\/12\/regelung-fuer-den-zutritt-zu-unseren-geschaeftsraeumen\/\" \/>\n<meta property=\"og:locale\" content=\"en_US\" \/>\n<meta property=\"og:type\" content=\"article\" \/>\n<meta property=\"og:title\" content=\"Regelung f\u00fcr den Zutritt zu unseren Gesch\u00e4ftsr\u00e4umen - VEBOWAG\" \/>\n<meta property=\"og:url\" content=\"https:\/\/www.vebowag.de\/2021\/11\/12\/regelung-fuer-den-zutritt-zu-unseren-geschaeftsraeumen\/\" \/>\n<meta property=\"og:site_name\" content=\"VEBOWAG\" \/>\n<meta property=\"article:publisher\" content=\"https:\/\/www.facebook.com\/vebowag\/\" \/>\n<meta property=\"article:published_time\" content=\"2021-11-12T12:44:42+00:00\" \/>\n<meta property=\"article:modified_time\" content=\"2021-12-10T08:43:42+00:00\" \/>\n<meta property=\"og:image\" content=\"https:\/\/www.vebowag.de\/wp-content\/uploads\/2021\/11\/Corona-e1636720531119-1024x409.png\" \/>\n<meta name=\"author\" content=\"Norbert Krey\" \/>\n<meta name=\"twitter:card\" content=\"summary_large_image\" \/>\n<meta name=\"twitter:creator\" content=\"@vebowag\" \/>\n<meta name=\"twitter:site\" content=\"@vebowag\" \/>\n<meta name=\"twitter:label1\" content=\"Written by\" \/>\n\t<meta name=\"twitter:data1\" content=\"Norbert Krey\" \/>\n\t<meta name=\"twitter:label2\" content=\"Est. reading time\" \/>\n\t<meta name=\"twitter:data2\" content=\"1 minute\" \/>\n<script type=\"application\/ld+json\" class=\"yoast-schema-graph\">{\"@context\":\"https:\/\/schema.org\",\"@graph\":[{\"@type\":\"WebPage\",\"@id\":\"https:\/\/www.vebowag.de\/2021\/11\/12\/regelung-fuer-den-zutritt-zu-unseren-geschaeftsraeumen\/\",\"url\":\"https:\/\/www.vebowag.de\/2021\/11\/12\/regelung-fuer-den-zutritt-zu-unseren-geschaeftsraeumen\/\",\"name\":\"Regelung f\u00fcr den Zutritt zu unseren Gesch\u00e4ftsr\u00e4umen - VEBOWAG\",\"isPartOf\":{\"@id\":\"https:\/\/www.vebowag.de\/#website\"},\"primaryImageOfPage\":{\"@id\":\"https:\/\/www.vebowag.de\/2021\/11\/12\/regelung-fuer-den-zutritt-zu-unseren-geschaeftsraeumen\/#primaryimage\"},\"image\":{\"@id\":\"https:\/\/www.vebowag.de\/2021\/11\/12\/regelung-fuer-den-zutritt-zu-unseren-geschaeftsraeumen\/#primaryimage\"},\"thumbnailUrl\":\"https:\/\/www.vebowag.de\/wp-content\/uploads\/2021\/11\/Corona-e1636720531119-1024x409.png\",\"datePublished\":\"2021-11-12T12:44:42+00:00\",\"dateModified\":\"2021-12-10T08:43:42+00:00\",\"author\":{\"@id\":\"https:\/\/www.vebowag.de\/#\/schema\/person\/6f4c6d2656bd6fd684af32a9708ca020\"},\"breadcrumb\":{\"@id\":\"https:\/\/www.vebowag.de\/2021\/11\/12\/regelung-fuer-den-zutritt-zu-unseren-geschaeftsraeumen\/#breadcrumb\"},\"inLanguage\":\"en-EN\",\"potentialAction\":[{\"@type\":\"ReadAction\",\"target\":[\"https:\/\/www.vebowag.de\/2021\/11\/12\/regelung-fuer-den-zutritt-zu-unseren-geschaeftsraeumen\/\"]}]},{\"@type\":\"ImageObject\",\"inLanguage\":\"en-EN\",\"@id\":\"https:\/\/www.vebowag.de\/2021\/11\/12\/regelung-fuer-den-zutritt-zu-unseren-geschaeftsraeumen\/#primaryimage\",\"url\":\"https:\/\/www.vebowag.de\/wp-content\/uploads\/2021\/11\/Corona-e1636720531119-1024x409.png\",\"contentUrl\":\"https:\/\/www.vebowag.de\/wp-content\/uploads\/2021\/11\/Corona-e1636720531119-1024x409.png\"},{\"@type\":\"BreadcrumbList\",\"@id\":\"https:\/\/www.vebowag.de\/2021\/11\/12\/regelung-fuer-den-zutritt-zu-unseren-geschaeftsraeumen\/#breadcrumb\",\"itemListElement\":[{\"@type\":\"ListItem\",\"position\":1,\"name\":\"Home\",\"item\":\"https:\/\/www.vebowag.de\/\"},{\"@type\":\"ListItem\",\"position\":2,\"name\":\"Regelung f\u00fcr den Zutritt zu unseren Gesch\u00e4ftsr\u00e4umen\"}]},{\"@type\":\"WebSite\",\"@id\":\"https:\/\/www.vebowag.de\/#website\",\"url\":\"https:\/\/www.vebowag.de\/\",\"name\":\"VEBOWAG\",\"description\":\"Mein Zuhause in Bonn\",\"potentialAction\":[{\"@type\":\"SearchAction\",\"target\":{\"@type\":\"EntryPoint\",\"urlTemplate\":\"https:\/\/www.vebowag.de\/?s={search_term_string}\"},\"query-input\":{\"@type\":\"PropertyValueSpecification\",\"valueRequired\":true,\"valueName\":\"search_term_string\"}}],\"inLanguage\":\"en-EN\"},{\"@type\":\"Person\",\"@id\":\"https:\/\/www.vebowag.de\/#\/schema\/person\/6f4c6d2656bd6fd684af32a9708ca020\",\"name\":\"Norbert Krey\",\"sameAs\":[\"http:\/\/www.vebowag.de\"],\"url\":\"https:\/\/www.vebowag.de\/en\/author\/krey\/\"}]}<\/script>\n<!-- \/ Yoast SEO plugin. -->","yoast_head_json":{"title":"Regelung f\u00fcr den Zutritt zu unseren Gesch\u00e4ftsr\u00e4umen - VEBOWAG","robots":{"index":"index","follow":"follow","max-snippet":"max-snippet:-1","max-image-preview":"max-image-preview:large","max-video-preview":"max-video-preview:-1"},"canonical":"https:\/\/www.vebowag.de\/2021\/11\/12\/regelung-fuer-den-zutritt-zu-unseren-geschaeftsraeumen\/","og_locale":"en_US","og_type":"article","og_title":"Regelung f\u00fcr den Zutritt zu unseren Gesch\u00e4ftsr\u00e4umen - VEBOWAG","og_url":"https:\/\/www.vebowag.de\/2021\/11\/12\/regelung-fuer-den-zutritt-zu-unseren-geschaeftsraeumen\/","og_site_name":"VEBOWAG","article_publisher":"https:\/\/www.facebook.com\/vebowag\/","article_published_time":"2021-11-12T12:44:42+00:00","article_modified_time":"2021-12-10T08:43:42+00:00","og_image":[{"url":"https:\/\/www.vebowag.de\/wp-content\/uploads\/2021\/11\/Corona-e1636720531119-1024x409.png"}],"author":"Norbert Krey","twitter_card":"summary_large_image","twitter_creator":"@vebowag","twitter_site":"@vebowag","twitter_misc":{"Written by":"Norbert Krey","Est. reading time":"1 minute"},"schema":{"@context":"https:\/\/schema.org","@graph":[{"@type":"WebPage","@id":"https:\/\/www.vebowag.de\/2021\/11\/12\/regelung-fuer-den-zutritt-zu-unseren-geschaeftsraeumen\/","url":"https:\/\/www.vebowag.de\/2021\/11\/12\/regelung-fuer-den-zutritt-zu-unseren-geschaeftsraeumen\/","name":"Regelung f\u00fcr den Zutritt zu unseren Gesch\u00e4ftsr\u00e4umen - VEBOWAG","isPartOf":{"@id":"https:\/\/www.vebowag.de\/#website"},"primaryImageOfPage":{"@id":"https:\/\/www.vebowag.de\/2021\/11\/12\/regelung-fuer-den-zutritt-zu-unseren-geschaeftsraeumen\/#primaryimage"},"image":{"@id":"https:\/\/www.vebowag.de\/2021\/11\/12\/regelung-fuer-den-zutritt-zu-unseren-geschaeftsraeumen\/#primaryimage"},"thumbnailUrl":"https:\/\/www.vebowag.de\/wp-content\/uploads\/2021\/11\/Corona-e1636720531119-1024x409.png","datePublished":"2021-11-12T12:44:42+00:00","dateModified":"2021-12-10T08:43:42+00:00","author":{"@id":"https:\/\/www.vebowag.de\/#\/schema\/person\/6f4c6d2656bd6fd684af32a9708ca020"},"breadcrumb":{"@id":"https:\/\/www.vebowag.de\/2021\/11\/12\/regelung-fuer-den-zutritt-zu-unseren-geschaeftsraeumen\/#breadcrumb"},"inLanguage":"en-EN","potentialAction":[{"@type":"ReadAction","target":["https:\/\/www.vebowag.de\/2021\/11\/12\/regelung-fuer-den-zutritt-zu-unseren-geschaeftsraeumen\/"]}]},{"@type":"ImageObject","inLanguage":"en-EN","@id":"https:\/\/www.vebowag.de\/2021\/11\/12\/regelung-fuer-den-zutritt-zu-unseren-geschaeftsraeumen\/#primaryimage","url":"https:\/\/www.vebowag.de\/wp-content\/uploads\/2021\/11\/Corona-e1636720531119-1024x409.png","contentUrl":"https:\/\/www.vebowag.de\/wp-content\/uploads\/2021\/11\/Corona-e1636720531119-1024x409.png"},{"@type":"BreadcrumbList","@id":"https:\/\/www.vebowag.de\/2021\/11\/12\/regelung-fuer-den-zutritt-zu-unseren-geschaeftsraeumen\/#breadcrumb","itemListElement":[{"@type":"ListItem","position":1,"name":"Home","item":"https:\/\/www.vebowag.de\/"},{"@type":"ListItem","position":2,"name":"Regelung f\u00fcr den Zutritt zu unseren Gesch\u00e4ftsr\u00e4umen"}]},{"@type":"WebSite","@id":"https:\/\/www.vebowag.de\/#website","url":"https:\/\/www.vebowag.de\/","name":"VEBOWAG","description":"Mein Zuhause in Bonn","potentialAction":[{"@type":"SearchAction","target":{"@type":"EntryPoint","urlTemplate":"https:\/\/www.vebowag.de\/?s={search_term_string}"},"query-input":{"@type":"PropertyValueSpecification","valueRequired":true,"valueName":"search_term_string"}}],"inLanguage":"en-EN"},{"@type":"Person","@id":"https:\/\/www.vebowag.de\/#\/schema\/person\/6f4c6d2656bd6fd684af32a9708ca020","name":"Norbert Krey","sameAs":["http:\/\/www.vebowag.de"],"url":"https:\/\/www.vebowag.de\/en\/author\/krey\/"}]}},"uagb_featured_image_src":{"full":false,"thumbnail":false,"medium":false,"medium_large":false,"large":false,"1536x1536":false,"2048x2048":false,"home":false,"list":false},"uagb_author_info":{"display_name":"Norbert Krey","author_link":"https:\/\/www.vebowag.de\/en\/author\/krey\/"},"uagb_comment_info":0,"uagb_excerpt":"Ab dem 15. November 2021 gilt bei uns mindestens die 3G-Regel! Angesichts der steigenden Infektionszahlen hat sich die VEBOWAG dazu entschieden, die Gesch\u00e4ftsr\u00e4ume f\u00fcr den Publikumsverkehr ausschlie\u00dflich unter Einhaltung der 3G-Regel zu \u00f6ffnen. F\u00fcr das -Tenten- Haus der Begegnung innerhalb unserer Seniorenwohnanlage \u201eAn der Wolfsburg\u201c ist der Besuch nur noch ... Weiterlesen&nbsp;&raquo;","_links":{"self":[{"href":"https:\/\/www.vebowag.de\/en\/wp-json\/wp\/v2\/posts\/7159"}],"collection":[{"href":"https:\/\/www.vebowag.de\/en\/wp-json\/wp\/v2\/posts"}],"about":[{"href":"https:\/\/www.vebowag.de\/en\/wp-json\/wp\/v2\/types\/post"}],"author":[{"embeddable":true,"href":"https:\/\/www.vebowag.de\/en\/wp-json\/wp\/v2\/users\/2"}],"replies":[{"embeddable":true,"href":"https:\/\/www.vebowag.de\/en\/wp-json\/wp\/v2\/comments?post=7159"}],"version-history":[{"count":14,"href":"https:\/\/www.vebowag.de\/en\/wp-json\/wp\/v2\/posts\/7159\/revisions"}],"predecessor-version":[{"id":7205,"href":"https:\/\/www.vebowag.de\/en\/wp-json\/wp\/v2\/posts\/7159\/revisions\/7205"}],"wp:attachment":[{"href":"https:\/\/www.vebowag.de\/en\/wp-json\/wp\/v2\/media?parent=7159"}],"wp:term":[{"taxonomy":"category","embeddable":true,"href":"https:\/\/www.vebowag.de\/en\/wp-json\/wp\/v2\/categories?post=7159"},{"taxonomy":"post_tag","embeddable":true,"href":"https:\/\/www.vebowag.de\/en\/wp-json\/wp\/v2\/tags?post=7159"}],"curies":[{"name":"wp","href":"https:\/\/api.w.org\/{rel}","templated":true}]}}