{"id":7123,"date":"2021-10-08T09:17:02","date_gmt":"2021-10-08T07:17:02","guid":{"rendered":"https:\/\/www.vebowag.de\/?p=7123"},"modified":"2021-10-08T10:09:59","modified_gmt":"2021-10-08T08:09:59","slug":"weitere-36-gefoerderte-wohnungen-in-bad-godesberg-fertiggestellt","status":"publish","type":"post","link":"https:\/\/www.vebowag.de\/en\/2021\/10\/08\/weitere-36-gefoerderte-wohnungen-in-bad-godesberg-fertiggestellt\/","title":{"rendered":"Weitere 36 gef\u00f6rderte Wohnungen in Bad Godesberg fertiggestellt"},"content":{"rendered":"\n<p>Nachdem im Sommer bereits der Neubau Steinstra\u00dfe 62 mit 31 gef\u00f6rderten Wohnungen bezogen wurde, konnten zum 1. Oktober jetzt weitere 36 \u00f6ffentlich gef\u00f6rderte Wohnungen in der Dietrichstra\u00dfe 58\/60 an die neuen Bewohner \u00fcbergeben werden.<\/p>\n\n\n\n<div class=\"wp-block-media-text alignwide is-stacked-on-mobile\"><figure class=\"wp-block-media-text__media\"><img loading=\"lazy\" decoding=\"async\" width=\"1024\" height=\"782\" src=\"https:\/\/www.vebowag.de\/wp-content\/uploads\/2021\/10\/Dietrichstr.-58_60-1024x782.jpg\" alt=\"\" class=\"wp-image-7119\" srcset=\"https:\/\/www.vebowag.de\/wp-content\/uploads\/2021\/10\/Dietrichstr.-58_60-1024x782.jpg 1024w, https:\/\/www.vebowag.de\/wp-content\/uploads\/2021\/10\/Dietrichstr.-58_60-300x229.jpg 300w, https:\/\/www.vebowag.de\/wp-content\/uploads\/2021\/10\/Dietrichstr.-58_60-768x587.jpg 768w, https:\/\/www.vebowag.de\/wp-content\/uploads\/2021\/10\/Dietrichstr.-58_60.jpg 1280w\" sizes=\"(max-width: 1024px) 100vw, 1024px\" \/><\/figure><div class=\"wp-block-media-text__content\">\n<p class=\"has-large-font-size\"><\/p>\n<\/div><\/div>\n\n\n\n<p><\/p>\n","protected":false},"excerpt":{"rendered":"<p>Nachdem im Sommer bereits der Neubau Steinstra\u00dfe 62 mit 31 gef\u00f6rderten Wohnungen bezogen wurde, konnten zum 1. Oktober jetzt weitere 36 \u00f6ffentlich gef\u00f6rderte Wohnungen in der Dietrichstra\u00dfe 58\/60 an die neuen Bewohner \u00fcbergeben werden.<\/p>\n","protected":false},"author":2,"featured_media":0,"comment_status":"closed","ping_status":"open","sticky":false,"template":"","format":"standard","meta":{"_uag_custom_page_level_css":"","footnotes":""},"categories":[1],"tags":[],"class_list":["post-7123","post","type-post","status-publish","format-standard","hentry","category-aktuelles"],"translation":{"provider":"WPGlobus","version":"3.0.0","language":"en","enabled_languages":["de","en"],"languages":{"de":{"title":true,"content":true,"excerpt":false},"en":{"title":false,"content":false,"excerpt":false}}},"yoast_head":"<!-- This site is optimized with the Yoast SEO plugin v23.8 - https:\/\/yoast.com\/wordpress\/plugins\/seo\/ -->\n<title>Weitere 36 gef\u00f6rderte Wohnungen in Bad Godesberg fertiggestellt - VEBOWAG<\/title>\n<meta name=\"robots\" content=\"index, follow, max-snippet:-1, max-image-preview:large, max-video-preview:-1\" \/>\n<link rel=\"canonical\" href=\"https:\/\/www.vebowag.de\/2021\/10\/08\/weitere-36-gefoerderte-wohnungen-in-bad-godesberg-fertiggestellt\/\" \/>\n<meta property=\"og:locale\" content=\"en_US\" \/>\n<meta property=\"og:type\" content=\"article\" \/>\n<meta property=\"og:title\" content=\"Weitere 36 gef\u00f6rderte Wohnungen in Bad Godesberg fertiggestellt - VEBOWAG\" \/>\n<meta property=\"og:url\" content=\"https:\/\/www.vebowag.de\/2021\/10\/08\/weitere-36-gefoerderte-wohnungen-in-bad-godesberg-fertiggestellt\/\" \/>\n<meta property=\"og:site_name\" content=\"VEBOWAG\" \/>\n<meta property=\"article:publisher\" content=\"https:\/\/www.facebook.com\/vebowag\/\" \/>\n<meta property=\"article:published_time\" content=\"2021-10-08T07:17:02+00:00\" \/>\n<meta property=\"article:modified_time\" content=\"2021-10-08T08:09:59+00:00\" \/>\n<meta property=\"og:image\" content=\"https:\/\/www.vebowag.de\/wp-content\/uploads\/2021\/10\/Dietrichstr.-58_60-1024x782.jpg\" \/>\n<meta name=\"author\" content=\"Norbert Krey\" \/>\n<meta name=\"twitter:card\" content=\"summary_large_image\" \/>\n<meta name=\"twitter:creator\" content=\"@vebowag\" \/>\n<meta name=\"twitter:site\" content=\"@vebowag\" \/>\n<meta name=\"twitter:label1\" content=\"Written by\" \/>\n\t<meta name=\"twitter:data1\" content=\"Norbert Krey\" \/>\n<script type=\"application\/ld+json\" class=\"yoast-schema-graph\">{\"@context\":\"https:\/\/schema.org\",\"@graph\":[{\"@type\":\"WebPage\",\"@id\":\"https:\/\/www.vebowag.de\/2021\/10\/08\/weitere-36-gefoerderte-wohnungen-in-bad-godesberg-fertiggestellt\/\",\"url\":\"https:\/\/www.vebowag.de\/2021\/10\/08\/weitere-36-gefoerderte-wohnungen-in-bad-godesberg-fertiggestellt\/\",\"name\":\"Weitere 36 gef\u00f6rderte Wohnungen in Bad Godesberg fertiggestellt - VEBOWAG\",\"isPartOf\":{\"@id\":\"https:\/\/www.vebowag.de\/#website\"},\"primaryImageOfPage\":{\"@id\":\"https:\/\/www.vebowag.de\/2021\/10\/08\/weitere-36-gefoerderte-wohnungen-in-bad-godesberg-fertiggestellt\/#primaryimage\"},\"image\":{\"@id\":\"https:\/\/www.vebowag.de\/2021\/10\/08\/weitere-36-gefoerderte-wohnungen-in-bad-godesberg-fertiggestellt\/#primaryimage\"},\"thumbnailUrl\":\"https:\/\/www.vebowag.de\/wp-content\/uploads\/2021\/10\/Dietrichstr.-58_60-1024x782.jpg\",\"datePublished\":\"2021-10-08T07:17:02+00:00\",\"dateModified\":\"2021-10-08T08:09:59+00:00\",\"author\":{\"@id\":\"https:\/\/www.vebowag.de\/#\/schema\/person\/6f4c6d2656bd6fd684af32a9708ca020\"},\"breadcrumb\":{\"@id\":\"https:\/\/www.vebowag.de\/2021\/10\/08\/weitere-36-gefoerderte-wohnungen-in-bad-godesberg-fertiggestellt\/#breadcrumb\"},\"inLanguage\":\"en-EN\",\"potentialAction\":[{\"@type\":\"ReadAction\",\"target\":[\"https:\/\/www.vebowag.de\/2021\/10\/08\/weitere-36-gefoerderte-wohnungen-in-bad-godesberg-fertiggestellt\/\"]}]},{\"@type\":\"ImageObject\",\"inLanguage\":\"en-EN\",\"@id\":\"https:\/\/www.vebowag.de\/2021\/10\/08\/weitere-36-gefoerderte-wohnungen-in-bad-godesberg-fertiggestellt\/#primaryimage\",\"url\":\"https:\/\/www.vebowag.de\/wp-content\/uploads\/2021\/10\/Dietrichstr.-58_60-1024x782.jpg\",\"contentUrl\":\"https:\/\/www.vebowag.de\/wp-content\/uploads\/2021\/10\/Dietrichstr.-58_60-1024x782.jpg\"},{\"@type\":\"BreadcrumbList\",\"@id\":\"https:\/\/www.vebowag.de\/2021\/10\/08\/weitere-36-gefoerderte-wohnungen-in-bad-godesberg-fertiggestellt\/#breadcrumb\",\"itemListElement\":[{\"@type\":\"ListItem\",\"position\":1,\"name\":\"Home\",\"item\":\"https:\/\/www.vebowag.de\/\"},{\"@type\":\"ListItem\",\"position\":2,\"name\":\"Weitere 36 gef\u00f6rderte Wohnungen in Bad Godesberg fertiggestellt\"}]},{\"@type\":\"WebSite\",\"@id\":\"https:\/\/www.vebowag.de\/#website\",\"url\":\"https:\/\/www.vebowag.de\/\",\"name\":\"VEBOWAG\",\"description\":\"Mein Zuhause in Bonn\",\"potentialAction\":[{\"@type\":\"SearchAction\",\"target\":{\"@type\":\"EntryPoint\",\"urlTemplate\":\"https:\/\/www.vebowag.de\/?s={search_term_string}\"},\"query-input\":{\"@type\":\"PropertyValueSpecification\",\"valueRequired\":true,\"valueName\":\"search_term_string\"}}],\"inLanguage\":\"en-EN\"},{\"@type\":\"Person\",\"@id\":\"https:\/\/www.vebowag.de\/#\/schema\/person\/6f4c6d2656bd6fd684af32a9708ca020\",\"name\":\"Norbert Krey\",\"sameAs\":[\"http:\/\/www.vebowag.de\"],\"url\":\"https:\/\/www.vebowag.de\/en\/author\/krey\/\"}]}<\/script>\n<!-- \/ Yoast SEO plugin. -->","yoast_head_json":{"title":"Weitere 36 gef\u00f6rderte Wohnungen in Bad Godesberg fertiggestellt - VEBOWAG","robots":{"index":"index","follow":"follow","max-snippet":"max-snippet:-1","max-image-preview":"max-image-preview:large","max-video-preview":"max-video-preview:-1"},"canonical":"https:\/\/www.vebowag.de\/2021\/10\/08\/weitere-36-gefoerderte-wohnungen-in-bad-godesberg-fertiggestellt\/","og_locale":"en_US","og_type":"article","og_title":"Weitere 36 gef\u00f6rderte Wohnungen in Bad Godesberg fertiggestellt - VEBOWAG","og_url":"https:\/\/www.vebowag.de\/2021\/10\/08\/weitere-36-gefoerderte-wohnungen-in-bad-godesberg-fertiggestellt\/","og_site_name":"VEBOWAG","article_publisher":"https:\/\/www.facebook.com\/vebowag\/","article_published_time":"2021-10-08T07:17:02+00:00","article_modified_time":"2021-10-08T08:09:59+00:00","og_image":[{"url":"https:\/\/www.vebowag.de\/wp-content\/uploads\/2021\/10\/Dietrichstr.-58_60-1024x782.jpg"}],"author":"Norbert Krey","twitter_card":"summary_large_image","twitter_creator":"@vebowag","twitter_site":"@vebowag","twitter_misc":{"Written by":"Norbert Krey"},"schema":{"@context":"https:\/\/schema.org","@graph":[{"@type":"WebPage","@id":"https:\/\/www.vebowag.de\/2021\/10\/08\/weitere-36-gefoerderte-wohnungen-in-bad-godesberg-fertiggestellt\/","url":"https:\/\/www.vebowag.de\/2021\/10\/08\/weitere-36-gefoerderte-wohnungen-in-bad-godesberg-fertiggestellt\/","name":"Weitere 36 gef\u00f6rderte Wohnungen in Bad Godesberg fertiggestellt - VEBOWAG","isPartOf":{"@id":"https:\/\/www.vebowag.de\/#website"},"primaryImageOfPage":{"@id":"https:\/\/www.vebowag.de\/2021\/10\/08\/weitere-36-gefoerderte-wohnungen-in-bad-godesberg-fertiggestellt\/#primaryimage"},"image":{"@id":"https:\/\/www.vebowag.de\/2021\/10\/08\/weitere-36-gefoerderte-wohnungen-in-bad-godesberg-fertiggestellt\/#primaryimage"},"thumbnailUrl":"https:\/\/www.vebowag.de\/wp-content\/uploads\/2021\/10\/Dietrichstr.-58_60-1024x782.jpg","datePublished":"2021-10-08T07:17:02+00:00","dateModified":"2021-10-08T08:09:59+00:00","author":{"@id":"https:\/\/www.vebowag.de\/#\/schema\/person\/6f4c6d2656bd6fd684af32a9708ca020"},"breadcrumb":{"@id":"https:\/\/www.vebowag.de\/2021\/10\/08\/weitere-36-gefoerderte-wohnungen-in-bad-godesberg-fertiggestellt\/#breadcrumb"},"inLanguage":"en-EN","potentialAction":[{"@type":"ReadAction","target":["https:\/\/www.vebowag.de\/2021\/10\/08\/weitere-36-gefoerderte-wohnungen-in-bad-godesberg-fertiggestellt\/"]}]},{"@type":"ImageObject","inLanguage":"en-EN","@id":"https:\/\/www.vebowag.de\/2021\/10\/08\/weitere-36-gefoerderte-wohnungen-in-bad-godesberg-fertiggestellt\/#primaryimage","url":"https:\/\/www.vebowag.de\/wp-content\/uploads\/2021\/10\/Dietrichstr.-58_60-1024x782.jpg","contentUrl":"https:\/\/www.vebowag.de\/wp-content\/uploads\/2021\/10\/Dietrichstr.-58_60-1024x782.jpg"},{"@type":"BreadcrumbList","@id":"https:\/\/www.vebowag.de\/2021\/10\/08\/weitere-36-gefoerderte-wohnungen-in-bad-godesberg-fertiggestellt\/#breadcrumb","itemListElement":[{"@type":"ListItem","position":1,"name":"Home","item":"https:\/\/www.vebowag.de\/"},{"@type":"ListItem","position":2,"name":"Weitere 36 gef\u00f6rderte Wohnungen in Bad Godesberg fertiggestellt"}]},{"@type":"WebSite","@id":"https:\/\/www.vebowag.de\/#website","url":"https:\/\/www.vebowag.de\/","name":"VEBOWAG","description":"Mein Zuhause in Bonn","potentialAction":[{"@type":"SearchAction","target":{"@type":"EntryPoint","urlTemplate":"https:\/\/www.vebowag.de\/?s={search_term_string}"},"query-input":{"@type":"PropertyValueSpecification","valueRequired":true,"valueName":"search_term_string"}}],"inLanguage":"en-EN"},{"@type":"Person","@id":"https:\/\/www.vebowag.de\/#\/schema\/person\/6f4c6d2656bd6fd684af32a9708ca020","name":"Norbert Krey","sameAs":["http:\/\/www.vebowag.de"],"url":"https:\/\/www.vebowag.de\/en\/author\/krey\/"}]}},"uagb_featured_image_src":{"full":false,"thumbnail":false,"medium":false,"medium_large":false,"large":false,"1536x1536":false,"2048x2048":false,"home":false,"list":false},"uagb_author_info":{"display_name":"Norbert Krey","author_link":"https:\/\/www.vebowag.de\/en\/author\/krey\/"},"uagb_comment_info":0,"uagb_excerpt":"Nachdem im Sommer bereits der Neubau Steinstra\u00dfe 62 mit 31 gef\u00f6rderten Wohnungen bezogen wurde, konnten zum 1. Oktober jetzt weitere 36 \u00f6ffentlich gef\u00f6rderte Wohnungen in der Dietrichstra\u00dfe 58\/60 an die neuen Bewohner \u00fcbergeben werden.","_links":{"self":[{"href":"https:\/\/www.vebowag.de\/en\/wp-json\/wp\/v2\/posts\/7123"}],"collection":[{"href":"https:\/\/www.vebowag.de\/en\/wp-json\/wp\/v2\/posts"}],"about":[{"href":"https:\/\/www.vebowag.de\/en\/wp-json\/wp\/v2\/types\/post"}],"author":[{"embeddable":true,"href":"https:\/\/www.vebowag.de\/en\/wp-json\/wp\/v2\/users\/2"}],"replies":[{"embeddable":true,"href":"https:\/\/www.vebowag.de\/en\/wp-json\/wp\/v2\/comments?post=7123"}],"version-history":[{"count":6,"href":"https:\/\/www.vebowag.de\/en\/wp-json\/wp\/v2\/posts\/7123\/revisions"}],"predecessor-version":[{"id":7129,"href":"https:\/\/www.vebowag.de\/en\/wp-json\/wp\/v2\/posts\/7123\/revisions\/7129"}],"wp:attachment":[{"href":"https:\/\/www.vebowag.de\/en\/wp-json\/wp\/v2\/media?parent=7123"}],"wp:term":[{"taxonomy":"category","embeddable":true,"href":"https:\/\/www.vebowag.de\/en\/wp-json\/wp\/v2\/categories?post=7123"},{"taxonomy":"post_tag","embeddable":true,"href":"https:\/\/www.vebowag.de\/en\/wp-json\/wp\/v2\/tags?post=7123"}],"curies":[{"name":"wp","href":"https:\/\/api.w.org\/{rel}","templated":true}]}}