{"id":6887,"date":"2021-01-07T16:25:00","date_gmt":"2021-01-07T15:25:00","guid":{"rendered":"https:\/\/www.vebowag.de\/?p=6887"},"modified":"2023-05-31T16:08:27","modified_gmt":"2023-05-31T14:08:27","slug":"severinsweg","status":"publish","type":"post","link":"https:\/\/www.vebowag.de\/en\/2021\/01\/07\/severinsweg\/","title":{"rendered":"Severinsweg 1-3f"},"content":{"rendered":"\n<p>In Mehlem wurden durch zwei Ersatzneubauten weitere 41 bezahlbare Mietwohnungen geschaffen.<\/p>\n\n\n\n<!--more-->\n\n\n\n<h4 class=\"wp-block-heading\">\u00dcberblick<\/h4>\n\n\n\n<ul class=\"wp-block-list\" id=\"block-0341635d-1114-4980-aa5c-04ec79e0e2b3\"><li>41 \u00f6ffentlich gef\u00f6rderten Wohnungen mit ca.&nbsp;3.036 m\u00b2 Wohnfl\u00e4che<\/li><li>3-geschossige Geb\u00e4ude mit Staffelgeschoss<\/li><li>1- bis 6-Zimmer-Wohnungen&nbsp;mit&nbsp;Wohnfl\u00e4chen von&nbsp;43 bis 126&nbsp;m\u00b2<\/li><li>alle Wohnungen mit Balkon oder Terrasse<\/li><li>Tiefgarage<\/li><li>Aufzug<\/li><li>barrierefreier Zugang zu allen Wohnungen<\/li><li>zeitgem\u00e4\u00dfe B\u00e4der mit bodengleichen Duschen<\/li><li>Nettokaltmiete bei Bezug: 6,80 \u20ac<\/li><\/ul>\n\n\n\n<p>Das Geb\u00e4ude Severinsweg 1 wurde zum 1. August 2022 fertig gestellt und \u00fcbergeben. Das Geb\u00e4ude Severinsweg 3-3f wurde zum 1. Dezember 2022 an die neuen Bewohner \u00fcbergeben.<\/p>\n\n\n\n<figure class=\"wp-block-image size-large\"><img loading=\"lazy\" decoding=\"async\" width=\"1024\" height=\"683\" src=\"https:\/\/www.vebowag.de\/wp-content\/uploads\/2023\/05\/VEBOWAG_Severinsweg1-3_Vollmer57-1024x683.jpg\" alt=\"\" class=\"wp-image-7839\" srcset=\"https:\/\/www.vebowag.de\/wp-content\/uploads\/2023\/05\/VEBOWAG_Severinsweg1-3_Vollmer57-1024x683.jpg 1024w, https:\/\/www.vebowag.de\/wp-content\/uploads\/2023\/05\/VEBOWAG_Severinsweg1-3_Vollmer57-300x200.jpg 300w, https:\/\/www.vebowag.de\/wp-content\/uploads\/2023\/05\/VEBOWAG_Severinsweg1-3_Vollmer57-768x512.jpg 768w, https:\/\/www.vebowag.de\/wp-content\/uploads\/2023\/05\/VEBOWAG_Severinsweg1-3_Vollmer57-1536x1025.jpg 1536w, https:\/\/www.vebowag.de\/wp-content\/uploads\/2023\/05\/VEBOWAG_Severinsweg1-3_Vollmer57-150x100.jpg 150w, https:\/\/www.vebowag.de\/wp-content\/uploads\/2023\/05\/VEBOWAG_Severinsweg1-3_Vollmer57.jpg 1920w\" sizes=\"(max-width: 1024px) 100vw, 1024px\" \/><\/figure>\n\n\n\n<figure class=\"wp-block-image size-large\"><img loading=\"lazy\" decoding=\"async\" width=\"1024\" height=\"683\" src=\"https:\/\/www.vebowag.de\/wp-content\/uploads\/2023\/05\/VEBOWAG_Severinsweg1-3_Vollmer19-1024x683.jpg\" alt=\"\" class=\"wp-image-7838\" srcset=\"https:\/\/www.vebowag.de\/wp-content\/uploads\/2023\/05\/VEBOWAG_Severinsweg1-3_Vollmer19-1024x683.jpg 1024w, https:\/\/www.vebowag.de\/wp-content\/uploads\/2023\/05\/VEBOWAG_Severinsweg1-3_Vollmer19-300x200.jpg 300w, https:\/\/www.vebowag.de\/wp-content\/uploads\/2023\/05\/VEBOWAG_Severinsweg1-3_Vollmer19-768x512.jpg 768w, https:\/\/www.vebowag.de\/wp-content\/uploads\/2023\/05\/VEBOWAG_Severinsweg1-3_Vollmer19-1536x1025.jpg 1536w, https:\/\/www.vebowag.de\/wp-content\/uploads\/2023\/05\/VEBOWAG_Severinsweg1-3_Vollmer19-150x100.jpg 150w, https:\/\/www.vebowag.de\/wp-content\/uploads\/2023\/05\/VEBOWAG_Severinsweg1-3_Vollmer19.jpg 1920w\" sizes=\"(max-width: 1024px) 100vw, 1024px\" \/><\/figure>\n\n\n\n<hr class=\"wp-block-separator\"\/>\n\n\n\n<h4 class=\"wp-block-heading\">Objektlage<\/h4>\n","protected":false},"excerpt":{"rendered":"<p>In Mehlem wurden durch zwei Ersatzneubauten weitere 41 bezahlbare Mietwohnungen geschaffen.<\/p>\n","protected":false},"author":2,"featured_media":7836,"comment_status":"closed","ping_status":"open","sticky":false,"template":"","format":"standard","meta":{"_uag_custom_page_level_css":"","footnotes":""},"categories":[16],"tags":[],"class_list":["post-6887","post","type-post","status-publish","format-standard","has-post-thumbnail","hentry","category-abgeschlossene-projekte"],"translation":{"provider":"WPGlobus","version":"3.0.0","language":"en","enabled_languages":["de","en"],"languages":{"de":{"title":true,"content":true,"excerpt":false},"en":{"title":false,"content":false,"excerpt":false}}},"yoast_head":"<!-- This site is optimized with the Yoast SEO plugin v23.8 - https:\/\/yoast.com\/wordpress\/plugins\/seo\/ -->\n<title>Severinsweg 1-3f - VEBOWAG<\/title>\n<meta name=\"robots\" content=\"index, follow, max-snippet:-1, max-image-preview:large, max-video-preview:-1\" \/>\n<link rel=\"canonical\" href=\"https:\/\/www.vebowag.de\/2021\/01\/07\/severinsweg\/\" \/>\n<meta property=\"og:locale\" content=\"en_US\" \/>\n<meta property=\"og:type\" content=\"article\" \/>\n<meta property=\"og:title\" content=\"Severinsweg 1-3f - VEBOWAG\" \/>\n<meta property=\"og:url\" content=\"https:\/\/www.vebowag.de\/2021\/01\/07\/severinsweg\/\" \/>\n<meta property=\"og:site_name\" content=\"VEBOWAG\" \/>\n<meta property=\"article:publisher\" content=\"https:\/\/www.facebook.com\/vebowag\/\" \/>\n<meta property=\"article:published_time\" content=\"2021-01-07T15:25:00+00:00\" \/>\n<meta property=\"article:modified_time\" content=\"2023-05-31T14:08:27+00:00\" \/>\n<meta property=\"og:image\" content=\"https:\/\/www.vebowag.de\/wp-content\/uploads\/2020\/12\/VEBOWAG_Severinsweg1-3_Vollmer74.jpg\" \/>\n\t<meta property=\"og:image:width\" content=\"1920\" \/>\n\t<meta property=\"og:image:height\" content=\"1281\" \/>\n\t<meta property=\"og:image:type\" content=\"image\/jpeg\" \/>\n<meta name=\"author\" content=\"Norbert Krey\" \/>\n<meta name=\"twitter:card\" content=\"summary_large_image\" \/>\n<meta name=\"twitter:creator\" content=\"@vebowag\" \/>\n<meta name=\"twitter:site\" content=\"@vebowag\" \/>\n<meta name=\"twitter:label1\" content=\"Written by\" \/>\n\t<meta name=\"twitter:data1\" content=\"Norbert Krey\" \/>\n<script type=\"application\/ld+json\" class=\"yoast-schema-graph\">{\"@context\":\"https:\/\/schema.org\",\"@graph\":[{\"@type\":\"WebPage\",\"@id\":\"https:\/\/www.vebowag.de\/2021\/01\/07\/severinsweg\/\",\"url\":\"https:\/\/www.vebowag.de\/2021\/01\/07\/severinsweg\/\",\"name\":\"Severinsweg 1-3f - VEBOWAG\",\"isPartOf\":{\"@id\":\"https:\/\/www.vebowag.de\/#website\"},\"primaryImageOfPage\":{\"@id\":\"https:\/\/www.vebowag.de\/2021\/01\/07\/severinsweg\/#primaryimage\"},\"image\":{\"@id\":\"https:\/\/www.vebowag.de\/2021\/01\/07\/severinsweg\/#primaryimage\"},\"thumbnailUrl\":\"https:\/\/www.vebowag.de\/wp-content\/uploads\/2020\/12\/VEBOWAG_Severinsweg1-3_Vollmer74.jpg\",\"datePublished\":\"2021-01-07T15:25:00+00:00\",\"dateModified\":\"2023-05-31T14:08:27+00:00\",\"author\":{\"@id\":\"https:\/\/www.vebowag.de\/#\/schema\/person\/6f4c6d2656bd6fd684af32a9708ca020\"},\"breadcrumb\":{\"@id\":\"https:\/\/www.vebowag.de\/2021\/01\/07\/severinsweg\/#breadcrumb\"},\"inLanguage\":\"en-EN\",\"potentialAction\":[{\"@type\":\"ReadAction\",\"target\":[\"https:\/\/www.vebowag.de\/2021\/01\/07\/severinsweg\/\"]}]},{\"@type\":\"ImageObject\",\"inLanguage\":\"en-EN\",\"@id\":\"https:\/\/www.vebowag.de\/2021\/01\/07\/severinsweg\/#primaryimage\",\"url\":\"https:\/\/www.vebowag.de\/wp-content\/uploads\/2020\/12\/VEBOWAG_Severinsweg1-3_Vollmer74.jpg\",\"contentUrl\":\"https:\/\/www.vebowag.de\/wp-content\/uploads\/2020\/12\/VEBOWAG_Severinsweg1-3_Vollmer74.jpg\",\"width\":1920,\"height\":1281},{\"@type\":\"BreadcrumbList\",\"@id\":\"https:\/\/www.vebowag.de\/2021\/01\/07\/severinsweg\/#breadcrumb\",\"itemListElement\":[{\"@type\":\"ListItem\",\"position\":1,\"name\":\"Home\",\"item\":\"https:\/\/www.vebowag.de\/\"},{\"@type\":\"ListItem\",\"position\":2,\"name\":\"Severinsweg 1-3f\"}]},{\"@type\":\"WebSite\",\"@id\":\"https:\/\/www.vebowag.de\/#website\",\"url\":\"https:\/\/www.vebowag.de\/\",\"name\":\"VEBOWAG\",\"description\":\"Mein Zuhause in Bonn\",\"potentialAction\":[{\"@type\":\"SearchAction\",\"target\":{\"@type\":\"EntryPoint\",\"urlTemplate\":\"https:\/\/www.vebowag.de\/?s={search_term_string}\"},\"query-input\":{\"@type\":\"PropertyValueSpecification\",\"valueRequired\":true,\"valueName\":\"search_term_string\"}}],\"inLanguage\":\"en-EN\"},{\"@type\":\"Person\",\"@id\":\"https:\/\/www.vebowag.de\/#\/schema\/person\/6f4c6d2656bd6fd684af32a9708ca020\",\"name\":\"Norbert Krey\",\"sameAs\":[\"http:\/\/www.vebowag.de\"],\"url\":\"https:\/\/www.vebowag.de\/en\/author\/krey\/\"}]}<\/script>\n<!-- \/ Yoast SEO plugin. -->","yoast_head_json":{"title":"Severinsweg 1-3f - VEBOWAG","robots":{"index":"index","follow":"follow","max-snippet":"max-snippet:-1","max-image-preview":"max-image-preview:large","max-video-preview":"max-video-preview:-1"},"canonical":"https:\/\/www.vebowag.de\/2021\/01\/07\/severinsweg\/","og_locale":"en_US","og_type":"article","og_title":"Severinsweg 1-3f - VEBOWAG","og_url":"https:\/\/www.vebowag.de\/2021\/01\/07\/severinsweg\/","og_site_name":"VEBOWAG","article_publisher":"https:\/\/www.facebook.com\/vebowag\/","article_published_time":"2021-01-07T15:25:00+00:00","article_modified_time":"2023-05-31T14:08:27+00:00","og_image":[{"width":1920,"height":1281,"url":"https:\/\/www.vebowag.de\/wp-content\/uploads\/2020\/12\/VEBOWAG_Severinsweg1-3_Vollmer74.jpg","type":"image\/jpeg"}],"author":"Norbert Krey","twitter_card":"summary_large_image","twitter_creator":"@vebowag","twitter_site":"@vebowag","twitter_misc":{"Written by":"Norbert Krey"},"schema":{"@context":"https:\/\/schema.org","@graph":[{"@type":"WebPage","@id":"https:\/\/www.vebowag.de\/2021\/01\/07\/severinsweg\/","url":"https:\/\/www.vebowag.de\/2021\/01\/07\/severinsweg\/","name":"Severinsweg 1-3f - VEBOWAG","isPartOf":{"@id":"https:\/\/www.vebowag.de\/#website"},"primaryImageOfPage":{"@id":"https:\/\/www.vebowag.de\/2021\/01\/07\/severinsweg\/#primaryimage"},"image":{"@id":"https:\/\/www.vebowag.de\/2021\/01\/07\/severinsweg\/#primaryimage"},"thumbnailUrl":"https:\/\/www.vebowag.de\/wp-content\/uploads\/2020\/12\/VEBOWAG_Severinsweg1-3_Vollmer74.jpg","datePublished":"2021-01-07T15:25:00+00:00","dateModified":"2023-05-31T14:08:27+00:00","author":{"@id":"https:\/\/www.vebowag.de\/#\/schema\/person\/6f4c6d2656bd6fd684af32a9708ca020"},"breadcrumb":{"@id":"https:\/\/www.vebowag.de\/2021\/01\/07\/severinsweg\/#breadcrumb"},"inLanguage":"en-EN","potentialAction":[{"@type":"ReadAction","target":["https:\/\/www.vebowag.de\/2021\/01\/07\/severinsweg\/"]}]},{"@type":"ImageObject","inLanguage":"en-EN","@id":"https:\/\/www.vebowag.de\/2021\/01\/07\/severinsweg\/#primaryimage","url":"https:\/\/www.vebowag.de\/wp-content\/uploads\/2020\/12\/VEBOWAG_Severinsweg1-3_Vollmer74.jpg","contentUrl":"https:\/\/www.vebowag.de\/wp-content\/uploads\/2020\/12\/VEBOWAG_Severinsweg1-3_Vollmer74.jpg","width":1920,"height":1281},{"@type":"BreadcrumbList","@id":"https:\/\/www.vebowag.de\/2021\/01\/07\/severinsweg\/#breadcrumb","itemListElement":[{"@type":"ListItem","position":1,"name":"Home","item":"https:\/\/www.vebowag.de\/"},{"@type":"ListItem","position":2,"name":"Severinsweg 1-3f"}]},{"@type":"WebSite","@id":"https:\/\/www.vebowag.de\/#website","url":"https:\/\/www.vebowag.de\/","name":"VEBOWAG","description":"Mein Zuhause in Bonn","potentialAction":[{"@type":"SearchAction","target":{"@type":"EntryPoint","urlTemplate":"https:\/\/www.vebowag.de\/?s={search_term_string}"},"query-input":{"@type":"PropertyValueSpecification","valueRequired":true,"valueName":"search_term_string"}}],"inLanguage":"en-EN"},{"@type":"Person","@id":"https:\/\/www.vebowag.de\/#\/schema\/person\/6f4c6d2656bd6fd684af32a9708ca020","name":"Norbert Krey","sameAs":["http:\/\/www.vebowag.de"],"url":"https:\/\/www.vebowag.de\/en\/author\/krey\/"}]}},"uagb_featured_image_src":{"full":["https:\/\/www.vebowag.de\/wp-content\/uploads\/2020\/12\/VEBOWAG_Severinsweg1-3_Vollmer74.jpg",1920,1281,false],"thumbnail":["https:\/\/www.vebowag.de\/wp-content\/uploads\/2020\/12\/VEBOWAG_Severinsweg1-3_Vollmer74-150x150.jpg",150,150,true],"medium":["https:\/\/www.vebowag.de\/wp-content\/uploads\/2020\/12\/VEBOWAG_Severinsweg1-3_Vollmer74-300x200.jpg",300,200,true],"medium_large":["https:\/\/www.vebowag.de\/wp-content\/uploads\/2020\/12\/VEBOWAG_Severinsweg1-3_Vollmer74-768x512.jpg",750,500,true],"large":["https:\/\/www.vebowag.de\/wp-content\/uploads\/2020\/12\/VEBOWAG_Severinsweg1-3_Vollmer74-1024x683.jpg",750,500,true],"1536x1536":["https:\/\/www.vebowag.de\/wp-content\/uploads\/2020\/12\/VEBOWAG_Severinsweg1-3_Vollmer74-1536x1025.jpg",1536,1025,true],"2048x2048":["https:\/\/www.vebowag.de\/wp-content\/uploads\/2020\/12\/VEBOWAG_Severinsweg1-3_Vollmer74.jpg",1920,1281,false],"home":["https:\/\/www.vebowag.de\/wp-content\/uploads\/2020\/12\/VEBOWAG_Severinsweg1-3_Vollmer74-150x100.jpg",150,100,true],"list":["https:\/\/www.vebowag.de\/wp-content\/uploads\/2020\/12\/VEBOWAG_Severinsweg1-3_Vollmer74-200x125.jpg",200,125,true]},"uagb_author_info":{"display_name":"Norbert Krey","author_link":"https:\/\/www.vebowag.de\/en\/author\/krey\/"},"uagb_comment_info":0,"uagb_excerpt":"In Mehlem wurden durch zwei Ersatzneubauten weitere 41 bezahlbare Mietwohnungen geschaffen.","_links":{"self":[{"href":"https:\/\/www.vebowag.de\/en\/wp-json\/wp\/v2\/posts\/6887"}],"collection":[{"href":"https:\/\/www.vebowag.de\/en\/wp-json\/wp\/v2\/posts"}],"about":[{"href":"https:\/\/www.vebowag.de\/en\/wp-json\/wp\/v2\/types\/post"}],"author":[{"embeddable":true,"href":"https:\/\/www.vebowag.de\/en\/wp-json\/wp\/v2\/users\/2"}],"replies":[{"embeddable":true,"href":"https:\/\/www.vebowag.de\/en\/wp-json\/wp\/v2\/comments?post=6887"}],"version-history":[{"count":22,"href":"https:\/\/www.vebowag.de\/en\/wp-json\/wp\/v2\/posts\/6887\/revisions"}],"predecessor-version":[{"id":7841,"href":"https:\/\/www.vebowag.de\/en\/wp-json\/wp\/v2\/posts\/6887\/revisions\/7841"}],"wp:featuredmedia":[{"embeddable":true,"href":"https:\/\/www.vebowag.de\/en\/wp-json\/wp\/v2\/media\/7836"}],"wp:attachment":[{"href":"https:\/\/www.vebowag.de\/en\/wp-json\/wp\/v2\/media?parent=6887"}],"wp:term":[{"taxonomy":"category","embeddable":true,"href":"https:\/\/www.vebowag.de\/en\/wp-json\/wp\/v2\/categories?post=6887"},{"taxonomy":"post_tag","embeddable":true,"href":"https:\/\/www.vebowag.de\/en\/wp-json\/wp\/v2\/tags?post=6887"}],"curies":[{"name":"wp","href":"https:\/\/api.w.org\/{rel}","templated":true}]}}