{"id":6147,"date":"2019-12-18T14:49:49","date_gmt":"2019-12-18T13:49:49","guid":{"rendered":"https:\/\/www.vebowag.de\/?p=6147"},"modified":"2019-12-18T16:15:04","modified_gmt":"2019-12-18T15:15:04","slug":"tenten-haus-der-begegnung-veranstaltungsprogramm-januar-bis-juli-2020","status":"publish","type":"post","link":"https:\/\/www.vebowag.de\/en\/2019\/12\/18\/tenten-haus-der-begegnung-veranstaltungsprogramm-januar-bis-juli-2020\/","title":{"rendered":"-Tenten- Haus der Begegnung: Veranstaltungsprogramm Januar bis Juli 2020"},"content":{"rendered":"\n<p> Das neue Veranstaltungsprogamm f\u00fcr die erste Jahresh\u00e4lfte 2020 unserer Seniorenbegegnungsst\u00e4tte -Tenten- Haus der Begegnung&nbsp;zum Download. <\/p>\n\n\n\n<p>Hier finden Sie Sport- und Bewegungsangebote f\u00fcr verschiedene Altersklassen, Kurse zu den neuen Medien, gesundheitliche Pr\u00e4vention, Angebote f\u00fcr gemeinschaftliches Spielen, Selbsthilfegruppen, Feste und vieles mehr.<\/p>\n\n\n\n<div class=\"wp-block-media-text alignwide\"><figure class=\"wp-block-media-text__media\"><img loading=\"lazy\" decoding=\"async\" width=\"717\" height=\"1024\" src=\"https:\/\/www.vebowag.de\/wp-content\/uploads\/2019\/12\/Titelseite-1-717x1024.jpg\" alt=\"\" class=\"wp-image-6176\" srcset=\"https:\/\/www.vebowag.de\/wp-content\/uploads\/2019\/12\/Titelseite-1-717x1024.jpg 717w, https:\/\/www.vebowag.de\/wp-content\/uploads\/2019\/12\/Titelseite-1-210x300.jpg 210w, https:\/\/www.vebowag.de\/wp-content\/uploads\/2019\/12\/Titelseite-1-768x1097.jpg 768w, https:\/\/www.vebowag.de\/wp-content\/uploads\/2019\/12\/Titelseite-1.jpg 1621w\" sizes=\"(max-width: 717px) 100vw, 717px\" \/><\/figure><div class=\"wp-block-media-text__content\">\n<p>Schauen Sie einfach mal rein!<\/p>\n\n\n\n<div class=\"wp-block-button\"><a class=\"wp-block-button__link\" href=\"https:\/\/www.vebowag.de\/wp-content\/uploads\/2019\/12\/Programmheft-Tenten-Haus-der-Begegnung.pdf\">Download Programm<\/a><\/div>\n<\/div><\/div>\n","protected":false},"excerpt":{"rendered":"<p>Das neue Veranstaltungsprogamm f\u00fcr die erste Jahresh\u00e4lfte 2020 unserer Seniorenbegegnungsst\u00e4tte -Tenten- Haus der Begegnung zum Download. <\/p>\n","protected":false},"author":2,"featured_media":803,"comment_status":"closed","ping_status":"open","sticky":false,"template":"","format":"standard","meta":{"_uag_custom_page_level_css":"","footnotes":""},"categories":[1],"tags":[],"class_list":["post-6147","post","type-post","status-publish","format-standard","has-post-thumbnail","hentry","category-aktuelles"],"translation":{"provider":"WPGlobus","version":"3.0.0","language":"en","enabled_languages":["de","en"],"languages":{"de":{"title":true,"content":true,"excerpt":true},"en":{"title":false,"content":false,"excerpt":false}}},"yoast_head":"<!-- This site is optimized with the Yoast SEO plugin v23.8 - https:\/\/yoast.com\/wordpress\/plugins\/seo\/ -->\n<title>-Tenten- Haus der Begegnung: Veranstaltungsprogramm Januar bis Juli 2020 - VEBOWAG<\/title>\n<meta name=\"robots\" content=\"index, follow, max-snippet:-1, max-image-preview:large, max-video-preview:-1\" \/>\n<link rel=\"canonical\" href=\"https:\/\/www.vebowag.de\/2019\/12\/18\/tenten-haus-der-begegnung-veranstaltungsprogramm-januar-bis-juli-2020\/\" \/>\n<meta property=\"og:locale\" content=\"en_US\" \/>\n<meta property=\"og:type\" content=\"article\" \/>\n<meta property=\"og:title\" content=\"-Tenten- Haus der Begegnung: Veranstaltungsprogramm Januar bis Juli 2020 - VEBOWAG\" \/>\n<meta property=\"og:url\" content=\"https:\/\/www.vebowag.de\/2019\/12\/18\/tenten-haus-der-begegnung-veranstaltungsprogramm-januar-bis-juli-2020\/\" \/>\n<meta property=\"og:site_name\" content=\"VEBOWAG\" \/>\n<meta property=\"article:publisher\" content=\"https:\/\/www.facebook.com\/vebowag\/\" \/>\n<meta property=\"article:published_time\" content=\"2019-12-18T13:49:49+00:00\" \/>\n<meta property=\"article:modified_time\" content=\"2019-12-18T15:15:04+00:00\" \/>\n<meta property=\"og:image\" content=\"https:\/\/www.vebowag.de\/wp-content\/uploads\/2015\/12\/AnderWolfsburg_35_2_02.jpg\" \/>\n\t<meta property=\"og:image:width\" content=\"1024\" \/>\n\t<meta property=\"og:image:height\" content=\"683\" \/>\n\t<meta property=\"og:image:type\" content=\"image\/jpeg\" \/>\n<meta name=\"author\" content=\"Norbert Krey\" \/>\n<meta name=\"twitter:card\" content=\"summary_large_image\" \/>\n<meta name=\"twitter:creator\" content=\"@vebowag\" \/>\n<meta name=\"twitter:site\" content=\"@vebowag\" \/>\n<meta name=\"twitter:label1\" content=\"Written by\" \/>\n\t<meta name=\"twitter:data1\" content=\"Norbert Krey\" \/>\n<script type=\"application\/ld+json\" class=\"yoast-schema-graph\">{\"@context\":\"https:\/\/schema.org\",\"@graph\":[{\"@type\":\"WebPage\",\"@id\":\"https:\/\/www.vebowag.de\/2019\/12\/18\/tenten-haus-der-begegnung-veranstaltungsprogramm-januar-bis-juli-2020\/\",\"url\":\"https:\/\/www.vebowag.de\/2019\/12\/18\/tenten-haus-der-begegnung-veranstaltungsprogramm-januar-bis-juli-2020\/\",\"name\":\"-Tenten- Haus der Begegnung: Veranstaltungsprogramm Januar bis Juli 2020 - VEBOWAG\",\"isPartOf\":{\"@id\":\"https:\/\/www.vebowag.de\/#website\"},\"primaryImageOfPage\":{\"@id\":\"https:\/\/www.vebowag.de\/2019\/12\/18\/tenten-haus-der-begegnung-veranstaltungsprogramm-januar-bis-juli-2020\/#primaryimage\"},\"image\":{\"@id\":\"https:\/\/www.vebowag.de\/2019\/12\/18\/tenten-haus-der-begegnung-veranstaltungsprogramm-januar-bis-juli-2020\/#primaryimage\"},\"thumbnailUrl\":\"https:\/\/www.vebowag.de\/wp-content\/uploads\/2015\/12\/AnderWolfsburg_35_2_02.jpg\",\"datePublished\":\"2019-12-18T13:49:49+00:00\",\"dateModified\":\"2019-12-18T15:15:04+00:00\",\"author\":{\"@id\":\"https:\/\/www.vebowag.de\/#\/schema\/person\/6f4c6d2656bd6fd684af32a9708ca020\"},\"breadcrumb\":{\"@id\":\"https:\/\/www.vebowag.de\/2019\/12\/18\/tenten-haus-der-begegnung-veranstaltungsprogramm-januar-bis-juli-2020\/#breadcrumb\"},\"inLanguage\":\"en-EN\",\"potentialAction\":[{\"@type\":\"ReadAction\",\"target\":[\"https:\/\/www.vebowag.de\/2019\/12\/18\/tenten-haus-der-begegnung-veranstaltungsprogramm-januar-bis-juli-2020\/\"]}]},{\"@type\":\"ImageObject\",\"inLanguage\":\"en-EN\",\"@id\":\"https:\/\/www.vebowag.de\/2019\/12\/18\/tenten-haus-der-begegnung-veranstaltungsprogramm-januar-bis-juli-2020\/#primaryimage\",\"url\":\"https:\/\/www.vebowag.de\/wp-content\/uploads\/2015\/12\/AnderWolfsburg_35_2_02.jpg\",\"contentUrl\":\"https:\/\/www.vebowag.de\/wp-content\/uploads\/2015\/12\/AnderWolfsburg_35_2_02.jpg\",\"width\":1024,\"height\":683},{\"@type\":\"BreadcrumbList\",\"@id\":\"https:\/\/www.vebowag.de\/2019\/12\/18\/tenten-haus-der-begegnung-veranstaltungsprogramm-januar-bis-juli-2020\/#breadcrumb\",\"itemListElement\":[{\"@type\":\"ListItem\",\"position\":1,\"name\":\"Home\",\"item\":\"https:\/\/www.vebowag.de\/\"},{\"@type\":\"ListItem\",\"position\":2,\"name\":\"-Tenten- Haus der Begegnung: Veranstaltungsprogramm Januar bis Juli 2020\"}]},{\"@type\":\"WebSite\",\"@id\":\"https:\/\/www.vebowag.de\/#website\",\"url\":\"https:\/\/www.vebowag.de\/\",\"name\":\"VEBOWAG\",\"description\":\"Mein Zuhause in Bonn\",\"potentialAction\":[{\"@type\":\"SearchAction\",\"target\":{\"@type\":\"EntryPoint\",\"urlTemplate\":\"https:\/\/www.vebowag.de\/?s={search_term_string}\"},\"query-input\":{\"@type\":\"PropertyValueSpecification\",\"valueRequired\":true,\"valueName\":\"search_term_string\"}}],\"inLanguage\":\"en-EN\"},{\"@type\":\"Person\",\"@id\":\"https:\/\/www.vebowag.de\/#\/schema\/person\/6f4c6d2656bd6fd684af32a9708ca020\",\"name\":\"Norbert Krey\",\"sameAs\":[\"http:\/\/www.vebowag.de\"],\"url\":\"https:\/\/www.vebowag.de\/en\/author\/krey\/\"}]}<\/script>\n<!-- \/ Yoast SEO plugin. -->","yoast_head_json":{"title":"-Tenten- Haus der Begegnung: Veranstaltungsprogramm Januar bis Juli 2020 - VEBOWAG","robots":{"index":"index","follow":"follow","max-snippet":"max-snippet:-1","max-image-preview":"max-image-preview:large","max-video-preview":"max-video-preview:-1"},"canonical":"https:\/\/www.vebowag.de\/2019\/12\/18\/tenten-haus-der-begegnung-veranstaltungsprogramm-januar-bis-juli-2020\/","og_locale":"en_US","og_type":"article","og_title":"-Tenten- Haus der Begegnung: Veranstaltungsprogramm Januar bis Juli 2020 - VEBOWAG","og_url":"https:\/\/www.vebowag.de\/2019\/12\/18\/tenten-haus-der-begegnung-veranstaltungsprogramm-januar-bis-juli-2020\/","og_site_name":"VEBOWAG","article_publisher":"https:\/\/www.facebook.com\/vebowag\/","article_published_time":"2019-12-18T13:49:49+00:00","article_modified_time":"2019-12-18T15:15:04+00:00","og_image":[{"width":1024,"height":683,"url":"https:\/\/www.vebowag.de\/wp-content\/uploads\/2015\/12\/AnderWolfsburg_35_2_02.jpg","type":"image\/jpeg"}],"author":"Norbert Krey","twitter_card":"summary_large_image","twitter_creator":"@vebowag","twitter_site":"@vebowag","twitter_misc":{"Written by":"Norbert Krey"},"schema":{"@context":"https:\/\/schema.org","@graph":[{"@type":"WebPage","@id":"https:\/\/www.vebowag.de\/2019\/12\/18\/tenten-haus-der-begegnung-veranstaltungsprogramm-januar-bis-juli-2020\/","url":"https:\/\/www.vebowag.de\/2019\/12\/18\/tenten-haus-der-begegnung-veranstaltungsprogramm-januar-bis-juli-2020\/","name":"-Tenten- Haus der Begegnung: Veranstaltungsprogramm Januar bis Juli 2020 - VEBOWAG","isPartOf":{"@id":"https:\/\/www.vebowag.de\/#website"},"primaryImageOfPage":{"@id":"https:\/\/www.vebowag.de\/2019\/12\/18\/tenten-haus-der-begegnung-veranstaltungsprogramm-januar-bis-juli-2020\/#primaryimage"},"image":{"@id":"https:\/\/www.vebowag.de\/2019\/12\/18\/tenten-haus-der-begegnung-veranstaltungsprogramm-januar-bis-juli-2020\/#primaryimage"},"thumbnailUrl":"https:\/\/www.vebowag.de\/wp-content\/uploads\/2015\/12\/AnderWolfsburg_35_2_02.jpg","datePublished":"2019-12-18T13:49:49+00:00","dateModified":"2019-12-18T15:15:04+00:00","author":{"@id":"https:\/\/www.vebowag.de\/#\/schema\/person\/6f4c6d2656bd6fd684af32a9708ca020"},"breadcrumb":{"@id":"https:\/\/www.vebowag.de\/2019\/12\/18\/tenten-haus-der-begegnung-veranstaltungsprogramm-januar-bis-juli-2020\/#breadcrumb"},"inLanguage":"en-EN","potentialAction":[{"@type":"ReadAction","target":["https:\/\/www.vebowag.de\/2019\/12\/18\/tenten-haus-der-begegnung-veranstaltungsprogramm-januar-bis-juli-2020\/"]}]},{"@type":"ImageObject","inLanguage":"en-EN","@id":"https:\/\/www.vebowag.de\/2019\/12\/18\/tenten-haus-der-begegnung-veranstaltungsprogramm-januar-bis-juli-2020\/#primaryimage","url":"https:\/\/www.vebowag.de\/wp-content\/uploads\/2015\/12\/AnderWolfsburg_35_2_02.jpg","contentUrl":"https:\/\/www.vebowag.de\/wp-content\/uploads\/2015\/12\/AnderWolfsburg_35_2_02.jpg","width":1024,"height":683},{"@type":"BreadcrumbList","@id":"https:\/\/www.vebowag.de\/2019\/12\/18\/tenten-haus-der-begegnung-veranstaltungsprogramm-januar-bis-juli-2020\/#breadcrumb","itemListElement":[{"@type":"ListItem","position":1,"name":"Home","item":"https:\/\/www.vebowag.de\/"},{"@type":"ListItem","position":2,"name":"-Tenten- Haus der Begegnung: Veranstaltungsprogramm Januar bis Juli 2020"}]},{"@type":"WebSite","@id":"https:\/\/www.vebowag.de\/#website","url":"https:\/\/www.vebowag.de\/","name":"VEBOWAG","description":"Mein Zuhause in Bonn","potentialAction":[{"@type":"SearchAction","target":{"@type":"EntryPoint","urlTemplate":"https:\/\/www.vebowag.de\/?s={search_term_string}"},"query-input":{"@type":"PropertyValueSpecification","valueRequired":true,"valueName":"search_term_string"}}],"inLanguage":"en-EN"},{"@type":"Person","@id":"https:\/\/www.vebowag.de\/#\/schema\/person\/6f4c6d2656bd6fd684af32a9708ca020","name":"Norbert Krey","sameAs":["http:\/\/www.vebowag.de"],"url":"https:\/\/www.vebowag.de\/en\/author\/krey\/"}]}},"uagb_featured_image_src":{"full":["https:\/\/www.vebowag.de\/wp-content\/uploads\/2015\/12\/AnderWolfsburg_35_2_02.jpg",1024,683,false],"thumbnail":["https:\/\/www.vebowag.de\/wp-content\/uploads\/2015\/12\/AnderWolfsburg_35_2_02-150x150.jpg",150,150,true],"medium":["https:\/\/www.vebowag.de\/wp-content\/uploads\/2015\/12\/AnderWolfsburg_35_2_02-300x200.jpg",300,200,true],"medium_large":["https:\/\/www.vebowag.de\/wp-content\/uploads\/2015\/12\/AnderWolfsburg_35_2_02-768x512.jpg",750,500,true],"large":["https:\/\/www.vebowag.de\/wp-content\/uploads\/2015\/12\/AnderWolfsburg_35_2_02-1024x683.jpg",750,500,true],"1536x1536":["https:\/\/www.vebowag.de\/wp-content\/uploads\/2015\/12\/AnderWolfsburg_35_2_02.jpg",1024,683,false],"2048x2048":["https:\/\/www.vebowag.de\/wp-content\/uploads\/2015\/12\/AnderWolfsburg_35_2_02.jpg",1024,683,false],"home":["https:\/\/www.vebowag.de\/wp-content\/uploads\/2015\/12\/AnderWolfsburg_35_2_02-150x100.jpg",150,100,true],"list":["https:\/\/www.vebowag.de\/wp-content\/uploads\/2015\/12\/AnderWolfsburg_35_2_02-200x125.jpg",200,125,true]},"uagb_author_info":{"display_name":"Norbert Krey","author_link":"https:\/\/www.vebowag.de\/en\/author\/krey\/"},"uagb_comment_info":0,"uagb_excerpt":"Das neue Veranstaltungsprogamm f\u00fcr die erste Jahresh\u00e4lfte 2020 unserer Seniorenbegegnungsst\u00e4tte -Tenten- Haus der Begegnung zum Download.","_links":{"self":[{"href":"https:\/\/www.vebowag.de\/en\/wp-json\/wp\/v2\/posts\/6147"}],"collection":[{"href":"https:\/\/www.vebowag.de\/en\/wp-json\/wp\/v2\/posts"}],"about":[{"href":"https:\/\/www.vebowag.de\/en\/wp-json\/wp\/v2\/types\/post"}],"author":[{"embeddable":true,"href":"https:\/\/www.vebowag.de\/en\/wp-json\/wp\/v2\/users\/2"}],"replies":[{"embeddable":true,"href":"https:\/\/www.vebowag.de\/en\/wp-json\/wp\/v2\/comments?post=6147"}],"version-history":[{"count":19,"href":"https:\/\/www.vebowag.de\/en\/wp-json\/wp\/v2\/posts\/6147\/revisions"}],"predecessor-version":[{"id":6179,"href":"https:\/\/www.vebowag.de\/en\/wp-json\/wp\/v2\/posts\/6147\/revisions\/6179"}],"wp:featuredmedia":[{"embeddable":true,"href":"https:\/\/www.vebowag.de\/en\/wp-json\/wp\/v2\/media\/803"}],"wp:attachment":[{"href":"https:\/\/www.vebowag.de\/en\/wp-json\/wp\/v2\/media?parent=6147"}],"wp:term":[{"taxonomy":"category","embeddable":true,"href":"https:\/\/www.vebowag.de\/en\/wp-json\/wp\/v2\/categories?post=6147"},{"taxonomy":"post_tag","embeddable":true,"href":"https:\/\/www.vebowag.de\/en\/wp-json\/wp\/v2\/tags?post=6147"}],"curies":[{"name":"wp","href":"https:\/\/api.w.org\/{rel}","templated":true}]}}