{"id":5921,"date":"2019-07-24T15:25:52","date_gmt":"2019-07-24T13:25:52","guid":{"rendered":"https:\/\/www.vebowag.de\/?p=5921"},"modified":"2019-07-24T16:10:14","modified_gmt":"2019-07-24T14:10:14","slug":"veranstaltungsprogramm-tenten-haus-der-begegnung-2","status":"publish","type":"post","link":"https:\/\/www.vebowag.de\/en\/2019\/07\/24\/veranstaltungsprogramm-tenten-haus-der-begegnung-2\/","title":{"rendered":"-Tenten- Haus der Begegnung: Veranstaltungsprogramm August bis Dezember 2019"},"content":{"rendered":"\n<p>Das neue Veranstaltungsprogamm f\u00fcr die zweite Jahresh\u00e4lfte unserer Seniorenbegegnungsst\u00e4tte -Tenten- Haus der Begegnung&nbsp;zum Download. <\/p>\n\n\n\n<p>Hier finden Sie Sport- und Bewegungsangebote f\u00fcr verschiedene Altersklassen, Kurse zu den neuen Medien, gesundheitliche Pr\u00e4vention, Angebote f\u00fcr gemeinschaftliches Spielen, Selbsthilfegruppen, Feste und vieles mehr.<\/p>\n\n\n\n<p>Schauen Sie einfach mal rein! <\/p>\n\n\n\n<figure class=\"wp-block-image\"><a href=\"https:\/\/www.vebowag.de\/wp-content\/uploads\/2019\/07\/Wolfsburg-Heft-2-2019.pdf\" target=\"_blank\" rel=\"noreferrer noopener\"><img loading=\"lazy\" decoding=\"async\" width=\"528\" height=\"746\" src=\"https:\/\/www.vebowag.de\/wp-content\/uploads\/2019\/07\/Veranstaltungsprogramm-Wolfsburg-2-2019.png\" alt=\"\" class=\"wp-image-5940\" srcset=\"https:\/\/www.vebowag.de\/wp-content\/uploads\/2019\/07\/Veranstaltungsprogramm-Wolfsburg-2-2019.png 528w, https:\/\/www.vebowag.de\/wp-content\/uploads\/2019\/07\/Veranstaltungsprogramm-Wolfsburg-2-2019-212x300.png 212w\" sizes=\"(max-width: 528px) 100vw, 528px\" \/><\/a><\/figure>\n\n\n\n<p><\/p>\n","protected":false},"excerpt":{"rendered":"<p>Das neue Veranstaltungsprogamm f\u00fcr die zweite Jahresh\u00e4lfte unserer Seniorenbegegnungsst\u00e4tte -Tenten- Haus der Begegnung zum Download.<\/p>\n","protected":false},"author":2,"featured_media":513,"comment_status":"closed","ping_status":"open","sticky":false,"template":"","format":"standard","meta":{"_uag_custom_page_level_css":"","footnotes":""},"categories":[1],"tags":[],"class_list":["post-5921","post","type-post","status-publish","format-standard","has-post-thumbnail","hentry","category-aktuelles"],"translation":{"provider":"WPGlobus","version":"3.0.0","language":"en","enabled_languages":["de","en"],"languages":{"de":{"title":true,"content":true,"excerpt":true},"en":{"title":false,"content":false,"excerpt":false}}},"yoast_head":"<!-- This site is optimized with the Yoast SEO plugin v23.8 - https:\/\/yoast.com\/wordpress\/plugins\/seo\/ -->\n<title>-Tenten- Haus der Begegnung: Veranstaltungsprogramm August bis Dezember 2019 - VEBOWAG<\/title>\n<meta name=\"robots\" content=\"index, follow, max-snippet:-1, max-image-preview:large, max-video-preview:-1\" \/>\n<link rel=\"canonical\" href=\"https:\/\/www.vebowag.de\/2019\/07\/24\/veranstaltungsprogramm-tenten-haus-der-begegnung-2\/\" \/>\n<meta property=\"og:locale\" content=\"en_US\" \/>\n<meta property=\"og:type\" content=\"article\" \/>\n<meta property=\"og:title\" content=\"-Tenten- Haus der Begegnung: Veranstaltungsprogramm August bis Dezember 2019 - VEBOWAG\" \/>\n<meta property=\"og:url\" content=\"https:\/\/www.vebowag.de\/2019\/07\/24\/veranstaltungsprogramm-tenten-haus-der-begegnung-2\/\" \/>\n<meta property=\"og:site_name\" content=\"VEBOWAG\" \/>\n<meta property=\"article:publisher\" content=\"https:\/\/www.facebook.com\/vebowag\/\" \/>\n<meta property=\"article:published_time\" content=\"2019-07-24T13:25:52+00:00\" \/>\n<meta property=\"article:modified_time\" content=\"2019-07-24T14:10:14+00:00\" \/>\n<meta property=\"og:image\" content=\"https:\/\/www.vebowag.de\/wp-content\/uploads\/2016\/01\/image.jpeg\" \/>\n\t<meta property=\"og:image:width\" content=\"1024\" \/>\n\t<meta property=\"og:image:height\" content=\"683\" \/>\n\t<meta property=\"og:image:type\" content=\"image\/jpeg\" \/>\n<meta name=\"author\" content=\"Norbert Krey\" \/>\n<meta name=\"twitter:card\" content=\"summary_large_image\" \/>\n<meta name=\"twitter:creator\" content=\"@vebowag\" \/>\n<meta name=\"twitter:site\" content=\"@vebowag\" \/>\n<meta name=\"twitter:label1\" content=\"Written by\" \/>\n\t<meta name=\"twitter:data1\" content=\"Norbert Krey\" \/>\n<script type=\"application\/ld+json\" class=\"yoast-schema-graph\">{\"@context\":\"https:\/\/schema.org\",\"@graph\":[{\"@type\":\"WebPage\",\"@id\":\"https:\/\/www.vebowag.de\/2019\/07\/24\/veranstaltungsprogramm-tenten-haus-der-begegnung-2\/\",\"url\":\"https:\/\/www.vebowag.de\/2019\/07\/24\/veranstaltungsprogramm-tenten-haus-der-begegnung-2\/\",\"name\":\"-Tenten- Haus der Begegnung: Veranstaltungsprogramm August bis Dezember 2019 - VEBOWAG\",\"isPartOf\":{\"@id\":\"https:\/\/www.vebowag.de\/#website\"},\"primaryImageOfPage\":{\"@id\":\"https:\/\/www.vebowag.de\/2019\/07\/24\/veranstaltungsprogramm-tenten-haus-der-begegnung-2\/#primaryimage\"},\"image\":{\"@id\":\"https:\/\/www.vebowag.de\/2019\/07\/24\/veranstaltungsprogramm-tenten-haus-der-begegnung-2\/#primaryimage\"},\"thumbnailUrl\":\"https:\/\/www.vebowag.de\/wp-content\/uploads\/2016\/01\/image.jpeg\",\"datePublished\":\"2019-07-24T13:25:52+00:00\",\"dateModified\":\"2019-07-24T14:10:14+00:00\",\"author\":{\"@id\":\"https:\/\/www.vebowag.de\/#\/schema\/person\/6f4c6d2656bd6fd684af32a9708ca020\"},\"breadcrumb\":{\"@id\":\"https:\/\/www.vebowag.de\/2019\/07\/24\/veranstaltungsprogramm-tenten-haus-der-begegnung-2\/#breadcrumb\"},\"inLanguage\":\"en-EN\",\"potentialAction\":[{\"@type\":\"ReadAction\",\"target\":[\"https:\/\/www.vebowag.de\/2019\/07\/24\/veranstaltungsprogramm-tenten-haus-der-begegnung-2\/\"]}]},{\"@type\":\"ImageObject\",\"inLanguage\":\"en-EN\",\"@id\":\"https:\/\/www.vebowag.de\/2019\/07\/24\/veranstaltungsprogramm-tenten-haus-der-begegnung-2\/#primaryimage\",\"url\":\"https:\/\/www.vebowag.de\/wp-content\/uploads\/2016\/01\/image.jpeg\",\"contentUrl\":\"https:\/\/www.vebowag.de\/wp-content\/uploads\/2016\/01\/image.jpeg\",\"width\":1024,\"height\":683},{\"@type\":\"BreadcrumbList\",\"@id\":\"https:\/\/www.vebowag.de\/2019\/07\/24\/veranstaltungsprogramm-tenten-haus-der-begegnung-2\/#breadcrumb\",\"itemListElement\":[{\"@type\":\"ListItem\",\"position\":1,\"name\":\"Home\",\"item\":\"https:\/\/www.vebowag.de\/\"},{\"@type\":\"ListItem\",\"position\":2,\"name\":\"-Tenten- Haus der Begegnung: Veranstaltungsprogramm August bis Dezember 2019\"}]},{\"@type\":\"WebSite\",\"@id\":\"https:\/\/www.vebowag.de\/#website\",\"url\":\"https:\/\/www.vebowag.de\/\",\"name\":\"VEBOWAG\",\"description\":\"Mein Zuhause in Bonn\",\"potentialAction\":[{\"@type\":\"SearchAction\",\"target\":{\"@type\":\"EntryPoint\",\"urlTemplate\":\"https:\/\/www.vebowag.de\/?s={search_term_string}\"},\"query-input\":{\"@type\":\"PropertyValueSpecification\",\"valueRequired\":true,\"valueName\":\"search_term_string\"}}],\"inLanguage\":\"en-EN\"},{\"@type\":\"Person\",\"@id\":\"https:\/\/www.vebowag.de\/#\/schema\/person\/6f4c6d2656bd6fd684af32a9708ca020\",\"name\":\"Norbert Krey\",\"sameAs\":[\"http:\/\/www.vebowag.de\"],\"url\":\"https:\/\/www.vebowag.de\/en\/author\/krey\/\"}]}<\/script>\n<!-- \/ Yoast SEO plugin. -->","yoast_head_json":{"title":"-Tenten- Haus der Begegnung: Veranstaltungsprogramm August bis Dezember 2019 - VEBOWAG","robots":{"index":"index","follow":"follow","max-snippet":"max-snippet:-1","max-image-preview":"max-image-preview:large","max-video-preview":"max-video-preview:-1"},"canonical":"https:\/\/www.vebowag.de\/2019\/07\/24\/veranstaltungsprogramm-tenten-haus-der-begegnung-2\/","og_locale":"en_US","og_type":"article","og_title":"-Tenten- Haus der Begegnung: Veranstaltungsprogramm August bis Dezember 2019 - VEBOWAG","og_url":"https:\/\/www.vebowag.de\/2019\/07\/24\/veranstaltungsprogramm-tenten-haus-der-begegnung-2\/","og_site_name":"VEBOWAG","article_publisher":"https:\/\/www.facebook.com\/vebowag\/","article_published_time":"2019-07-24T13:25:52+00:00","article_modified_time":"2019-07-24T14:10:14+00:00","og_image":[{"width":1024,"height":683,"url":"https:\/\/www.vebowag.de\/wp-content\/uploads\/2016\/01\/image.jpeg","type":"image\/jpeg"}],"author":"Norbert Krey","twitter_card":"summary_large_image","twitter_creator":"@vebowag","twitter_site":"@vebowag","twitter_misc":{"Written by":"Norbert Krey"},"schema":{"@context":"https:\/\/schema.org","@graph":[{"@type":"WebPage","@id":"https:\/\/www.vebowag.de\/2019\/07\/24\/veranstaltungsprogramm-tenten-haus-der-begegnung-2\/","url":"https:\/\/www.vebowag.de\/2019\/07\/24\/veranstaltungsprogramm-tenten-haus-der-begegnung-2\/","name":"-Tenten- Haus der Begegnung: Veranstaltungsprogramm August bis Dezember 2019 - VEBOWAG","isPartOf":{"@id":"https:\/\/www.vebowag.de\/#website"},"primaryImageOfPage":{"@id":"https:\/\/www.vebowag.de\/2019\/07\/24\/veranstaltungsprogramm-tenten-haus-der-begegnung-2\/#primaryimage"},"image":{"@id":"https:\/\/www.vebowag.de\/2019\/07\/24\/veranstaltungsprogramm-tenten-haus-der-begegnung-2\/#primaryimage"},"thumbnailUrl":"https:\/\/www.vebowag.de\/wp-content\/uploads\/2016\/01\/image.jpeg","datePublished":"2019-07-24T13:25:52+00:00","dateModified":"2019-07-24T14:10:14+00:00","author":{"@id":"https:\/\/www.vebowag.de\/#\/schema\/person\/6f4c6d2656bd6fd684af32a9708ca020"},"breadcrumb":{"@id":"https:\/\/www.vebowag.de\/2019\/07\/24\/veranstaltungsprogramm-tenten-haus-der-begegnung-2\/#breadcrumb"},"inLanguage":"en-EN","potentialAction":[{"@type":"ReadAction","target":["https:\/\/www.vebowag.de\/2019\/07\/24\/veranstaltungsprogramm-tenten-haus-der-begegnung-2\/"]}]},{"@type":"ImageObject","inLanguage":"en-EN","@id":"https:\/\/www.vebowag.de\/2019\/07\/24\/veranstaltungsprogramm-tenten-haus-der-begegnung-2\/#primaryimage","url":"https:\/\/www.vebowag.de\/wp-content\/uploads\/2016\/01\/image.jpeg","contentUrl":"https:\/\/www.vebowag.de\/wp-content\/uploads\/2016\/01\/image.jpeg","width":1024,"height":683},{"@type":"BreadcrumbList","@id":"https:\/\/www.vebowag.de\/2019\/07\/24\/veranstaltungsprogramm-tenten-haus-der-begegnung-2\/#breadcrumb","itemListElement":[{"@type":"ListItem","position":1,"name":"Home","item":"https:\/\/www.vebowag.de\/"},{"@type":"ListItem","position":2,"name":"-Tenten- Haus der Begegnung: Veranstaltungsprogramm August bis Dezember 2019"}]},{"@type":"WebSite","@id":"https:\/\/www.vebowag.de\/#website","url":"https:\/\/www.vebowag.de\/","name":"VEBOWAG","description":"Mein Zuhause in Bonn","potentialAction":[{"@type":"SearchAction","target":{"@type":"EntryPoint","urlTemplate":"https:\/\/www.vebowag.de\/?s={search_term_string}"},"query-input":{"@type":"PropertyValueSpecification","valueRequired":true,"valueName":"search_term_string"}}],"inLanguage":"en-EN"},{"@type":"Person","@id":"https:\/\/www.vebowag.de\/#\/schema\/person\/6f4c6d2656bd6fd684af32a9708ca020","name":"Norbert Krey","sameAs":["http:\/\/www.vebowag.de"],"url":"https:\/\/www.vebowag.de\/en\/author\/krey\/"}]}},"uagb_featured_image_src":{"full":["https:\/\/www.vebowag.de\/wp-content\/uploads\/2016\/01\/image.jpeg",1024,683,false],"thumbnail":["https:\/\/www.vebowag.de\/wp-content\/uploads\/2016\/01\/image-150x150.jpeg",150,150,true],"medium":["https:\/\/www.vebowag.de\/wp-content\/uploads\/2016\/01\/image-300x200.jpeg",300,200,true],"medium_large":["https:\/\/www.vebowag.de\/wp-content\/uploads\/2016\/01\/image-768x512.jpeg",750,500,true],"large":["https:\/\/www.vebowag.de\/wp-content\/uploads\/2016\/01\/image-1024x683.jpeg",750,500,true],"1536x1536":["https:\/\/www.vebowag.de\/wp-content\/uploads\/2016\/01\/image.jpeg",1024,683,false],"2048x2048":["https:\/\/www.vebowag.de\/wp-content\/uploads\/2016\/01\/image.jpeg",1024,683,false],"home":["https:\/\/www.vebowag.de\/wp-content\/uploads\/2016\/01\/image-150x100.jpeg",150,100,true],"list":["https:\/\/www.vebowag.de\/wp-content\/uploads\/2016\/01\/image-200x125.jpeg",200,125,true]},"uagb_author_info":{"display_name":"Norbert Krey","author_link":"https:\/\/www.vebowag.de\/en\/author\/krey\/"},"uagb_comment_info":0,"uagb_excerpt":"Das neue Veranstaltungsprogamm f\u00fcr die zweite Jahresh\u00e4lfte unserer Seniorenbegegnungsst\u00e4tte -Tenten- Haus der Begegnung zum Download.","_links":{"self":[{"href":"https:\/\/www.vebowag.de\/en\/wp-json\/wp\/v2\/posts\/5921"}],"collection":[{"href":"https:\/\/www.vebowag.de\/en\/wp-json\/wp\/v2\/posts"}],"about":[{"href":"https:\/\/www.vebowag.de\/en\/wp-json\/wp\/v2\/types\/post"}],"author":[{"embeddable":true,"href":"https:\/\/www.vebowag.de\/en\/wp-json\/wp\/v2\/users\/2"}],"replies":[{"embeddable":true,"href":"https:\/\/www.vebowag.de\/en\/wp-json\/wp\/v2\/comments?post=5921"}],"version-history":[{"count":12,"href":"https:\/\/www.vebowag.de\/en\/wp-json\/wp\/v2\/posts\/5921\/revisions"}],"predecessor-version":[{"id":5949,"href":"https:\/\/www.vebowag.de\/en\/wp-json\/wp\/v2\/posts\/5921\/revisions\/5949"}],"wp:featuredmedia":[{"embeddable":true,"href":"https:\/\/www.vebowag.de\/en\/wp-json\/wp\/v2\/media\/513"}],"wp:attachment":[{"href":"https:\/\/www.vebowag.de\/en\/wp-json\/wp\/v2\/media?parent=5921"}],"wp:term":[{"taxonomy":"category","embeddable":true,"href":"https:\/\/www.vebowag.de\/en\/wp-json\/wp\/v2\/categories?post=5921"},{"taxonomy":"post_tag","embeddable":true,"href":"https:\/\/www.vebowag.de\/en\/wp-json\/wp\/v2\/tags?post=5921"}],"curies":[{"name":"wp","href":"https:\/\/api.w.org\/{rel}","templated":true}]}}