{"id":5778,"date":"2019-06-24T09:45:42","date_gmt":"2019-06-24T07:45:42","guid":{"rendered":"https:\/\/www.vebowag.de\/?p=5778"},"modified":"2019-06-24T11:10:53","modified_gmt":"2019-06-24T09:10:53","slug":"vebowag-erwirbt-elf-einfamilienhaeuser-in-vilich-mueldorf","status":"publish","type":"post","link":"https:\/\/www.vebowag.de\/en\/2019\/06\/24\/vebowag-erwirbt-elf-einfamilienhaeuser-in-vilich-mueldorf\/","title":{"rendered":"VEBOWAG erwirbt elf Einfamilienh\u00e4user in Vilich-M\u00fcldorf"},"content":{"rendered":"\n<p class=\"has-medium-font-size\">Die Vereinigte Bonner Wohnungsbau AG erweitert ihren Bestand durch den Ankauf von elf gef\u00f6rderten Reihenh\u00e4usern an der Wilfried-Hatzfeld-Stra\u00dfe und am Clara-Schumann-Weg. <\/p>\n\n\n\n<p class=\"has-medium-font-size\">Die im Jahr 2010 errichteten Einfamilienh\u00e4user verf\u00fcgen\njeweils \u00fcber vier Wohnr\u00e4ume mit einer Gr\u00f6\u00dfe von knapp 100 m\u00b2. Auf der 1.800 m\u00b2\ngro\u00dfen Grundst\u00fccksfl\u00e4che befinden sich zudem elf PKW-Stellpl\u00e4tze. Die VEBOWAG\n\u00fcbernimmt die vollst\u00e4ndig vermieteten H\u00e4user zum 1. Juli 2019.<\/p>\n\n\n\n<p class=\"has-medium-font-size\">Durch den Ankauf und die in K\u00fcrze bezugsfertigen Neubauprojekte Offenbach-\/Wiedemannstra\u00dfe und Zitelmannstra\u00dfe mit weiteren 69 gef\u00f6rderten Wohnungen wird der Wohnungsbestand der VEBOWAG bis Ende 2019 auf ca. 6.450 eigene Wohnungen anwachsen.<\/p>\n\n\n\n<ul class=\"wp-block-gallery columns-2 is-cropped wp-block-gallery-1 is-layout-flex wp-block-gallery-is-layout-flex\"><li class=\"blocks-gallery-item\"><figure><img loading=\"lazy\" decoding=\"async\" width=\"1024\" height=\"680\" src=\"https:\/\/www.vebowag.de\/wp-content\/uploads\/2019\/06\/DSC_0056-2-1024x680.jpg\" alt=\"\" data-id=\"5779\" data-link=\"https:\/\/www.vebowag.de\/2019\/06\/24\/vebowag-erwirbt-elf-einfamilienhaeuser-in-vilich-mueldorf\/dsc_0056-2\/#main\" class=\"wp-image-5779\" srcset=\"https:\/\/www.vebowag.de\/wp-content\/uploads\/2019\/06\/DSC_0056-2-1024x680.jpg 1024w, https:\/\/www.vebowag.de\/wp-content\/uploads\/2019\/06\/DSC_0056-2-300x199.jpg 300w, https:\/\/www.vebowag.de\/wp-content\/uploads\/2019\/06\/DSC_0056-2-768x510.jpg 768w, https:\/\/www.vebowag.de\/wp-content\/uploads\/2019\/06\/DSC_0056-2-150x100.jpg 150w\" sizes=\"(max-width: 1024px) 100vw, 1024px\" \/><\/figure><\/li><li class=\"blocks-gallery-item\"><figure><img loading=\"lazy\" decoding=\"async\" width=\"1024\" height=\"688\" src=\"https:\/\/www.vebowag.de\/wp-content\/uploads\/2019\/06\/DSC_0052-3_ShiftN-1024x688.jpg\" alt=\"\" data-id=\"5780\" data-link=\"https:\/\/www.vebowag.de\/2019\/06\/24\/vebowag-erwirbt-elf-einfamilienhaeuser-in-vilich-mueldorf\/dsc_0052-3_shiftn\/#main\" class=\"wp-image-5780\" srcset=\"https:\/\/www.vebowag.de\/wp-content\/uploads\/2019\/06\/DSC_0052-3_ShiftN-1024x688.jpg 1024w, https:\/\/www.vebowag.de\/wp-content\/uploads\/2019\/06\/DSC_0052-3_ShiftN-300x201.jpg 300w, https:\/\/www.vebowag.de\/wp-content\/uploads\/2019\/06\/DSC_0052-3_ShiftN-768x516.jpg 768w, https:\/\/www.vebowag.de\/wp-content\/uploads\/2019\/06\/DSC_0052-3_ShiftN-150x100.jpg 150w\" sizes=\"(max-width: 1024px) 100vw, 1024px\" \/><\/figure><\/li><\/ul>\n","protected":false},"excerpt":{"rendered":"<p>Die Vereinigte Bonner Wohnungsbau AG erweitert ihren Bestand durch den Ankauf von elf gef\u00f6rderten Reihenh\u00e4usern an der Wilfried-Hatzfeld-Stra\u00dfe und am Clara-Schumann-Weg. Die im Jahr 2010 errichteten Einfamilienh\u00e4user  &#8230; Weiterlesen \u00bb<\/p>\n","protected":false},"author":2,"featured_media":5779,"comment_status":"closed","ping_status":"open","sticky":false,"template":"","format":"standard","meta":{"_uag_custom_page_level_css":"","footnotes":""},"categories":[1],"tags":[],"class_list":["post-5778","post","type-post","status-publish","format-standard","has-post-thumbnail","hentry","category-aktuelles"],"translation":{"provider":"WPGlobus","version":"3.0.0","language":"en","enabled_languages":["de","en"],"languages":{"de":{"title":true,"content":true,"excerpt":true},"en":{"title":false,"content":false,"excerpt":false}}},"yoast_head":"<!-- This site is optimized with the Yoast SEO plugin v23.8 - https:\/\/yoast.com\/wordpress\/plugins\/seo\/ -->\n<title>VEBOWAG erwirbt elf Einfamilienh\u00e4user in Vilich-M\u00fcldorf - VEBOWAG<\/title>\n<meta name=\"robots\" content=\"index, follow, max-snippet:-1, max-image-preview:large, max-video-preview:-1\" \/>\n<link rel=\"canonical\" href=\"https:\/\/www.vebowag.de\/en\/2019\/06\/24\/vebowag-erwirbt-elf-einfamilienhaeuser-in-vilich-mueldorf\/\" \/>\n<meta property=\"og:locale\" content=\"en_US\" \/>\n<meta property=\"og:type\" content=\"article\" \/>\n<meta property=\"og:title\" content=\"VEBOWAG erwirbt elf Einfamilienh\u00e4user in Vilich-M\u00fcldorf - VEBOWAG\" \/>\n<meta property=\"og:url\" content=\"https:\/\/www.vebowag.de\/en\/2019\/06\/24\/vebowag-erwirbt-elf-einfamilienhaeuser-in-vilich-mueldorf\/\" \/>\n<meta property=\"og:site_name\" content=\"VEBOWAG\" \/>\n<meta property=\"article:publisher\" content=\"https:\/\/www.facebook.com\/vebowag\/\" \/>\n<meta property=\"article:published_time\" content=\"2019-06-24T07:45:42+00:00\" \/>\n<meta property=\"article:modified_time\" content=\"2019-06-24T09:10:53+00:00\" \/>\n<meta property=\"og:image\" content=\"https:\/\/www.vebowag.de\/wp-content\/uploads\/2019\/06\/DSC_0056-2.jpg\" \/>\n\t<meta property=\"og:image:width\" content=\"3492\" \/>\n\t<meta property=\"og:image:height\" content=\"2319\" \/>\n\t<meta property=\"og:image:type\" content=\"image\/jpeg\" \/>\n<meta name=\"author\" content=\"Norbert Krey\" \/>\n<meta name=\"twitter:card\" content=\"summary_large_image\" \/>\n<meta name=\"twitter:creator\" content=\"@vebowag\" \/>\n<meta name=\"twitter:site\" content=\"@vebowag\" \/>\n<meta name=\"twitter:label1\" content=\"Written by\" \/>\n\t<meta name=\"twitter:data1\" content=\"Norbert Krey\" \/>\n\t<meta name=\"twitter:label2\" content=\"Est. reading time\" \/>\n\t<meta name=\"twitter:data2\" content=\"1 minute\" \/>\n<script type=\"application\/ld+json\" class=\"yoast-schema-graph\">{\"@context\":\"https:\/\/schema.org\",\"@graph\":[{\"@type\":\"WebPage\",\"@id\":\"https:\/\/www.vebowag.de\/en\/2019\/06\/24\/vebowag-erwirbt-elf-einfamilienhaeuser-in-vilich-mueldorf\/\",\"url\":\"https:\/\/www.vebowag.de\/en\/2019\/06\/24\/vebowag-erwirbt-elf-einfamilienhaeuser-in-vilich-mueldorf\/\",\"name\":\"VEBOWAG erwirbt elf Einfamilienh\u00e4user in Vilich-M\u00fcldorf - VEBOWAG\",\"isPartOf\":{\"@id\":\"https:\/\/www.vebowag.de\/#website\"},\"primaryImageOfPage\":{\"@id\":\"https:\/\/www.vebowag.de\/en\/2019\/06\/24\/vebowag-erwirbt-elf-einfamilienhaeuser-in-vilich-mueldorf\/#primaryimage\"},\"image\":{\"@id\":\"https:\/\/www.vebowag.de\/en\/2019\/06\/24\/vebowag-erwirbt-elf-einfamilienhaeuser-in-vilich-mueldorf\/#primaryimage\"},\"thumbnailUrl\":\"https:\/\/www.vebowag.de\/wp-content\/uploads\/2019\/06\/DSC_0056-2.jpg\",\"datePublished\":\"2019-06-24T07:45:42+00:00\",\"dateModified\":\"2019-06-24T09:10:53+00:00\",\"author\":{\"@id\":\"https:\/\/www.vebowag.de\/#\/schema\/person\/6f4c6d2656bd6fd684af32a9708ca020\"},\"breadcrumb\":{\"@id\":\"https:\/\/www.vebowag.de\/en\/2019\/06\/24\/vebowag-erwirbt-elf-einfamilienhaeuser-in-vilich-mueldorf\/#breadcrumb\"},\"inLanguage\":\"en-EN\",\"potentialAction\":[{\"@type\":\"ReadAction\",\"target\":[\"https:\/\/www.vebowag.de\/en\/2019\/06\/24\/vebowag-erwirbt-elf-einfamilienhaeuser-in-vilich-mueldorf\/\"]}]},{\"@type\":\"ImageObject\",\"inLanguage\":\"en-EN\",\"@id\":\"https:\/\/www.vebowag.de\/en\/2019\/06\/24\/vebowag-erwirbt-elf-einfamilienhaeuser-in-vilich-mueldorf\/#primaryimage\",\"url\":\"https:\/\/www.vebowag.de\/wp-content\/uploads\/2019\/06\/DSC_0056-2.jpg\",\"contentUrl\":\"https:\/\/www.vebowag.de\/wp-content\/uploads\/2019\/06\/DSC_0056-2.jpg\",\"width\":3492,\"height\":2319},{\"@type\":\"BreadcrumbList\",\"@id\":\"https:\/\/www.vebowag.de\/en\/2019\/06\/24\/vebowag-erwirbt-elf-einfamilienhaeuser-in-vilich-mueldorf\/#breadcrumb\",\"itemListElement\":[{\"@type\":\"ListItem\",\"position\":1,\"name\":\"Home\",\"item\":\"https:\/\/www.vebowag.de\/\"},{\"@type\":\"ListItem\",\"position\":2,\"name\":\"VEBOWAG erwirbt elf Einfamilienh\u00e4user in Vilich-M\u00fcldorf\"}]},{\"@type\":\"WebSite\",\"@id\":\"https:\/\/www.vebowag.de\/#website\",\"url\":\"https:\/\/www.vebowag.de\/\",\"name\":\"VEBOWAG\",\"description\":\"Mein Zuhause in Bonn\",\"potentialAction\":[{\"@type\":\"SearchAction\",\"target\":{\"@type\":\"EntryPoint\",\"urlTemplate\":\"https:\/\/www.vebowag.de\/?s={search_term_string}\"},\"query-input\":{\"@type\":\"PropertyValueSpecification\",\"valueRequired\":true,\"valueName\":\"search_term_string\"}}],\"inLanguage\":\"en-EN\"},{\"@type\":\"Person\",\"@id\":\"https:\/\/www.vebowag.de\/#\/schema\/person\/6f4c6d2656bd6fd684af32a9708ca020\",\"name\":\"Norbert Krey\",\"sameAs\":[\"http:\/\/www.vebowag.de\"],\"url\":\"https:\/\/www.vebowag.de\/en\/author\/krey\/\"}]}<\/script>\n<!-- \/ Yoast SEO plugin. -->","yoast_head_json":{"title":"VEBOWAG erwirbt elf Einfamilienh\u00e4user in Vilich-M\u00fcldorf - VEBOWAG","robots":{"index":"index","follow":"follow","max-snippet":"max-snippet:-1","max-image-preview":"max-image-preview:large","max-video-preview":"max-video-preview:-1"},"canonical":"https:\/\/www.vebowag.de\/en\/2019\/06\/24\/vebowag-erwirbt-elf-einfamilienhaeuser-in-vilich-mueldorf\/","og_locale":"en_US","og_type":"article","og_title":"VEBOWAG erwirbt elf Einfamilienh\u00e4user in Vilich-M\u00fcldorf - VEBOWAG","og_url":"https:\/\/www.vebowag.de\/en\/2019\/06\/24\/vebowag-erwirbt-elf-einfamilienhaeuser-in-vilich-mueldorf\/","og_site_name":"VEBOWAG","article_publisher":"https:\/\/www.facebook.com\/vebowag\/","article_published_time":"2019-06-24T07:45:42+00:00","article_modified_time":"2019-06-24T09:10:53+00:00","og_image":[{"width":3492,"height":2319,"url":"https:\/\/www.vebowag.de\/wp-content\/uploads\/2019\/06\/DSC_0056-2.jpg","type":"image\/jpeg"}],"author":"Norbert Krey","twitter_card":"summary_large_image","twitter_creator":"@vebowag","twitter_site":"@vebowag","twitter_misc":{"Written by":"Norbert Krey","Est. reading time":"1 minute"},"schema":{"@context":"https:\/\/schema.org","@graph":[{"@type":"WebPage","@id":"https:\/\/www.vebowag.de\/en\/2019\/06\/24\/vebowag-erwirbt-elf-einfamilienhaeuser-in-vilich-mueldorf\/","url":"https:\/\/www.vebowag.de\/en\/2019\/06\/24\/vebowag-erwirbt-elf-einfamilienhaeuser-in-vilich-mueldorf\/","name":"VEBOWAG erwirbt elf Einfamilienh\u00e4user in Vilich-M\u00fcldorf - VEBOWAG","isPartOf":{"@id":"https:\/\/www.vebowag.de\/#website"},"primaryImageOfPage":{"@id":"https:\/\/www.vebowag.de\/en\/2019\/06\/24\/vebowag-erwirbt-elf-einfamilienhaeuser-in-vilich-mueldorf\/#primaryimage"},"image":{"@id":"https:\/\/www.vebowag.de\/en\/2019\/06\/24\/vebowag-erwirbt-elf-einfamilienhaeuser-in-vilich-mueldorf\/#primaryimage"},"thumbnailUrl":"https:\/\/www.vebowag.de\/wp-content\/uploads\/2019\/06\/DSC_0056-2.jpg","datePublished":"2019-06-24T07:45:42+00:00","dateModified":"2019-06-24T09:10:53+00:00","author":{"@id":"https:\/\/www.vebowag.de\/#\/schema\/person\/6f4c6d2656bd6fd684af32a9708ca020"},"breadcrumb":{"@id":"https:\/\/www.vebowag.de\/en\/2019\/06\/24\/vebowag-erwirbt-elf-einfamilienhaeuser-in-vilich-mueldorf\/#breadcrumb"},"inLanguage":"en-EN","potentialAction":[{"@type":"ReadAction","target":["https:\/\/www.vebowag.de\/en\/2019\/06\/24\/vebowag-erwirbt-elf-einfamilienhaeuser-in-vilich-mueldorf\/"]}]},{"@type":"ImageObject","inLanguage":"en-EN","@id":"https:\/\/www.vebowag.de\/en\/2019\/06\/24\/vebowag-erwirbt-elf-einfamilienhaeuser-in-vilich-mueldorf\/#primaryimage","url":"https:\/\/www.vebowag.de\/wp-content\/uploads\/2019\/06\/DSC_0056-2.jpg","contentUrl":"https:\/\/www.vebowag.de\/wp-content\/uploads\/2019\/06\/DSC_0056-2.jpg","width":3492,"height":2319},{"@type":"BreadcrumbList","@id":"https:\/\/www.vebowag.de\/en\/2019\/06\/24\/vebowag-erwirbt-elf-einfamilienhaeuser-in-vilich-mueldorf\/#breadcrumb","itemListElement":[{"@type":"ListItem","position":1,"name":"Home","item":"https:\/\/www.vebowag.de\/"},{"@type":"ListItem","position":2,"name":"VEBOWAG erwirbt elf Einfamilienh\u00e4user in Vilich-M\u00fcldorf"}]},{"@type":"WebSite","@id":"https:\/\/www.vebowag.de\/#website","url":"https:\/\/www.vebowag.de\/","name":"VEBOWAG","description":"Mein Zuhause in Bonn","potentialAction":[{"@type":"SearchAction","target":{"@type":"EntryPoint","urlTemplate":"https:\/\/www.vebowag.de\/?s={search_term_string}"},"query-input":{"@type":"PropertyValueSpecification","valueRequired":true,"valueName":"search_term_string"}}],"inLanguage":"en-EN"},{"@type":"Person","@id":"https:\/\/www.vebowag.de\/#\/schema\/person\/6f4c6d2656bd6fd684af32a9708ca020","name":"Norbert Krey","sameAs":["http:\/\/www.vebowag.de"],"url":"https:\/\/www.vebowag.de\/en\/author\/krey\/"}]}},"uagb_featured_image_src":{"full":["https:\/\/www.vebowag.de\/wp-content\/uploads\/2019\/06\/DSC_0056-2.jpg",3492,2319,false],"thumbnail":["https:\/\/www.vebowag.de\/wp-content\/uploads\/2019\/06\/DSC_0056-2-150x150.jpg",150,150,true],"medium":["https:\/\/www.vebowag.de\/wp-content\/uploads\/2019\/06\/DSC_0056-2-300x199.jpg",300,199,true],"medium_large":["https:\/\/www.vebowag.de\/wp-content\/uploads\/2019\/06\/DSC_0056-2-768x510.jpg",750,498,true],"large":["https:\/\/www.vebowag.de\/wp-content\/uploads\/2019\/06\/DSC_0056-2-1024x680.jpg",750,498,true],"1536x1536":["https:\/\/www.vebowag.de\/wp-content\/uploads\/2019\/06\/DSC_0056-2.jpg",1536,1020,false],"2048x2048":["https:\/\/www.vebowag.de\/wp-content\/uploads\/2019\/06\/DSC_0056-2.jpg",2048,1360,false],"home":["https:\/\/www.vebowag.de\/wp-content\/uploads\/2019\/06\/DSC_0056-2-150x100.jpg",150,100,true],"list":["https:\/\/www.vebowag.de\/wp-content\/uploads\/2019\/06\/DSC_0056-2-200x125.jpg",200,125,true]},"uagb_author_info":{"display_name":"Norbert Krey","author_link":"https:\/\/www.vebowag.de\/en\/author\/krey\/"},"uagb_comment_info":0,"uagb_excerpt":"Die Vereinigte Bonner Wohnungsbau AG erweitert ihren Bestand durch den Ankauf von elf gef\u00f6rderten Reihenh\u00e4usern an der Wilfried-Hatzfeld-Stra\u00dfe und am Clara-Schumann-Weg. Die im Jahr 2010 errichteten Einfamilienh\u00e4user ... Weiterlesen \u00bb","_links":{"self":[{"href":"https:\/\/www.vebowag.de\/en\/wp-json\/wp\/v2\/posts\/5778"}],"collection":[{"href":"https:\/\/www.vebowag.de\/en\/wp-json\/wp\/v2\/posts"}],"about":[{"href":"https:\/\/www.vebowag.de\/en\/wp-json\/wp\/v2\/types\/post"}],"author":[{"embeddable":true,"href":"https:\/\/www.vebowag.de\/en\/wp-json\/wp\/v2\/users\/2"}],"replies":[{"embeddable":true,"href":"https:\/\/www.vebowag.de\/en\/wp-json\/wp\/v2\/comments?post=5778"}],"version-history":[{"count":15,"href":"https:\/\/www.vebowag.de\/en\/wp-json\/wp\/v2\/posts\/5778\/revisions"}],"predecessor-version":[{"id":5808,"href":"https:\/\/www.vebowag.de\/en\/wp-json\/wp\/v2\/posts\/5778\/revisions\/5808"}],"wp:featuredmedia":[{"embeddable":true,"href":"https:\/\/www.vebowag.de\/en\/wp-json\/wp\/v2\/media\/5779"}],"wp:attachment":[{"href":"https:\/\/www.vebowag.de\/en\/wp-json\/wp\/v2\/media?parent=5778"}],"wp:term":[{"taxonomy":"category","embeddable":true,"href":"https:\/\/www.vebowag.de\/en\/wp-json\/wp\/v2\/categories?post=5778"},{"taxonomy":"post_tag","embeddable":true,"href":"https:\/\/www.vebowag.de\/en\/wp-json\/wp\/v2\/tags?post=5778"}],"curies":[{"name":"wp","href":"https:\/\/api.w.org\/{rel}","templated":true}]}}