{"id":5464,"date":"2019-03-04T15:00:48","date_gmt":"2019-03-04T14:00:48","guid":{"rendered":"https:\/\/www.vebowag.de\/?p=5464"},"modified":"2020-08-28T13:56:01","modified_gmt":"2020-08-28T11:56:01","slug":"dachausbau-maidenheadstrasse-2-8","status":"publish","type":"post","link":"https:\/\/www.vebowag.de\/en\/2019\/03\/04\/dachausbau-maidenheadstrasse-2-8\/","title":{"rendered":"Dachausbau Maidenheadstra\u00dfe 2-8"},"content":{"rendered":"\n<p>Fortsetzung unseres Dachausbau-Programms in Pennenfeld. In den H\u00e4usern&nbsp;Maidenheadstra\u00dfe&nbsp;2-8&nbsp;entstanden im Jahr 2019 weitere acht \u00f6ffentlich gef\u00f6rderte Wohnungen.<\/p>\n\n\n\n<!--more-->\n\n\n\n<h4 class=\"wp-block-heading\">Auf einen Blick<\/h4>\n\n\n\n<ul class=\"wp-block-list\"><li>Erstellung von 8 \u00f6ffentlich gef\u00f6rderten Wohnungen<\/li><li>2- bis 3-Zimmer-Wohnungen  mit Wohnfl\u00e4chen von 53 bis 70 m\u00b2<\/li><li>alle Wohnungen mit eingeschnittener Dachterrasse\/Loggia<\/li><li> moderne B\u00e4der mit bodengleichen Duschen <\/li><li>5,95 \u20ac\/qm Kaltmiete<\/li><li>Bezug erfolgte zum 01.12.2019<\/li><\/ul>\n\n\n\n<figure class=\"wp-block-image\"><img loading=\"lazy\" decoding=\"async\" width=\"1024\" height=\"563\" src=\"https:\/\/www.vebowag.de\/wp-content\/uploads\/2020\/08\/Maidenheadstr_2-4-1024x563.jpg\" alt=\"\" class=\"wp-image-6679\" srcset=\"https:\/\/www.vebowag.de\/wp-content\/uploads\/2020\/08\/Maidenheadstr_2-4-1024x563.jpg 1024w, https:\/\/www.vebowag.de\/wp-content\/uploads\/2020\/08\/Maidenheadstr_2-4-300x165.jpg 300w, https:\/\/www.vebowag.de\/wp-content\/uploads\/2020\/08\/Maidenheadstr_2-4-768x422.jpg 768w\" sizes=\"(max-width: 1024px) 100vw, 1024px\" \/><figcaption>Maidenheadstr. 2\/4<\/figcaption><\/figure>\n\n\n\n<hr class=\"wp-block-separator\"\/>\n\n\n\n<h4 class=\"wp-block-heading\">Objektlage<\/h4>\n","protected":false},"excerpt":{"rendered":"<p>Fortsetzung unseres Dachausbau-Programms in Pennenfeld. In den H\u00e4usern&nbsp;Maidenheadstra\u00dfe&nbsp;2-8&nbsp;entstanden im Jahr 2019 weitere acht \u00f6ffentlich gef\u00f6rderte Wohnungen.<\/p>\n","protected":false},"author":2,"featured_media":6679,"comment_status":"closed","ping_status":"open","sticky":false,"template":"","format":"standard","meta":{"_uag_custom_page_level_css":"","footnotes":""},"categories":[16],"tags":[],"class_list":["post-5464","post","type-post","status-publish","format-standard","has-post-thumbnail","hentry","category-abgeschlossene-projekte"],"translation":{"provider":"WPGlobus","version":"3.0.0","language":"en","enabled_languages":["de","en"],"languages":{"de":{"title":true,"content":true,"excerpt":false},"en":{"title":false,"content":false,"excerpt":false}}},"yoast_head":"<!-- This site is optimized with the Yoast SEO plugin v23.8 - https:\/\/yoast.com\/wordpress\/plugins\/seo\/ -->\n<title>Dachausbau Maidenheadstra\u00dfe 2-8 - VEBOWAG<\/title>\n<meta name=\"robots\" content=\"index, follow, max-snippet:-1, max-image-preview:large, max-video-preview:-1\" \/>\n<link rel=\"canonical\" href=\"https:\/\/www.vebowag.de\/2019\/03\/04\/dachausbau-maidenheadstrasse-2-8\/\" \/>\n<meta property=\"og:locale\" content=\"en_US\" \/>\n<meta property=\"og:type\" content=\"article\" \/>\n<meta property=\"og:title\" content=\"Dachausbau Maidenheadstra\u00dfe 2-8 - VEBOWAG\" \/>\n<meta property=\"og:url\" content=\"https:\/\/www.vebowag.de\/2019\/03\/04\/dachausbau-maidenheadstrasse-2-8\/\" \/>\n<meta property=\"og:site_name\" content=\"VEBOWAG\" \/>\n<meta property=\"article:publisher\" content=\"https:\/\/www.facebook.com\/vebowag\/\" \/>\n<meta property=\"article:published_time\" content=\"2019-03-04T14:00:48+00:00\" \/>\n<meta property=\"article:modified_time\" content=\"2020-08-28T11:56:01+00:00\" \/>\n<meta property=\"og:image\" content=\"https:\/\/www.vebowag.de\/wp-content\/uploads\/2020\/08\/Maidenheadstr_2-4-1024x563.jpg\" \/>\n\t<meta property=\"og:image:width\" content=\"1024\" \/>\n\t<meta property=\"og:image:height\" content=\"563\" \/>\n\t<meta property=\"og:image:type\" content=\"image\/jpeg\" \/>\n<meta name=\"author\" content=\"Norbert Krey\" \/>\n<meta name=\"twitter:card\" content=\"summary_large_image\" \/>\n<meta name=\"twitter:creator\" content=\"@vebowag\" \/>\n<meta name=\"twitter:site\" content=\"@vebowag\" \/>\n<meta name=\"twitter:label1\" content=\"Written by\" \/>\n\t<meta name=\"twitter:data1\" content=\"Norbert Krey\" \/>\n<script type=\"application\/ld+json\" class=\"yoast-schema-graph\">{\"@context\":\"https:\/\/schema.org\",\"@graph\":[{\"@type\":\"WebPage\",\"@id\":\"https:\/\/www.vebowag.de\/2019\/03\/04\/dachausbau-maidenheadstrasse-2-8\/\",\"url\":\"https:\/\/www.vebowag.de\/2019\/03\/04\/dachausbau-maidenheadstrasse-2-8\/\",\"name\":\"Dachausbau Maidenheadstra\u00dfe 2-8 - VEBOWAG\",\"isPartOf\":{\"@id\":\"https:\/\/www.vebowag.de\/#website\"},\"primaryImageOfPage\":{\"@id\":\"https:\/\/www.vebowag.de\/2019\/03\/04\/dachausbau-maidenheadstrasse-2-8\/#primaryimage\"},\"image\":{\"@id\":\"https:\/\/www.vebowag.de\/2019\/03\/04\/dachausbau-maidenheadstrasse-2-8\/#primaryimage\"},\"thumbnailUrl\":\"https:\/\/www.vebowag.de\/wp-content\/uploads\/2020\/08\/Maidenheadstr_2-4.jpg\",\"datePublished\":\"2019-03-04T14:00:48+00:00\",\"dateModified\":\"2020-08-28T11:56:01+00:00\",\"author\":{\"@id\":\"https:\/\/www.vebowag.de\/#\/schema\/person\/6f4c6d2656bd6fd684af32a9708ca020\"},\"breadcrumb\":{\"@id\":\"https:\/\/www.vebowag.de\/2019\/03\/04\/dachausbau-maidenheadstrasse-2-8\/#breadcrumb\"},\"inLanguage\":\"en-EN\",\"potentialAction\":[{\"@type\":\"ReadAction\",\"target\":[\"https:\/\/www.vebowag.de\/2019\/03\/04\/dachausbau-maidenheadstrasse-2-8\/\"]}]},{\"@type\":\"ImageObject\",\"inLanguage\":\"en-EN\",\"@id\":\"https:\/\/www.vebowag.de\/2019\/03\/04\/dachausbau-maidenheadstrasse-2-8\/#primaryimage\",\"url\":\"https:\/\/www.vebowag.de\/wp-content\/uploads\/2020\/08\/Maidenheadstr_2-4.jpg\",\"contentUrl\":\"https:\/\/www.vebowag.de\/wp-content\/uploads\/2020\/08\/Maidenheadstr_2-4.jpg\",\"width\":3908,\"height\":2147},{\"@type\":\"BreadcrumbList\",\"@id\":\"https:\/\/www.vebowag.de\/2019\/03\/04\/dachausbau-maidenheadstrasse-2-8\/#breadcrumb\",\"itemListElement\":[{\"@type\":\"ListItem\",\"position\":1,\"name\":\"Home\",\"item\":\"https:\/\/www.vebowag.de\/\"},{\"@type\":\"ListItem\",\"position\":2,\"name\":\"Dachausbau Maidenheadstra\u00dfe 2-8\"}]},{\"@type\":\"WebSite\",\"@id\":\"https:\/\/www.vebowag.de\/#website\",\"url\":\"https:\/\/www.vebowag.de\/\",\"name\":\"VEBOWAG\",\"description\":\"Mein Zuhause in Bonn\",\"potentialAction\":[{\"@type\":\"SearchAction\",\"target\":{\"@type\":\"EntryPoint\",\"urlTemplate\":\"https:\/\/www.vebowag.de\/?s={search_term_string}\"},\"query-input\":{\"@type\":\"PropertyValueSpecification\",\"valueRequired\":true,\"valueName\":\"search_term_string\"}}],\"inLanguage\":\"en-EN\"},{\"@type\":\"Person\",\"@id\":\"https:\/\/www.vebowag.de\/#\/schema\/person\/6f4c6d2656bd6fd684af32a9708ca020\",\"name\":\"Norbert Krey\",\"sameAs\":[\"http:\/\/www.vebowag.de\"],\"url\":\"https:\/\/www.vebowag.de\/en\/author\/krey\/\"}]}<\/script>\n<!-- \/ Yoast SEO plugin. -->","yoast_head_json":{"title":"Dachausbau Maidenheadstra\u00dfe 2-8 - VEBOWAG","robots":{"index":"index","follow":"follow","max-snippet":"max-snippet:-1","max-image-preview":"max-image-preview:large","max-video-preview":"max-video-preview:-1"},"canonical":"https:\/\/www.vebowag.de\/2019\/03\/04\/dachausbau-maidenheadstrasse-2-8\/","og_locale":"en_US","og_type":"article","og_title":"Dachausbau Maidenheadstra\u00dfe 2-8 - VEBOWAG","og_url":"https:\/\/www.vebowag.de\/2019\/03\/04\/dachausbau-maidenheadstrasse-2-8\/","og_site_name":"VEBOWAG","article_publisher":"https:\/\/www.facebook.com\/vebowag\/","article_published_time":"2019-03-04T14:00:48+00:00","article_modified_time":"2020-08-28T11:56:01+00:00","og_image":[{"width":1024,"height":563,"url":"https:\/\/www.vebowag.de\/wp-content\/uploads\/2020\/08\/Maidenheadstr_2-4-1024x563.jpg","type":"image\/jpeg"}],"author":"Norbert Krey","twitter_card":"summary_large_image","twitter_creator":"@vebowag","twitter_site":"@vebowag","twitter_misc":{"Written by":"Norbert Krey"},"schema":{"@context":"https:\/\/schema.org","@graph":[{"@type":"WebPage","@id":"https:\/\/www.vebowag.de\/2019\/03\/04\/dachausbau-maidenheadstrasse-2-8\/","url":"https:\/\/www.vebowag.de\/2019\/03\/04\/dachausbau-maidenheadstrasse-2-8\/","name":"Dachausbau Maidenheadstra\u00dfe 2-8 - VEBOWAG","isPartOf":{"@id":"https:\/\/www.vebowag.de\/#website"},"primaryImageOfPage":{"@id":"https:\/\/www.vebowag.de\/2019\/03\/04\/dachausbau-maidenheadstrasse-2-8\/#primaryimage"},"image":{"@id":"https:\/\/www.vebowag.de\/2019\/03\/04\/dachausbau-maidenheadstrasse-2-8\/#primaryimage"},"thumbnailUrl":"https:\/\/www.vebowag.de\/wp-content\/uploads\/2020\/08\/Maidenheadstr_2-4.jpg","datePublished":"2019-03-04T14:00:48+00:00","dateModified":"2020-08-28T11:56:01+00:00","author":{"@id":"https:\/\/www.vebowag.de\/#\/schema\/person\/6f4c6d2656bd6fd684af32a9708ca020"},"breadcrumb":{"@id":"https:\/\/www.vebowag.de\/2019\/03\/04\/dachausbau-maidenheadstrasse-2-8\/#breadcrumb"},"inLanguage":"en-EN","potentialAction":[{"@type":"ReadAction","target":["https:\/\/www.vebowag.de\/2019\/03\/04\/dachausbau-maidenheadstrasse-2-8\/"]}]},{"@type":"ImageObject","inLanguage":"en-EN","@id":"https:\/\/www.vebowag.de\/2019\/03\/04\/dachausbau-maidenheadstrasse-2-8\/#primaryimage","url":"https:\/\/www.vebowag.de\/wp-content\/uploads\/2020\/08\/Maidenheadstr_2-4.jpg","contentUrl":"https:\/\/www.vebowag.de\/wp-content\/uploads\/2020\/08\/Maidenheadstr_2-4.jpg","width":3908,"height":2147},{"@type":"BreadcrumbList","@id":"https:\/\/www.vebowag.de\/2019\/03\/04\/dachausbau-maidenheadstrasse-2-8\/#breadcrumb","itemListElement":[{"@type":"ListItem","position":1,"name":"Home","item":"https:\/\/www.vebowag.de\/"},{"@type":"ListItem","position":2,"name":"Dachausbau Maidenheadstra\u00dfe 2-8"}]},{"@type":"WebSite","@id":"https:\/\/www.vebowag.de\/#website","url":"https:\/\/www.vebowag.de\/","name":"VEBOWAG","description":"Mein Zuhause in Bonn","potentialAction":[{"@type":"SearchAction","target":{"@type":"EntryPoint","urlTemplate":"https:\/\/www.vebowag.de\/?s={search_term_string}"},"query-input":{"@type":"PropertyValueSpecification","valueRequired":true,"valueName":"search_term_string"}}],"inLanguage":"en-EN"},{"@type":"Person","@id":"https:\/\/www.vebowag.de\/#\/schema\/person\/6f4c6d2656bd6fd684af32a9708ca020","name":"Norbert Krey","sameAs":["http:\/\/www.vebowag.de"],"url":"https:\/\/www.vebowag.de\/en\/author\/krey\/"}]}},"uagb_featured_image_src":{"full":["https:\/\/www.vebowag.de\/wp-content\/uploads\/2020\/08\/Maidenheadstr_2-4.jpg",3908,2147,false],"thumbnail":["https:\/\/www.vebowag.de\/wp-content\/uploads\/2020\/08\/Maidenheadstr_2-4-150x150.jpg",150,150,true],"medium":["https:\/\/www.vebowag.de\/wp-content\/uploads\/2020\/08\/Maidenheadstr_2-4-300x165.jpg",300,165,true],"medium_large":["https:\/\/www.vebowag.de\/wp-content\/uploads\/2020\/08\/Maidenheadstr_2-4-768x422.jpg",750,412,true],"large":["https:\/\/www.vebowag.de\/wp-content\/uploads\/2020\/08\/Maidenheadstr_2-4-1024x563.jpg",750,412,true],"1536x1536":["https:\/\/www.vebowag.de\/wp-content\/uploads\/2020\/08\/Maidenheadstr_2-4.jpg",1536,844,false],"2048x2048":["https:\/\/www.vebowag.de\/wp-content\/uploads\/2020\/08\/Maidenheadstr_2-4.jpg",2048,1125,false],"home":["https:\/\/www.vebowag.de\/wp-content\/uploads\/2020\/08\/Maidenheadstr_2-4-150x100.jpg",150,100,true],"list":["https:\/\/www.vebowag.de\/wp-content\/uploads\/2020\/08\/Maidenheadstr_2-4-200x125.jpg",200,125,true]},"uagb_author_info":{"display_name":"Norbert Krey","author_link":"https:\/\/www.vebowag.de\/en\/author\/krey\/"},"uagb_comment_info":0,"uagb_excerpt":"Fortsetzung unseres Dachausbau-Programms in Pennenfeld. In den H\u00e4usern&nbsp;Maidenheadstra\u00dfe&nbsp;2-8&nbsp;entstanden im Jahr 2019 weitere acht \u00f6ffentlich gef\u00f6rderte Wohnungen.","_links":{"self":[{"href":"https:\/\/www.vebowag.de\/en\/wp-json\/wp\/v2\/posts\/5464"}],"collection":[{"href":"https:\/\/www.vebowag.de\/en\/wp-json\/wp\/v2\/posts"}],"about":[{"href":"https:\/\/www.vebowag.de\/en\/wp-json\/wp\/v2\/types\/post"}],"author":[{"embeddable":true,"href":"https:\/\/www.vebowag.de\/en\/wp-json\/wp\/v2\/users\/2"}],"replies":[{"embeddable":true,"href":"https:\/\/www.vebowag.de\/en\/wp-json\/wp\/v2\/comments?post=5464"}],"version-history":[{"count":31,"href":"https:\/\/www.vebowag.de\/en\/wp-json\/wp\/v2\/posts\/5464\/revisions"}],"predecessor-version":[{"id":6684,"href":"https:\/\/www.vebowag.de\/en\/wp-json\/wp\/v2\/posts\/5464\/revisions\/6684"}],"wp:featuredmedia":[{"embeddable":true,"href":"https:\/\/www.vebowag.de\/en\/wp-json\/wp\/v2\/media\/6679"}],"wp:attachment":[{"href":"https:\/\/www.vebowag.de\/en\/wp-json\/wp\/v2\/media?parent=5464"}],"wp:term":[{"taxonomy":"category","embeddable":true,"href":"https:\/\/www.vebowag.de\/en\/wp-json\/wp\/v2\/categories?post=5464"},{"taxonomy":"post_tag","embeddable":true,"href":"https:\/\/www.vebowag.de\/en\/wp-json\/wp\/v2\/tags?post=5464"}],"curies":[{"name":"wp","href":"https:\/\/api.w.org\/{rel}","templated":true}]}}