{"id":5444,"date":"2019-03-02T09:03:13","date_gmt":"2019-03-02T08:03:13","guid":{"rendered":"https:\/\/www.vebowag.de\/?p=5444"},"modified":"2019-03-02T09:14:30","modified_gmt":"2019-03-02T08:14:30","slug":"neubau-friedenstrasse-bezogen","status":"publish","type":"post","link":"https:\/\/www.vebowag.de\/en\/2019\/03\/02\/neubau-friedenstrasse-bezogen\/","title":{"rendered":"Neubau Friedenstra\u00dfe bezogen"},"content":{"rendered":"\n<p>In der Friedenstra\u00dfe 26 in P\u00fctzchen hat die VEBOWAG ein weiteres gef\u00f6rdertes Wohnungsbauvorhaben mit 25 Wohneinheiten fertiggestellt und Ende Februar 2019 an die neuen Bewohner \u00fcbergeben. <\/p>\n\n\n\n<p> Auf 4 Etagen bietet der Neubau zeitgem\u00e4\u00dfe Ausstattungen und Grundrisse mit 2 bis 4 Zimmern, K\u00fcche, Bad und Balkon\/Terrasse. Die Wohnfl\u00e4chen bewegen sich zwischen 43 und 83 m\u00b2, die Kaltmiete liegt bei monatlich 6,25 \u20ac pro m\u00b2.<br> <br> Mit dem Neubau hat die VEBOWAG damit in den letzten Jahren \u00fcber 400 gef\u00f6rderte Wohneinheiten fertiggestellt. Aktuell befinden sich weitere ca. 220 gef\u00f6rderte Wohneinheiten im Bau.&nbsp;<\/p>\n\n\n\n<figure class=\"wp-block-image\"><img loading=\"lazy\" decoding=\"async\" width=\"640\" height=\"440\" src=\"https:\/\/www.vebowag.de\/wp-content\/uploads\/2019\/03\/Friedenstr.-Aussenansicht-1.jpg\" alt=\"\" class=\"wp-image-5362\" srcset=\"https:\/\/www.vebowag.de\/wp-content\/uploads\/2019\/03\/Friedenstr.-Aussenansicht-1.jpg 640w, https:\/\/www.vebowag.de\/wp-content\/uploads\/2019\/03\/Friedenstr.-Aussenansicht-1-300x206.jpg 300w\" sizes=\"(max-width: 640px) 100vw, 640px\" \/><\/figure>\n","protected":false},"excerpt":{"rendered":"<p>In der Friedenstra\u00dfe 26 in P\u00fctzchen hat die VEBOWAG ein weiteres gef\u00f6rdertes Wohnungsbauvorhaben mit 25 Wohneinheiten fertiggestellt und Ende Februar 2019 an die neuen Bewohner \u00fcbergeben. <\/p>\n","protected":false},"author":2,"featured_media":5362,"comment_status":"closed","ping_status":"open","sticky":false,"template":"","format":"standard","meta":{"_uag_custom_page_level_css":"","footnotes":""},"categories":[1],"tags":[],"class_list":["post-5444","post","type-post","status-publish","format-standard","has-post-thumbnail","hentry","category-aktuelles"],"translation":{"provider":"WPGlobus","version":"3.0.0","language":"en","enabled_languages":["de","en"],"languages":{"de":{"title":true,"content":true,"excerpt":true},"en":{"title":false,"content":false,"excerpt":false}}},"yoast_head":"<!-- This site is optimized with the Yoast SEO plugin v23.8 - https:\/\/yoast.com\/wordpress\/plugins\/seo\/ -->\n<title>Neubau Friedenstra\u00dfe bezogen - VEBOWAG<\/title>\n<meta name=\"robots\" content=\"index, follow, max-snippet:-1, max-image-preview:large, max-video-preview:-1\" \/>\n<link rel=\"canonical\" href=\"https:\/\/www.vebowag.de\/2019\/03\/02\/neubau-friedenstrasse-bezogen\/\" \/>\n<meta property=\"og:locale\" content=\"en_US\" \/>\n<meta property=\"og:type\" content=\"article\" \/>\n<meta property=\"og:title\" content=\"Neubau Friedenstra\u00dfe bezogen - VEBOWAG\" \/>\n<meta property=\"og:url\" content=\"https:\/\/www.vebowag.de\/2019\/03\/02\/neubau-friedenstrasse-bezogen\/\" \/>\n<meta property=\"og:site_name\" content=\"VEBOWAG\" \/>\n<meta property=\"article:publisher\" content=\"https:\/\/www.facebook.com\/vebowag\/\" \/>\n<meta property=\"article:published_time\" content=\"2019-03-02T08:03:13+00:00\" \/>\n<meta property=\"article:modified_time\" content=\"2019-03-02T08:14:30+00:00\" \/>\n<meta property=\"og:image\" content=\"https:\/\/www.vebowag.de\/wp-content\/uploads\/2019\/03\/Friedenstr.-Aussenansicht-1.jpg\" \/>\n\t<meta property=\"og:image:width\" content=\"640\" \/>\n\t<meta property=\"og:image:height\" content=\"440\" \/>\n\t<meta property=\"og:image:type\" content=\"image\/jpeg\" \/>\n<meta name=\"author\" content=\"Norbert Krey\" \/>\n<meta name=\"twitter:card\" content=\"summary_large_image\" \/>\n<meta name=\"twitter:creator\" content=\"@vebowag\" \/>\n<meta name=\"twitter:site\" content=\"@vebowag\" \/>\n<meta name=\"twitter:label1\" content=\"Written by\" \/>\n\t<meta name=\"twitter:data1\" content=\"Norbert Krey\" \/>\n<script type=\"application\/ld+json\" class=\"yoast-schema-graph\">{\"@context\":\"https:\/\/schema.org\",\"@graph\":[{\"@type\":\"WebPage\",\"@id\":\"https:\/\/www.vebowag.de\/2019\/03\/02\/neubau-friedenstrasse-bezogen\/\",\"url\":\"https:\/\/www.vebowag.de\/2019\/03\/02\/neubau-friedenstrasse-bezogen\/\",\"name\":\"Neubau Friedenstra\u00dfe bezogen - VEBOWAG\",\"isPartOf\":{\"@id\":\"https:\/\/www.vebowag.de\/#website\"},\"primaryImageOfPage\":{\"@id\":\"https:\/\/www.vebowag.de\/2019\/03\/02\/neubau-friedenstrasse-bezogen\/#primaryimage\"},\"image\":{\"@id\":\"https:\/\/www.vebowag.de\/2019\/03\/02\/neubau-friedenstrasse-bezogen\/#primaryimage\"},\"thumbnailUrl\":\"https:\/\/www.vebowag.de\/wp-content\/uploads\/2019\/03\/Friedenstr.-Aussenansicht-1.jpg\",\"datePublished\":\"2019-03-02T08:03:13+00:00\",\"dateModified\":\"2019-03-02T08:14:30+00:00\",\"author\":{\"@id\":\"https:\/\/www.vebowag.de\/#\/schema\/person\/6f4c6d2656bd6fd684af32a9708ca020\"},\"breadcrumb\":{\"@id\":\"https:\/\/www.vebowag.de\/2019\/03\/02\/neubau-friedenstrasse-bezogen\/#breadcrumb\"},\"inLanguage\":\"en-EN\",\"potentialAction\":[{\"@type\":\"ReadAction\",\"target\":[\"https:\/\/www.vebowag.de\/2019\/03\/02\/neubau-friedenstrasse-bezogen\/\"]}]},{\"@type\":\"ImageObject\",\"inLanguage\":\"en-EN\",\"@id\":\"https:\/\/www.vebowag.de\/2019\/03\/02\/neubau-friedenstrasse-bezogen\/#primaryimage\",\"url\":\"https:\/\/www.vebowag.de\/wp-content\/uploads\/2019\/03\/Friedenstr.-Aussenansicht-1.jpg\",\"contentUrl\":\"https:\/\/www.vebowag.de\/wp-content\/uploads\/2019\/03\/Friedenstr.-Aussenansicht-1.jpg\",\"width\":640,\"height\":440},{\"@type\":\"BreadcrumbList\",\"@id\":\"https:\/\/www.vebowag.de\/2019\/03\/02\/neubau-friedenstrasse-bezogen\/#breadcrumb\",\"itemListElement\":[{\"@type\":\"ListItem\",\"position\":1,\"name\":\"Home\",\"item\":\"https:\/\/www.vebowag.de\/\"},{\"@type\":\"ListItem\",\"position\":2,\"name\":\"Neubau Friedenstra\u00dfe bezogen\"}]},{\"@type\":\"WebSite\",\"@id\":\"https:\/\/www.vebowag.de\/#website\",\"url\":\"https:\/\/www.vebowag.de\/\",\"name\":\"VEBOWAG\",\"description\":\"Mein Zuhause in Bonn\",\"potentialAction\":[{\"@type\":\"SearchAction\",\"target\":{\"@type\":\"EntryPoint\",\"urlTemplate\":\"https:\/\/www.vebowag.de\/?s={search_term_string}\"},\"query-input\":{\"@type\":\"PropertyValueSpecification\",\"valueRequired\":true,\"valueName\":\"search_term_string\"}}],\"inLanguage\":\"en-EN\"},{\"@type\":\"Person\",\"@id\":\"https:\/\/www.vebowag.de\/#\/schema\/person\/6f4c6d2656bd6fd684af32a9708ca020\",\"name\":\"Norbert Krey\",\"sameAs\":[\"http:\/\/www.vebowag.de\"],\"url\":\"https:\/\/www.vebowag.de\/en\/author\/krey\/\"}]}<\/script>\n<!-- \/ Yoast SEO plugin. -->","yoast_head_json":{"title":"Neubau Friedenstra\u00dfe bezogen - VEBOWAG","robots":{"index":"index","follow":"follow","max-snippet":"max-snippet:-1","max-image-preview":"max-image-preview:large","max-video-preview":"max-video-preview:-1"},"canonical":"https:\/\/www.vebowag.de\/2019\/03\/02\/neubau-friedenstrasse-bezogen\/","og_locale":"en_US","og_type":"article","og_title":"Neubau Friedenstra\u00dfe bezogen - VEBOWAG","og_url":"https:\/\/www.vebowag.de\/2019\/03\/02\/neubau-friedenstrasse-bezogen\/","og_site_name":"VEBOWAG","article_publisher":"https:\/\/www.facebook.com\/vebowag\/","article_published_time":"2019-03-02T08:03:13+00:00","article_modified_time":"2019-03-02T08:14:30+00:00","og_image":[{"width":640,"height":440,"url":"https:\/\/www.vebowag.de\/wp-content\/uploads\/2019\/03\/Friedenstr.-Aussenansicht-1.jpg","type":"image\/jpeg"}],"author":"Norbert Krey","twitter_card":"summary_large_image","twitter_creator":"@vebowag","twitter_site":"@vebowag","twitter_misc":{"Written by":"Norbert Krey"},"schema":{"@context":"https:\/\/schema.org","@graph":[{"@type":"WebPage","@id":"https:\/\/www.vebowag.de\/2019\/03\/02\/neubau-friedenstrasse-bezogen\/","url":"https:\/\/www.vebowag.de\/2019\/03\/02\/neubau-friedenstrasse-bezogen\/","name":"Neubau Friedenstra\u00dfe bezogen - VEBOWAG","isPartOf":{"@id":"https:\/\/www.vebowag.de\/#website"},"primaryImageOfPage":{"@id":"https:\/\/www.vebowag.de\/2019\/03\/02\/neubau-friedenstrasse-bezogen\/#primaryimage"},"image":{"@id":"https:\/\/www.vebowag.de\/2019\/03\/02\/neubau-friedenstrasse-bezogen\/#primaryimage"},"thumbnailUrl":"https:\/\/www.vebowag.de\/wp-content\/uploads\/2019\/03\/Friedenstr.-Aussenansicht-1.jpg","datePublished":"2019-03-02T08:03:13+00:00","dateModified":"2019-03-02T08:14:30+00:00","author":{"@id":"https:\/\/www.vebowag.de\/#\/schema\/person\/6f4c6d2656bd6fd684af32a9708ca020"},"breadcrumb":{"@id":"https:\/\/www.vebowag.de\/2019\/03\/02\/neubau-friedenstrasse-bezogen\/#breadcrumb"},"inLanguage":"en-EN","potentialAction":[{"@type":"ReadAction","target":["https:\/\/www.vebowag.de\/2019\/03\/02\/neubau-friedenstrasse-bezogen\/"]}]},{"@type":"ImageObject","inLanguage":"en-EN","@id":"https:\/\/www.vebowag.de\/2019\/03\/02\/neubau-friedenstrasse-bezogen\/#primaryimage","url":"https:\/\/www.vebowag.de\/wp-content\/uploads\/2019\/03\/Friedenstr.-Aussenansicht-1.jpg","contentUrl":"https:\/\/www.vebowag.de\/wp-content\/uploads\/2019\/03\/Friedenstr.-Aussenansicht-1.jpg","width":640,"height":440},{"@type":"BreadcrumbList","@id":"https:\/\/www.vebowag.de\/2019\/03\/02\/neubau-friedenstrasse-bezogen\/#breadcrumb","itemListElement":[{"@type":"ListItem","position":1,"name":"Home","item":"https:\/\/www.vebowag.de\/"},{"@type":"ListItem","position":2,"name":"Neubau Friedenstra\u00dfe bezogen"}]},{"@type":"WebSite","@id":"https:\/\/www.vebowag.de\/#website","url":"https:\/\/www.vebowag.de\/","name":"VEBOWAG","description":"Mein Zuhause in Bonn","potentialAction":[{"@type":"SearchAction","target":{"@type":"EntryPoint","urlTemplate":"https:\/\/www.vebowag.de\/?s={search_term_string}"},"query-input":{"@type":"PropertyValueSpecification","valueRequired":true,"valueName":"search_term_string"}}],"inLanguage":"en-EN"},{"@type":"Person","@id":"https:\/\/www.vebowag.de\/#\/schema\/person\/6f4c6d2656bd6fd684af32a9708ca020","name":"Norbert Krey","sameAs":["http:\/\/www.vebowag.de"],"url":"https:\/\/www.vebowag.de\/en\/author\/krey\/"}]}},"uagb_featured_image_src":{"full":["https:\/\/www.vebowag.de\/wp-content\/uploads\/2019\/03\/Friedenstr.-Aussenansicht-1.jpg",640,440,false],"thumbnail":["https:\/\/www.vebowag.de\/wp-content\/uploads\/2019\/03\/Friedenstr.-Aussenansicht-1-150x150.jpg",150,150,true],"medium":["https:\/\/www.vebowag.de\/wp-content\/uploads\/2019\/03\/Friedenstr.-Aussenansicht-1-300x206.jpg",300,206,true],"medium_large":["https:\/\/www.vebowag.de\/wp-content\/uploads\/2019\/03\/Friedenstr.-Aussenansicht-1.jpg",640,440,false],"large":["https:\/\/www.vebowag.de\/wp-content\/uploads\/2019\/03\/Friedenstr.-Aussenansicht-1.jpg",640,440,false],"1536x1536":["https:\/\/www.vebowag.de\/wp-content\/uploads\/2019\/03\/Friedenstr.-Aussenansicht-1.jpg",640,440,false],"2048x2048":["https:\/\/www.vebowag.de\/wp-content\/uploads\/2019\/03\/Friedenstr.-Aussenansicht-1.jpg",640,440,false],"home":["https:\/\/www.vebowag.de\/wp-content\/uploads\/2019\/03\/Friedenstr.-Aussenansicht-1-150x100.jpg",150,100,true],"list":["https:\/\/www.vebowag.de\/wp-content\/uploads\/2019\/03\/Friedenstr.-Aussenansicht-1-200x125.jpg",200,125,true]},"uagb_author_info":{"display_name":"Norbert Krey","author_link":"https:\/\/www.vebowag.de\/en\/author\/krey\/"},"uagb_comment_info":0,"uagb_excerpt":"In der Friedenstra\u00dfe 26 in P\u00fctzchen hat die VEBOWAG ein weiteres gef\u00f6rdertes Wohnungsbauvorhaben mit 25 Wohneinheiten fertiggestellt und Ende Februar 2019 an die neuen Bewohner \u00fcbergeben.","_links":{"self":[{"href":"https:\/\/www.vebowag.de\/en\/wp-json\/wp\/v2\/posts\/5444"}],"collection":[{"href":"https:\/\/www.vebowag.de\/en\/wp-json\/wp\/v2\/posts"}],"about":[{"href":"https:\/\/www.vebowag.de\/en\/wp-json\/wp\/v2\/types\/post"}],"author":[{"embeddable":true,"href":"https:\/\/www.vebowag.de\/en\/wp-json\/wp\/v2\/users\/2"}],"replies":[{"embeddable":true,"href":"https:\/\/www.vebowag.de\/en\/wp-json\/wp\/v2\/comments?post=5444"}],"version-history":[{"count":4,"href":"https:\/\/www.vebowag.de\/en\/wp-json\/wp\/v2\/posts\/5444\/revisions"}],"predecessor-version":[{"id":5450,"href":"https:\/\/www.vebowag.de\/en\/wp-json\/wp\/v2\/posts\/5444\/revisions\/5450"}],"wp:featuredmedia":[{"embeddable":true,"href":"https:\/\/www.vebowag.de\/en\/wp-json\/wp\/v2\/media\/5362"}],"wp:attachment":[{"href":"https:\/\/www.vebowag.de\/en\/wp-json\/wp\/v2\/media?parent=5444"}],"wp:term":[{"taxonomy":"category","embeddable":true,"href":"https:\/\/www.vebowag.de\/en\/wp-json\/wp\/v2\/categories?post=5444"},{"taxonomy":"post_tag","embeddable":true,"href":"https:\/\/www.vebowag.de\/en\/wp-json\/wp\/v2\/tags?post=5444"}],"curies":[{"name":"wp","href":"https:\/\/api.w.org\/{rel}","templated":true}]}}