{"id":5049,"date":"2019-01-06T10:31:04","date_gmt":"2019-01-06T09:31:04","guid":{"rendered":"https:\/\/www.vebowag.de\/?p=5049"},"modified":"2019-01-06T11:49:12","modified_gmt":"2019-01-06T10:49:12","slug":"veranstaltungsprogramm-tenten-haus-der-begegnung","status":"publish","type":"post","link":"https:\/\/www.vebowag.de\/en\/2019\/01\/06\/veranstaltungsprogramm-tenten-haus-der-begegnung\/","title":{"rendered":"Veranstaltungsprogramm -Tenten- Haus der Begegnung"},"content":{"rendered":"<h4>Das Veranstaltungsprogamm unserer Seniorenbegegnungsst\u00e4tte -Tenten- Haus der Begegnung zum Download.<\/h4>\n<p>Hier finden Sie f\u00fcr die\u00a0erste Jahresh\u00e4lfte 2019 Sport- und Bewegungsangebote f\u00fcr verschiedene Altersklassen, Kurse zu den neuen Medien, gesundheitliche Pr\u00e4vention, Angebote f\u00fcr gemeinschaftliches Spielen, Selbsthilfegruppen, Feste und vieles mehr.<\/p>\n<p>Schauen Sie einfach mal rein!<\/p>\n<p><a class=\"link-to-pdf\" title=\"Heft 1 - 2019\" href=\"https:\/\/www.vebowag.de\/wp-content\/uploads\/2018\/12\/Heft-1-2019.pdf\" target=\"_blank\" rel=\"attachment wp-att-5050\"><img loading=\"lazy\" decoding=\"async\" class=\"thumb-of-pdf alignnone wp-image-5051\" src=\"https:\/\/www.vebowag.de\/wp-content\/uploads\/2018\/12\/Heft-1-2019-pdf-212x300.jpg\" alt=\"thumbnail of Heft 1 \u2013 2019\" width=\"400\" height=\"566\" srcset=\"https:\/\/www.vebowag.de\/wp-content\/uploads\/2018\/12\/Heft-1-2019-pdf-212x300.jpg 212w, https:\/\/www.vebowag.de\/wp-content\/uploads\/2018\/12\/Heft-1-2019-pdf.jpg 724w\" sizes=\"(max-width: 400px) 100vw, 400px\" \/><\/a><\/p>\n","protected":false},"excerpt":{"rendered":"<p>Hier finden Sie f\u00fcr die erste Jahresh\u00e4lfte 2019 Sport- und Bewegungsangebote f\u00fcr verschiedene Altersklassen, Kurse zu den neuen Medien, gesundheitliche Pr\u00e4vention, Angebote f\u00fcr gemeinschaftliches Spielen, Selbsthilfegruppen, Feste und vieles mehr.<\/p>\n","protected":false},"author":2,"featured_media":5051,"comment_status":"closed","ping_status":"open","sticky":false,"template":"","format":"standard","meta":{"_uag_custom_page_level_css":"","footnotes":""},"categories":[1],"tags":[],"class_list":["post-5049","post","type-post","status-publish","format-standard","has-post-thumbnail","hentry","category-aktuelles"],"translation":{"provider":"WPGlobus","version":"3.0.0","language":"en","enabled_languages":["de","en"],"languages":{"de":{"title":true,"content":true,"excerpt":true},"en":{"title":false,"content":false,"excerpt":false}}},"yoast_head":"<!-- This site is optimized with the Yoast SEO plugin v23.8 - https:\/\/yoast.com\/wordpress\/plugins\/seo\/ -->\n<title>Veranstaltungsprogramm -Tenten- Haus der Begegnung - VEBOWAG<\/title>\n<meta name=\"robots\" content=\"index, follow, max-snippet:-1, max-image-preview:large, max-video-preview:-1\" \/>\n<link rel=\"canonical\" href=\"https:\/\/www.vebowag.de\/2019\/01\/06\/veranstaltungsprogramm-tenten-haus-der-begegnung\/\" \/>\n<meta property=\"og:locale\" content=\"en_US\" \/>\n<meta property=\"og:type\" content=\"article\" \/>\n<meta property=\"og:title\" content=\"Veranstaltungsprogramm -Tenten- Haus der Begegnung - VEBOWAG\" \/>\n<meta property=\"og:url\" content=\"https:\/\/www.vebowag.de\/2019\/01\/06\/veranstaltungsprogramm-tenten-haus-der-begegnung\/\" \/>\n<meta property=\"og:site_name\" content=\"VEBOWAG\" \/>\n<meta property=\"article:publisher\" content=\"https:\/\/www.facebook.com\/vebowag\/\" \/>\n<meta property=\"article:published_time\" content=\"2019-01-06T09:31:04+00:00\" \/>\n<meta property=\"article:modified_time\" content=\"2019-01-06T10:49:12+00:00\" \/>\n<meta property=\"og:image\" content=\"https:\/\/www.vebowag.de\/wp-content\/uploads\/2018\/12\/Heft-1-2019-pdf.jpg\" \/>\n\t<meta property=\"og:image:width\" content=\"724\" \/>\n\t<meta property=\"og:image:height\" content=\"1024\" \/>\n\t<meta property=\"og:image:type\" content=\"image\/jpeg\" \/>\n<meta name=\"author\" content=\"Norbert Krey\" \/>\n<meta name=\"twitter:card\" content=\"summary_large_image\" \/>\n<meta name=\"twitter:creator\" content=\"@vebowag\" \/>\n<meta name=\"twitter:site\" content=\"@vebowag\" \/>\n<meta name=\"twitter:label1\" content=\"Written by\" \/>\n\t<meta name=\"twitter:data1\" content=\"Norbert Krey\" \/>\n<script type=\"application\/ld+json\" class=\"yoast-schema-graph\">{\"@context\":\"https:\/\/schema.org\",\"@graph\":[{\"@type\":\"WebPage\",\"@id\":\"https:\/\/www.vebowag.de\/2019\/01\/06\/veranstaltungsprogramm-tenten-haus-der-begegnung\/\",\"url\":\"https:\/\/www.vebowag.de\/2019\/01\/06\/veranstaltungsprogramm-tenten-haus-der-begegnung\/\",\"name\":\"Veranstaltungsprogramm -Tenten- Haus der Begegnung - VEBOWAG\",\"isPartOf\":{\"@id\":\"https:\/\/www.vebowag.de\/#website\"},\"primaryImageOfPage\":{\"@id\":\"https:\/\/www.vebowag.de\/2019\/01\/06\/veranstaltungsprogramm-tenten-haus-der-begegnung\/#primaryimage\"},\"image\":{\"@id\":\"https:\/\/www.vebowag.de\/2019\/01\/06\/veranstaltungsprogramm-tenten-haus-der-begegnung\/#primaryimage\"},\"thumbnailUrl\":\"https:\/\/www.vebowag.de\/wp-content\/uploads\/2018\/12\/Heft-1-2019-pdf.jpg\",\"datePublished\":\"2019-01-06T09:31:04+00:00\",\"dateModified\":\"2019-01-06T10:49:12+00:00\",\"author\":{\"@id\":\"https:\/\/www.vebowag.de\/#\/schema\/person\/6f4c6d2656bd6fd684af32a9708ca020\"},\"breadcrumb\":{\"@id\":\"https:\/\/www.vebowag.de\/2019\/01\/06\/veranstaltungsprogramm-tenten-haus-der-begegnung\/#breadcrumb\"},\"inLanguage\":\"en-EN\",\"potentialAction\":[{\"@type\":\"ReadAction\",\"target\":[\"https:\/\/www.vebowag.de\/2019\/01\/06\/veranstaltungsprogramm-tenten-haus-der-begegnung\/\"]}]},{\"@type\":\"ImageObject\",\"inLanguage\":\"en-EN\",\"@id\":\"https:\/\/www.vebowag.de\/2019\/01\/06\/veranstaltungsprogramm-tenten-haus-der-begegnung\/#primaryimage\",\"url\":\"https:\/\/www.vebowag.de\/wp-content\/uploads\/2018\/12\/Heft-1-2019-pdf.jpg\",\"contentUrl\":\"https:\/\/www.vebowag.de\/wp-content\/uploads\/2018\/12\/Heft-1-2019-pdf.jpg\",\"width\":724,\"height\":1024,\"caption\":\"thumbnail of Heft 1 &#8211; 2019\"},{\"@type\":\"BreadcrumbList\",\"@id\":\"https:\/\/www.vebowag.de\/2019\/01\/06\/veranstaltungsprogramm-tenten-haus-der-begegnung\/#breadcrumb\",\"itemListElement\":[{\"@type\":\"ListItem\",\"position\":1,\"name\":\"Home\",\"item\":\"https:\/\/www.vebowag.de\/\"},{\"@type\":\"ListItem\",\"position\":2,\"name\":\"Veranstaltungsprogramm -Tenten- Haus der Begegnung\"}]},{\"@type\":\"WebSite\",\"@id\":\"https:\/\/www.vebowag.de\/#website\",\"url\":\"https:\/\/www.vebowag.de\/\",\"name\":\"VEBOWAG\",\"description\":\"Mein Zuhause in Bonn\",\"potentialAction\":[{\"@type\":\"SearchAction\",\"target\":{\"@type\":\"EntryPoint\",\"urlTemplate\":\"https:\/\/www.vebowag.de\/?s={search_term_string}\"},\"query-input\":{\"@type\":\"PropertyValueSpecification\",\"valueRequired\":true,\"valueName\":\"search_term_string\"}}],\"inLanguage\":\"en-EN\"},{\"@type\":\"Person\",\"@id\":\"https:\/\/www.vebowag.de\/#\/schema\/person\/6f4c6d2656bd6fd684af32a9708ca020\",\"name\":\"Norbert Krey\",\"sameAs\":[\"http:\/\/www.vebowag.de\"],\"url\":\"https:\/\/www.vebowag.de\/en\/author\/krey\/\"}]}<\/script>\n<!-- \/ Yoast SEO plugin. -->","yoast_head_json":{"title":"Veranstaltungsprogramm -Tenten- Haus der Begegnung - VEBOWAG","robots":{"index":"index","follow":"follow","max-snippet":"max-snippet:-1","max-image-preview":"max-image-preview:large","max-video-preview":"max-video-preview:-1"},"canonical":"https:\/\/www.vebowag.de\/2019\/01\/06\/veranstaltungsprogramm-tenten-haus-der-begegnung\/","og_locale":"en_US","og_type":"article","og_title":"Veranstaltungsprogramm -Tenten- Haus der Begegnung - VEBOWAG","og_url":"https:\/\/www.vebowag.de\/2019\/01\/06\/veranstaltungsprogramm-tenten-haus-der-begegnung\/","og_site_name":"VEBOWAG","article_publisher":"https:\/\/www.facebook.com\/vebowag\/","article_published_time":"2019-01-06T09:31:04+00:00","article_modified_time":"2019-01-06T10:49:12+00:00","og_image":[{"width":724,"height":1024,"url":"https:\/\/www.vebowag.de\/wp-content\/uploads\/2018\/12\/Heft-1-2019-pdf.jpg","type":"image\/jpeg"}],"author":"Norbert Krey","twitter_card":"summary_large_image","twitter_creator":"@vebowag","twitter_site":"@vebowag","twitter_misc":{"Written by":"Norbert Krey"},"schema":{"@context":"https:\/\/schema.org","@graph":[{"@type":"WebPage","@id":"https:\/\/www.vebowag.de\/2019\/01\/06\/veranstaltungsprogramm-tenten-haus-der-begegnung\/","url":"https:\/\/www.vebowag.de\/2019\/01\/06\/veranstaltungsprogramm-tenten-haus-der-begegnung\/","name":"Veranstaltungsprogramm -Tenten- Haus der Begegnung - VEBOWAG","isPartOf":{"@id":"https:\/\/www.vebowag.de\/#website"},"primaryImageOfPage":{"@id":"https:\/\/www.vebowag.de\/2019\/01\/06\/veranstaltungsprogramm-tenten-haus-der-begegnung\/#primaryimage"},"image":{"@id":"https:\/\/www.vebowag.de\/2019\/01\/06\/veranstaltungsprogramm-tenten-haus-der-begegnung\/#primaryimage"},"thumbnailUrl":"https:\/\/www.vebowag.de\/wp-content\/uploads\/2018\/12\/Heft-1-2019-pdf.jpg","datePublished":"2019-01-06T09:31:04+00:00","dateModified":"2019-01-06T10:49:12+00:00","author":{"@id":"https:\/\/www.vebowag.de\/#\/schema\/person\/6f4c6d2656bd6fd684af32a9708ca020"},"breadcrumb":{"@id":"https:\/\/www.vebowag.de\/2019\/01\/06\/veranstaltungsprogramm-tenten-haus-der-begegnung\/#breadcrumb"},"inLanguage":"en-EN","potentialAction":[{"@type":"ReadAction","target":["https:\/\/www.vebowag.de\/2019\/01\/06\/veranstaltungsprogramm-tenten-haus-der-begegnung\/"]}]},{"@type":"ImageObject","inLanguage":"en-EN","@id":"https:\/\/www.vebowag.de\/2019\/01\/06\/veranstaltungsprogramm-tenten-haus-der-begegnung\/#primaryimage","url":"https:\/\/www.vebowag.de\/wp-content\/uploads\/2018\/12\/Heft-1-2019-pdf.jpg","contentUrl":"https:\/\/www.vebowag.de\/wp-content\/uploads\/2018\/12\/Heft-1-2019-pdf.jpg","width":724,"height":1024,"caption":"thumbnail of Heft 1 &#8211; 2019"},{"@type":"BreadcrumbList","@id":"https:\/\/www.vebowag.de\/2019\/01\/06\/veranstaltungsprogramm-tenten-haus-der-begegnung\/#breadcrumb","itemListElement":[{"@type":"ListItem","position":1,"name":"Home","item":"https:\/\/www.vebowag.de\/"},{"@type":"ListItem","position":2,"name":"Veranstaltungsprogramm -Tenten- Haus der Begegnung"}]},{"@type":"WebSite","@id":"https:\/\/www.vebowag.de\/#website","url":"https:\/\/www.vebowag.de\/","name":"VEBOWAG","description":"Mein Zuhause in Bonn","potentialAction":[{"@type":"SearchAction","target":{"@type":"EntryPoint","urlTemplate":"https:\/\/www.vebowag.de\/?s={search_term_string}"},"query-input":{"@type":"PropertyValueSpecification","valueRequired":true,"valueName":"search_term_string"}}],"inLanguage":"en-EN"},{"@type":"Person","@id":"https:\/\/www.vebowag.de\/#\/schema\/person\/6f4c6d2656bd6fd684af32a9708ca020","name":"Norbert Krey","sameAs":["http:\/\/www.vebowag.de"],"url":"https:\/\/www.vebowag.de\/en\/author\/krey\/"}]}},"uagb_featured_image_src":{"full":["https:\/\/www.vebowag.de\/wp-content\/uploads\/2018\/12\/Heft-1-2019-pdf.jpg",724,1024,false],"thumbnail":["https:\/\/www.vebowag.de\/wp-content\/uploads\/2018\/12\/Heft-1-2019-pdf-150x150.jpg",150,150,true],"medium":["https:\/\/www.vebowag.de\/wp-content\/uploads\/2018\/12\/Heft-1-2019-pdf-212x300.jpg",212,300,true],"medium_large":["https:\/\/www.vebowag.de\/wp-content\/uploads\/2018\/12\/Heft-1-2019-pdf.jpg",724,1024,false],"large":["https:\/\/www.vebowag.de\/wp-content\/uploads\/2018\/12\/Heft-1-2019-pdf-724x1024.jpg",724,1024,true],"1536x1536":["https:\/\/www.vebowag.de\/wp-content\/uploads\/2018\/12\/Heft-1-2019-pdf.jpg",724,1024,false],"2048x2048":["https:\/\/www.vebowag.de\/wp-content\/uploads\/2018\/12\/Heft-1-2019-pdf.jpg",724,1024,false],"home":["https:\/\/www.vebowag.de\/wp-content\/uploads\/2018\/12\/Heft-1-2019-pdf-150x100.jpg",150,100,true],"list":["https:\/\/www.vebowag.de\/wp-content\/uploads\/2018\/12\/Heft-1-2019-pdf-200x125.jpg",200,125,true]},"uagb_author_info":{"display_name":"Norbert Krey","author_link":"https:\/\/www.vebowag.de\/en\/author\/krey\/"},"uagb_comment_info":0,"uagb_excerpt":"Hier finden Sie f\u00fcr die erste Jahresh\u00e4lfte 2019 Sport- und Bewegungsangebote f\u00fcr verschiedene Altersklassen, Kurse zu den neuen Medien, gesundheitliche Pr\u00e4vention, Angebote f\u00fcr gemeinschaftliches Spielen, Selbsthilfegruppen, Feste und vieles mehr.","_links":{"self":[{"href":"https:\/\/www.vebowag.de\/en\/wp-json\/wp\/v2\/posts\/5049"}],"collection":[{"href":"https:\/\/www.vebowag.de\/en\/wp-json\/wp\/v2\/posts"}],"about":[{"href":"https:\/\/www.vebowag.de\/en\/wp-json\/wp\/v2\/types\/post"}],"author":[{"embeddable":true,"href":"https:\/\/www.vebowag.de\/en\/wp-json\/wp\/v2\/users\/2"}],"replies":[{"embeddable":true,"href":"https:\/\/www.vebowag.de\/en\/wp-json\/wp\/v2\/comments?post=5049"}],"version-history":[{"count":5,"href":"https:\/\/www.vebowag.de\/en\/wp-json\/wp\/v2\/posts\/5049\/revisions"}],"predecessor-version":[{"id":5330,"href":"https:\/\/www.vebowag.de\/en\/wp-json\/wp\/v2\/posts\/5049\/revisions\/5330"}],"wp:featuredmedia":[{"embeddable":true,"href":"https:\/\/www.vebowag.de\/en\/wp-json\/wp\/v2\/media\/5051"}],"wp:attachment":[{"href":"https:\/\/www.vebowag.de\/en\/wp-json\/wp\/v2\/media?parent=5049"}],"wp:term":[{"taxonomy":"category","embeddable":true,"href":"https:\/\/www.vebowag.de\/en\/wp-json\/wp\/v2\/categories?post=5049"},{"taxonomy":"post_tag","embeddable":true,"href":"https:\/\/www.vebowag.de\/en\/wp-json\/wp\/v2\/tags?post=5049"}],"curies":[{"name":"wp","href":"https:\/\/api.w.org\/{rel}","templated":true}]}}