{"id":4804,"date":"2018-06-22T16:23:21","date_gmt":"2018-06-22T14:23:21","guid":{"rendered":"https:\/\/www.vebowag.de\/?p=4804"},"modified":"2018-06-22T16:27:49","modified_gmt":"2018-06-22T14:27:49","slug":"jubilaeums-sommerfest-unserer-seniorenwohnanlage-an-der-wolfsburg-am-1-juli-2018","status":"publish","type":"post","link":"https:\/\/www.vebowag.de\/en\/2018\/06\/22\/jubilaeums-sommerfest-unserer-seniorenwohnanlage-an-der-wolfsburg-am-1-juli-2018\/","title":{"rendered":"Jubil\u00e4ums-Sommerfest unserer Seniorenwohnanlage &#8220;An der Wolfsburg&#8221; am 1. Juli 2018"},"content":{"rendered":"<p>Anl\u00e4sslich des 25-j\u00e4hrigen Bestehens\u00a0unserer\u00a0Seniorenwohnanlage\u00a0 und des -Tenten- Haus der Begegnung laden wir am Sonntag, den 1. Juli in der Zeit von 11 bis 17 Uhr zum Sommerfest ein!<\/p>\n<p>F\u00fcr ein interessantes und abwechslungsreiches Programm f\u00fcr Jung und Alt ist gesorgt.<\/p>\n<p><img loading=\"lazy\" decoding=\"async\" class=\"alignleft size-large wp-image-4497\" src=\"https:\/\/www.vebowag.de\/wp-content\/uploads\/2018\/05\/Plakat-Jubil\u00e4umsfeier-802x1024.jpg\" alt=\"Plakat Jubil\u00e4umsfeier\" width=\"750\" height=\"958\" srcset=\"https:\/\/www.vebowag.de\/wp-content\/uploads\/2018\/05\/Plakat-Jubil\u00e4umsfeier-802x1024.jpg 802w, https:\/\/www.vebowag.de\/wp-content\/uploads\/2018\/05\/Plakat-Jubil\u00e4umsfeier-235x300.jpg 235w, https:\/\/www.vebowag.de\/wp-content\/uploads\/2018\/05\/Plakat-Jubil\u00e4umsfeier-768x980.jpg 768w, https:\/\/www.vebowag.de\/wp-content\/uploads\/2018\/05\/Plakat-Jubil\u00e4umsfeier.jpg 1097w\" sizes=\"(max-width: 750px) 100vw, 750px\" \/><\/p>\n","protected":false},"excerpt":{"rendered":"<p>Anl\u00e4sslich des 25-j\u00e4hrigen Bestehens unserer Seniorenwohnanlage und des -Tenten- Haus der Begegnung laden wir am Sonntag, den 1. Juli in der Zeit von 11 bis 17 Uhr zum Sommerfest ein!<\/p>\n","protected":false},"author":2,"featured_media":4497,"comment_status":"closed","ping_status":"open","sticky":false,"template":"","format":"standard","meta":{"_uag_custom_page_level_css":"","footnotes":""},"categories":[1],"tags":[],"class_list":["post-4804","post","type-post","status-publish","format-standard","has-post-thumbnail","hentry","category-aktuelles"],"translation":{"provider":"WPGlobus","version":"3.0.0","language":"en","enabled_languages":["de","en"],"languages":{"de":{"title":true,"content":true,"excerpt":true},"en":{"title":false,"content":false,"excerpt":false}}},"yoast_head":"<!-- This site is optimized with the Yoast SEO plugin v23.8 - https:\/\/yoast.com\/wordpress\/plugins\/seo\/ -->\n<title>Jubil\u00e4ums-Sommerfest unserer Seniorenwohnanlage &quot;An der Wolfsburg&quot; am 1. Juli 2018 - VEBOWAG<\/title>\n<meta name=\"robots\" content=\"index, follow, max-snippet:-1, max-image-preview:large, max-video-preview:-1\" \/>\n<link rel=\"canonical\" href=\"https:\/\/www.vebowag.de\/2018\/06\/22\/jubilaeums-sommerfest-unserer-seniorenwohnanlage-an-der-wolfsburg-am-1-juli-2018\/\" \/>\n<meta property=\"og:locale\" content=\"en_US\" \/>\n<meta property=\"og:type\" content=\"article\" \/>\n<meta property=\"og:title\" content=\"Jubil\u00e4ums-Sommerfest unserer Seniorenwohnanlage &quot;An der Wolfsburg&quot; am 1. Juli 2018 - VEBOWAG\" \/>\n<meta property=\"og:url\" content=\"https:\/\/www.vebowag.de\/2018\/06\/22\/jubilaeums-sommerfest-unserer-seniorenwohnanlage-an-der-wolfsburg-am-1-juli-2018\/\" \/>\n<meta property=\"og:site_name\" content=\"VEBOWAG\" \/>\n<meta property=\"article:publisher\" content=\"https:\/\/www.facebook.com\/vebowag\/\" \/>\n<meta property=\"article:published_time\" content=\"2018-06-22T14:23:21+00:00\" \/>\n<meta property=\"article:modified_time\" content=\"2018-06-22T14:27:49+00:00\" \/>\n<meta property=\"og:image\" content=\"https:\/\/www.vebowag.de\/wp-content\/uploads\/2018\/05\/Plakat-Jubil\u00e4umsfeier.jpg\" \/>\n\t<meta property=\"og:image:width\" content=\"1097\" \/>\n\t<meta property=\"og:image:height\" content=\"1400\" \/>\n\t<meta property=\"og:image:type\" content=\"image\/jpeg\" \/>\n<meta name=\"author\" content=\"Norbert Krey\" \/>\n<meta name=\"twitter:card\" content=\"summary_large_image\" \/>\n<meta name=\"twitter:creator\" content=\"@vebowag\" \/>\n<meta name=\"twitter:site\" content=\"@vebowag\" \/>\n<meta name=\"twitter:label1\" content=\"Written by\" \/>\n\t<meta name=\"twitter:data1\" content=\"Norbert Krey\" \/>\n<script type=\"application\/ld+json\" class=\"yoast-schema-graph\">{\"@context\":\"https:\/\/schema.org\",\"@graph\":[{\"@type\":\"WebPage\",\"@id\":\"https:\/\/www.vebowag.de\/2018\/06\/22\/jubilaeums-sommerfest-unserer-seniorenwohnanlage-an-der-wolfsburg-am-1-juli-2018\/\",\"url\":\"https:\/\/www.vebowag.de\/2018\/06\/22\/jubilaeums-sommerfest-unserer-seniorenwohnanlage-an-der-wolfsburg-am-1-juli-2018\/\",\"name\":\"Jubil\u00e4ums-Sommerfest unserer Seniorenwohnanlage \\\"An der Wolfsburg\\\" am 1. Juli 2018 - VEBOWAG\",\"isPartOf\":{\"@id\":\"https:\/\/www.vebowag.de\/#website\"},\"primaryImageOfPage\":{\"@id\":\"https:\/\/www.vebowag.de\/2018\/06\/22\/jubilaeums-sommerfest-unserer-seniorenwohnanlage-an-der-wolfsburg-am-1-juli-2018\/#primaryimage\"},\"image\":{\"@id\":\"https:\/\/www.vebowag.de\/2018\/06\/22\/jubilaeums-sommerfest-unserer-seniorenwohnanlage-an-der-wolfsburg-am-1-juli-2018\/#primaryimage\"},\"thumbnailUrl\":\"https:\/\/www.vebowag.de\/wp-content\/uploads\/2018\/05\/Plakat-Jubil\u00e4umsfeier.jpg\",\"datePublished\":\"2018-06-22T14:23:21+00:00\",\"dateModified\":\"2018-06-22T14:27:49+00:00\",\"author\":{\"@id\":\"https:\/\/www.vebowag.de\/#\/schema\/person\/6f4c6d2656bd6fd684af32a9708ca020\"},\"breadcrumb\":{\"@id\":\"https:\/\/www.vebowag.de\/2018\/06\/22\/jubilaeums-sommerfest-unserer-seniorenwohnanlage-an-der-wolfsburg-am-1-juli-2018\/#breadcrumb\"},\"inLanguage\":\"en-EN\",\"potentialAction\":[{\"@type\":\"ReadAction\",\"target\":[\"https:\/\/www.vebowag.de\/2018\/06\/22\/jubilaeums-sommerfest-unserer-seniorenwohnanlage-an-der-wolfsburg-am-1-juli-2018\/\"]}]},{\"@type\":\"ImageObject\",\"inLanguage\":\"en-EN\",\"@id\":\"https:\/\/www.vebowag.de\/2018\/06\/22\/jubilaeums-sommerfest-unserer-seniorenwohnanlage-an-der-wolfsburg-am-1-juli-2018\/#primaryimage\",\"url\":\"https:\/\/www.vebowag.de\/wp-content\/uploads\/2018\/05\/Plakat-Jubil\u00e4umsfeier.jpg\",\"contentUrl\":\"https:\/\/www.vebowag.de\/wp-content\/uploads\/2018\/05\/Plakat-Jubil\u00e4umsfeier.jpg\",\"width\":1097,\"height\":1400},{\"@type\":\"BreadcrumbList\",\"@id\":\"https:\/\/www.vebowag.de\/2018\/06\/22\/jubilaeums-sommerfest-unserer-seniorenwohnanlage-an-der-wolfsburg-am-1-juli-2018\/#breadcrumb\",\"itemListElement\":[{\"@type\":\"ListItem\",\"position\":1,\"name\":\"Home\",\"item\":\"https:\/\/www.vebowag.de\/\"},{\"@type\":\"ListItem\",\"position\":2,\"name\":\"Jubil\u00e4ums-Sommerfest unserer Seniorenwohnanlage &#8222;An der Wolfsburg&#8220; am 1. Juli 2018\"}]},{\"@type\":\"WebSite\",\"@id\":\"https:\/\/www.vebowag.de\/#website\",\"url\":\"https:\/\/www.vebowag.de\/\",\"name\":\"VEBOWAG\",\"description\":\"Mein Zuhause in Bonn\",\"potentialAction\":[{\"@type\":\"SearchAction\",\"target\":{\"@type\":\"EntryPoint\",\"urlTemplate\":\"https:\/\/www.vebowag.de\/?s={search_term_string}\"},\"query-input\":{\"@type\":\"PropertyValueSpecification\",\"valueRequired\":true,\"valueName\":\"search_term_string\"}}],\"inLanguage\":\"en-EN\"},{\"@type\":\"Person\",\"@id\":\"https:\/\/www.vebowag.de\/#\/schema\/person\/6f4c6d2656bd6fd684af32a9708ca020\",\"name\":\"Norbert Krey\",\"sameAs\":[\"http:\/\/www.vebowag.de\"],\"url\":\"https:\/\/www.vebowag.de\/en\/author\/krey\/\"}]}<\/script>\n<!-- \/ Yoast SEO plugin. -->","yoast_head_json":{"title":"Jubil\u00e4ums-Sommerfest unserer Seniorenwohnanlage \"An der Wolfsburg\" am 1. Juli 2018 - VEBOWAG","robots":{"index":"index","follow":"follow","max-snippet":"max-snippet:-1","max-image-preview":"max-image-preview:large","max-video-preview":"max-video-preview:-1"},"canonical":"https:\/\/www.vebowag.de\/2018\/06\/22\/jubilaeums-sommerfest-unserer-seniorenwohnanlage-an-der-wolfsburg-am-1-juli-2018\/","og_locale":"en_US","og_type":"article","og_title":"Jubil\u00e4ums-Sommerfest unserer Seniorenwohnanlage \"An der Wolfsburg\" am 1. Juli 2018 - VEBOWAG","og_url":"https:\/\/www.vebowag.de\/2018\/06\/22\/jubilaeums-sommerfest-unserer-seniorenwohnanlage-an-der-wolfsburg-am-1-juli-2018\/","og_site_name":"VEBOWAG","article_publisher":"https:\/\/www.facebook.com\/vebowag\/","article_published_time":"2018-06-22T14:23:21+00:00","article_modified_time":"2018-06-22T14:27:49+00:00","og_image":[{"width":1097,"height":1400,"url":"https:\/\/www.vebowag.de\/wp-content\/uploads\/2018\/05\/Plakat-Jubil\u00e4umsfeier.jpg","type":"image\/jpeg"}],"author":"Norbert Krey","twitter_card":"summary_large_image","twitter_creator":"@vebowag","twitter_site":"@vebowag","twitter_misc":{"Written by":"Norbert Krey"},"schema":{"@context":"https:\/\/schema.org","@graph":[{"@type":"WebPage","@id":"https:\/\/www.vebowag.de\/2018\/06\/22\/jubilaeums-sommerfest-unserer-seniorenwohnanlage-an-der-wolfsburg-am-1-juli-2018\/","url":"https:\/\/www.vebowag.de\/2018\/06\/22\/jubilaeums-sommerfest-unserer-seniorenwohnanlage-an-der-wolfsburg-am-1-juli-2018\/","name":"Jubil\u00e4ums-Sommerfest unserer Seniorenwohnanlage \"An der Wolfsburg\" am 1. Juli 2018 - VEBOWAG","isPartOf":{"@id":"https:\/\/www.vebowag.de\/#website"},"primaryImageOfPage":{"@id":"https:\/\/www.vebowag.de\/2018\/06\/22\/jubilaeums-sommerfest-unserer-seniorenwohnanlage-an-der-wolfsburg-am-1-juli-2018\/#primaryimage"},"image":{"@id":"https:\/\/www.vebowag.de\/2018\/06\/22\/jubilaeums-sommerfest-unserer-seniorenwohnanlage-an-der-wolfsburg-am-1-juli-2018\/#primaryimage"},"thumbnailUrl":"https:\/\/www.vebowag.de\/wp-content\/uploads\/2018\/05\/Plakat-Jubil\u00e4umsfeier.jpg","datePublished":"2018-06-22T14:23:21+00:00","dateModified":"2018-06-22T14:27:49+00:00","author":{"@id":"https:\/\/www.vebowag.de\/#\/schema\/person\/6f4c6d2656bd6fd684af32a9708ca020"},"breadcrumb":{"@id":"https:\/\/www.vebowag.de\/2018\/06\/22\/jubilaeums-sommerfest-unserer-seniorenwohnanlage-an-der-wolfsburg-am-1-juli-2018\/#breadcrumb"},"inLanguage":"en-EN","potentialAction":[{"@type":"ReadAction","target":["https:\/\/www.vebowag.de\/2018\/06\/22\/jubilaeums-sommerfest-unserer-seniorenwohnanlage-an-der-wolfsburg-am-1-juli-2018\/"]}]},{"@type":"ImageObject","inLanguage":"en-EN","@id":"https:\/\/www.vebowag.de\/2018\/06\/22\/jubilaeums-sommerfest-unserer-seniorenwohnanlage-an-der-wolfsburg-am-1-juli-2018\/#primaryimage","url":"https:\/\/www.vebowag.de\/wp-content\/uploads\/2018\/05\/Plakat-Jubil\u00e4umsfeier.jpg","contentUrl":"https:\/\/www.vebowag.de\/wp-content\/uploads\/2018\/05\/Plakat-Jubil\u00e4umsfeier.jpg","width":1097,"height":1400},{"@type":"BreadcrumbList","@id":"https:\/\/www.vebowag.de\/2018\/06\/22\/jubilaeums-sommerfest-unserer-seniorenwohnanlage-an-der-wolfsburg-am-1-juli-2018\/#breadcrumb","itemListElement":[{"@type":"ListItem","position":1,"name":"Home","item":"https:\/\/www.vebowag.de\/"},{"@type":"ListItem","position":2,"name":"Jubil\u00e4ums-Sommerfest unserer Seniorenwohnanlage &#8222;An der Wolfsburg&#8220; am 1. Juli 2018"}]},{"@type":"WebSite","@id":"https:\/\/www.vebowag.de\/#website","url":"https:\/\/www.vebowag.de\/","name":"VEBOWAG","description":"Mein Zuhause in Bonn","potentialAction":[{"@type":"SearchAction","target":{"@type":"EntryPoint","urlTemplate":"https:\/\/www.vebowag.de\/?s={search_term_string}"},"query-input":{"@type":"PropertyValueSpecification","valueRequired":true,"valueName":"search_term_string"}}],"inLanguage":"en-EN"},{"@type":"Person","@id":"https:\/\/www.vebowag.de\/#\/schema\/person\/6f4c6d2656bd6fd684af32a9708ca020","name":"Norbert Krey","sameAs":["http:\/\/www.vebowag.de"],"url":"https:\/\/www.vebowag.de\/en\/author\/krey\/"}]}},"uagb_featured_image_src":{"full":["https:\/\/www.vebowag.de\/wp-content\/uploads\/2018\/05\/Plakat-Jubil\u00e4umsfeier.jpg",1097,1400,false],"thumbnail":["https:\/\/www.vebowag.de\/wp-content\/uploads\/2018\/05\/Plakat-Jubil\u00e4umsfeier-150x150.jpg",150,150,true],"medium":["https:\/\/www.vebowag.de\/wp-content\/uploads\/2018\/05\/Plakat-Jubil\u00e4umsfeier-235x300.jpg",235,300,true],"medium_large":["https:\/\/www.vebowag.de\/wp-content\/uploads\/2018\/05\/Plakat-Jubil\u00e4umsfeier-768x980.jpg",750,957,true],"large":["https:\/\/www.vebowag.de\/wp-content\/uploads\/2018\/05\/Plakat-Jubil\u00e4umsfeier-802x1024.jpg",750,958,true],"1536x1536":["https:\/\/www.vebowag.de\/wp-content\/uploads\/2018\/05\/Plakat-Jubil\u00e4umsfeier.jpg",1097,1400,false],"2048x2048":["https:\/\/www.vebowag.de\/wp-content\/uploads\/2018\/05\/Plakat-Jubil\u00e4umsfeier.jpg",1097,1400,false],"home":["https:\/\/www.vebowag.de\/wp-content\/uploads\/2018\/05\/Plakat-Jubil\u00e4umsfeier-150x100.jpg",150,100,true],"list":["https:\/\/www.vebowag.de\/wp-content\/uploads\/2018\/05\/Plakat-Jubil\u00e4umsfeier-200x125.jpg",200,125,true]},"uagb_author_info":{"display_name":"Norbert Krey","author_link":"https:\/\/www.vebowag.de\/en\/author\/krey\/"},"uagb_comment_info":0,"uagb_excerpt":"Anl\u00e4sslich des 25-j\u00e4hrigen Bestehens unserer Seniorenwohnanlage und des -Tenten- Haus der Begegnung laden wir am Sonntag, den 1. Juli in der Zeit von 11 bis 17 Uhr zum Sommerfest ein!","_links":{"self":[{"href":"https:\/\/www.vebowag.de\/en\/wp-json\/wp\/v2\/posts\/4804"}],"collection":[{"href":"https:\/\/www.vebowag.de\/en\/wp-json\/wp\/v2\/posts"}],"about":[{"href":"https:\/\/www.vebowag.de\/en\/wp-json\/wp\/v2\/types\/post"}],"author":[{"embeddable":true,"href":"https:\/\/www.vebowag.de\/en\/wp-json\/wp\/v2\/users\/2"}],"replies":[{"embeddable":true,"href":"https:\/\/www.vebowag.de\/en\/wp-json\/wp\/v2\/comments?post=4804"}],"version-history":[{"count":9,"href":"https:\/\/www.vebowag.de\/en\/wp-json\/wp\/v2\/posts\/4804\/revisions"}],"predecessor-version":[{"id":4808,"href":"https:\/\/www.vebowag.de\/en\/wp-json\/wp\/v2\/posts\/4804\/revisions\/4808"}],"wp:featuredmedia":[{"embeddable":true,"href":"https:\/\/www.vebowag.de\/en\/wp-json\/wp\/v2\/media\/4497"}],"wp:attachment":[{"href":"https:\/\/www.vebowag.de\/en\/wp-json\/wp\/v2\/media?parent=4804"}],"wp:term":[{"taxonomy":"category","embeddable":true,"href":"https:\/\/www.vebowag.de\/en\/wp-json\/wp\/v2\/categories?post=4804"},{"taxonomy":"post_tag","embeddable":true,"href":"https:\/\/www.vebowag.de\/en\/wp-json\/wp\/v2\/tags?post=4804"}],"curies":[{"name":"wp","href":"https:\/\/api.w.org\/{rel}","templated":true}]}}