{"id":4429,"date":"2018-04-18T17:33:14","date_gmt":"2018-04-18T15:33:14","guid":{"rendered":"https:\/\/www.vebowag.de\/?p=4429"},"modified":"2018-04-18T17:37:40","modified_gmt":"2018-04-18T15:37:40","slug":"entkernung-des-gebaeudes-zitelmannstrasse-13-hat-begonnen","status":"publish","type":"post","link":"https:\/\/www.vebowag.de\/en\/2018\/04\/18\/entkernung-des-gebaeudes-zitelmannstrasse-13-hat-begonnen\/","title":{"rendered":"Entkernung des Geb\u00e4udes Zitelmannstra\u00dfe 1\/3 hat begonnen"},"content":{"rendered":"<p>Diese Woche haben planm\u00e4\u00dfig die vorbereitenden Abrissarbeiten an der Zitelmannstra\u00dfe begonnen. Nach erfolgter Entkernung werden in den n\u00e4chsten Tagen die Bagger das Geb\u00e4ude niederlegen.<img loading=\"lazy\" decoding=\"async\" class=\"alignleft size-large wp-image-4430\" src=\"https:\/\/www.vebowag.de\/wp-content\/uploads\/2018\/04\/Zitelmannstr.-Abriss-1024x680.jpg\" alt=\"Zitelmannstr. Abriss\" width=\"750\" height=\"498\" srcset=\"https:\/\/www.vebowag.de\/wp-content\/uploads\/2018\/04\/Zitelmannstr.-Abriss-1024x680.jpg 1024w, https:\/\/www.vebowag.de\/wp-content\/uploads\/2018\/04\/Zitelmannstr.-Abriss-300x199.jpg 300w, https:\/\/www.vebowag.de\/wp-content\/uploads\/2018\/04\/Zitelmannstr.-Abriss-768x510.jpg 768w, https:\/\/www.vebowag.de\/wp-content\/uploads\/2018\/04\/Zitelmannstr.-Abriss-150x100.jpg 150w\" sizes=\"(max-width: 750px) 100vw, 750px\" \/><\/p>\n<p>Auf dem Grundst\u00fcck entstehen 26 moderne barrierefreie Mietwohnungen mit Tiefgarage. Die Fertigstellung ist f\u00fcr Fr\u00fchjahr\/Sommer 2019 vorgesehen.<\/p>\n<p>Weitere Informationen zu\u00a0diesem Neubauprojekt finden Sie hier:\u00a0<a href=\"https:\/\/www.vebowag.de\/2018\/03\/05\/gronau-zitelmannstrasse\/\">Bauvorhaben Zitelmannstrasse<\/a><\/p>\n","protected":false},"excerpt":{"rendered":"<p>Diese Woche haben planm\u00e4\u00dfig die vorbereitenden Abrissarbeiten an der Zitelmannstra\u00dfe begonnen. Nach erfolgter Entkernung werden in den n\u00e4chsten Tagen die Bagger das Geb\u00e4ude niederlegen.<\/p>\n","protected":false},"author":2,"featured_media":4430,"comment_status":"closed","ping_status":"open","sticky":false,"template":"","format":"standard","meta":{"_uag_custom_page_level_css":"","footnotes":""},"categories":[1],"tags":[],"class_list":["post-4429","post","type-post","status-publish","format-standard","has-post-thumbnail","hentry","category-aktuelles"],"translation":{"provider":"WPGlobus","version":"3.0.0","language":"en","enabled_languages":["de","en"],"languages":{"de":{"title":true,"content":true,"excerpt":true},"en":{"title":false,"content":false,"excerpt":false}}},"yoast_head":"<!-- This site is optimized with the Yoast SEO plugin v23.8 - https:\/\/yoast.com\/wordpress\/plugins\/seo\/ -->\n<title>Entkernung des Geb\u00e4udes Zitelmannstra\u00dfe 1\/3 hat begonnen - VEBOWAG<\/title>\n<meta name=\"robots\" content=\"index, follow, max-snippet:-1, max-image-preview:large, max-video-preview:-1\" \/>\n<link rel=\"canonical\" href=\"https:\/\/www.vebowag.de\/en\/2018\/04\/18\/entkernung-des-gebaeudes-zitelmannstrasse-13-hat-begonnen\/\" \/>\n<meta property=\"og:locale\" content=\"en_US\" \/>\n<meta property=\"og:type\" content=\"article\" \/>\n<meta property=\"og:title\" content=\"Entkernung des Geb\u00e4udes Zitelmannstra\u00dfe 1\/3 hat begonnen - VEBOWAG\" \/>\n<meta property=\"og:url\" content=\"https:\/\/www.vebowag.de\/en\/2018\/04\/18\/entkernung-des-gebaeudes-zitelmannstrasse-13-hat-begonnen\/\" \/>\n<meta property=\"og:site_name\" content=\"VEBOWAG\" \/>\n<meta property=\"article:publisher\" content=\"https:\/\/www.facebook.com\/vebowag\/\" \/>\n<meta property=\"article:published_time\" content=\"2018-04-18T15:33:14+00:00\" \/>\n<meta property=\"article:modified_time\" content=\"2018-04-18T15:37:40+00:00\" \/>\n<meta property=\"og:image\" content=\"https:\/\/www.vebowag.de\/wp-content\/uploads\/2018\/04\/Zitelmannstr.-Abriss.jpg\" \/>\n\t<meta property=\"og:image:width\" content=\"2143\" \/>\n\t<meta property=\"og:image:height\" content=\"1423\" \/>\n\t<meta property=\"og:image:type\" content=\"image\/jpeg\" \/>\n<meta name=\"author\" content=\"Norbert Krey\" \/>\n<meta name=\"twitter:card\" content=\"summary_large_image\" \/>\n<meta name=\"twitter:creator\" content=\"@vebowag\" \/>\n<meta name=\"twitter:site\" content=\"@vebowag\" \/>\n<meta name=\"twitter:label1\" content=\"Written by\" \/>\n\t<meta name=\"twitter:data1\" content=\"Norbert Krey\" \/>\n<script type=\"application\/ld+json\" class=\"yoast-schema-graph\">{\"@context\":\"https:\/\/schema.org\",\"@graph\":[{\"@type\":\"WebPage\",\"@id\":\"https:\/\/www.vebowag.de\/en\/2018\/04\/18\/entkernung-des-gebaeudes-zitelmannstrasse-13-hat-begonnen\/\",\"url\":\"https:\/\/www.vebowag.de\/en\/2018\/04\/18\/entkernung-des-gebaeudes-zitelmannstrasse-13-hat-begonnen\/\",\"name\":\"Entkernung des Geb\u00e4udes Zitelmannstra\u00dfe 1\/3 hat begonnen - VEBOWAG\",\"isPartOf\":{\"@id\":\"https:\/\/www.vebowag.de\/#website\"},\"primaryImageOfPage\":{\"@id\":\"https:\/\/www.vebowag.de\/en\/2018\/04\/18\/entkernung-des-gebaeudes-zitelmannstrasse-13-hat-begonnen\/#primaryimage\"},\"image\":{\"@id\":\"https:\/\/www.vebowag.de\/en\/2018\/04\/18\/entkernung-des-gebaeudes-zitelmannstrasse-13-hat-begonnen\/#primaryimage\"},\"thumbnailUrl\":\"https:\/\/www.vebowag.de\/wp-content\/uploads\/2018\/04\/Zitelmannstr.-Abriss.jpg\",\"datePublished\":\"2018-04-18T15:33:14+00:00\",\"dateModified\":\"2018-04-18T15:37:40+00:00\",\"author\":{\"@id\":\"https:\/\/www.vebowag.de\/#\/schema\/person\/6f4c6d2656bd6fd684af32a9708ca020\"},\"breadcrumb\":{\"@id\":\"https:\/\/www.vebowag.de\/en\/2018\/04\/18\/entkernung-des-gebaeudes-zitelmannstrasse-13-hat-begonnen\/#breadcrumb\"},\"inLanguage\":\"en-EN\",\"potentialAction\":[{\"@type\":\"ReadAction\",\"target\":[\"https:\/\/www.vebowag.de\/en\/2018\/04\/18\/entkernung-des-gebaeudes-zitelmannstrasse-13-hat-begonnen\/\"]}]},{\"@type\":\"ImageObject\",\"inLanguage\":\"en-EN\",\"@id\":\"https:\/\/www.vebowag.de\/en\/2018\/04\/18\/entkernung-des-gebaeudes-zitelmannstrasse-13-hat-begonnen\/#primaryimage\",\"url\":\"https:\/\/www.vebowag.de\/wp-content\/uploads\/2018\/04\/Zitelmannstr.-Abriss.jpg\",\"contentUrl\":\"https:\/\/www.vebowag.de\/wp-content\/uploads\/2018\/04\/Zitelmannstr.-Abriss.jpg\",\"width\":2143,\"height\":1423},{\"@type\":\"BreadcrumbList\",\"@id\":\"https:\/\/www.vebowag.de\/en\/2018\/04\/18\/entkernung-des-gebaeudes-zitelmannstrasse-13-hat-begonnen\/#breadcrumb\",\"itemListElement\":[{\"@type\":\"ListItem\",\"position\":1,\"name\":\"Home\",\"item\":\"https:\/\/www.vebowag.de\/\"},{\"@type\":\"ListItem\",\"position\":2,\"name\":\"Entkernung des Geb\u00e4udes Zitelmannstra\u00dfe 1\/3 hat begonnen\"}]},{\"@type\":\"WebSite\",\"@id\":\"https:\/\/www.vebowag.de\/#website\",\"url\":\"https:\/\/www.vebowag.de\/\",\"name\":\"VEBOWAG\",\"description\":\"Mein Zuhause in Bonn\",\"potentialAction\":[{\"@type\":\"SearchAction\",\"target\":{\"@type\":\"EntryPoint\",\"urlTemplate\":\"https:\/\/www.vebowag.de\/?s={search_term_string}\"},\"query-input\":{\"@type\":\"PropertyValueSpecification\",\"valueRequired\":true,\"valueName\":\"search_term_string\"}}],\"inLanguage\":\"en-EN\"},{\"@type\":\"Person\",\"@id\":\"https:\/\/www.vebowag.de\/#\/schema\/person\/6f4c6d2656bd6fd684af32a9708ca020\",\"name\":\"Norbert Krey\",\"sameAs\":[\"http:\/\/www.vebowag.de\"],\"url\":\"https:\/\/www.vebowag.de\/en\/author\/krey\/\"}]}<\/script>\n<!-- \/ Yoast SEO plugin. -->","yoast_head_json":{"title":"Entkernung des Geb\u00e4udes Zitelmannstra\u00dfe 1\/3 hat begonnen - VEBOWAG","robots":{"index":"index","follow":"follow","max-snippet":"max-snippet:-1","max-image-preview":"max-image-preview:large","max-video-preview":"max-video-preview:-1"},"canonical":"https:\/\/www.vebowag.de\/en\/2018\/04\/18\/entkernung-des-gebaeudes-zitelmannstrasse-13-hat-begonnen\/","og_locale":"en_US","og_type":"article","og_title":"Entkernung des Geb\u00e4udes Zitelmannstra\u00dfe 1\/3 hat begonnen - VEBOWAG","og_url":"https:\/\/www.vebowag.de\/en\/2018\/04\/18\/entkernung-des-gebaeudes-zitelmannstrasse-13-hat-begonnen\/","og_site_name":"VEBOWAG","article_publisher":"https:\/\/www.facebook.com\/vebowag\/","article_published_time":"2018-04-18T15:33:14+00:00","article_modified_time":"2018-04-18T15:37:40+00:00","og_image":[{"width":2143,"height":1423,"url":"https:\/\/www.vebowag.de\/wp-content\/uploads\/2018\/04\/Zitelmannstr.-Abriss.jpg","type":"image\/jpeg"}],"author":"Norbert Krey","twitter_card":"summary_large_image","twitter_creator":"@vebowag","twitter_site":"@vebowag","twitter_misc":{"Written by":"Norbert Krey"},"schema":{"@context":"https:\/\/schema.org","@graph":[{"@type":"WebPage","@id":"https:\/\/www.vebowag.de\/en\/2018\/04\/18\/entkernung-des-gebaeudes-zitelmannstrasse-13-hat-begonnen\/","url":"https:\/\/www.vebowag.de\/en\/2018\/04\/18\/entkernung-des-gebaeudes-zitelmannstrasse-13-hat-begonnen\/","name":"Entkernung des Geb\u00e4udes Zitelmannstra\u00dfe 1\/3 hat begonnen - VEBOWAG","isPartOf":{"@id":"https:\/\/www.vebowag.de\/#website"},"primaryImageOfPage":{"@id":"https:\/\/www.vebowag.de\/en\/2018\/04\/18\/entkernung-des-gebaeudes-zitelmannstrasse-13-hat-begonnen\/#primaryimage"},"image":{"@id":"https:\/\/www.vebowag.de\/en\/2018\/04\/18\/entkernung-des-gebaeudes-zitelmannstrasse-13-hat-begonnen\/#primaryimage"},"thumbnailUrl":"https:\/\/www.vebowag.de\/wp-content\/uploads\/2018\/04\/Zitelmannstr.-Abriss.jpg","datePublished":"2018-04-18T15:33:14+00:00","dateModified":"2018-04-18T15:37:40+00:00","author":{"@id":"https:\/\/www.vebowag.de\/#\/schema\/person\/6f4c6d2656bd6fd684af32a9708ca020"},"breadcrumb":{"@id":"https:\/\/www.vebowag.de\/en\/2018\/04\/18\/entkernung-des-gebaeudes-zitelmannstrasse-13-hat-begonnen\/#breadcrumb"},"inLanguage":"en-EN","potentialAction":[{"@type":"ReadAction","target":["https:\/\/www.vebowag.de\/en\/2018\/04\/18\/entkernung-des-gebaeudes-zitelmannstrasse-13-hat-begonnen\/"]}]},{"@type":"ImageObject","inLanguage":"en-EN","@id":"https:\/\/www.vebowag.de\/en\/2018\/04\/18\/entkernung-des-gebaeudes-zitelmannstrasse-13-hat-begonnen\/#primaryimage","url":"https:\/\/www.vebowag.de\/wp-content\/uploads\/2018\/04\/Zitelmannstr.-Abriss.jpg","contentUrl":"https:\/\/www.vebowag.de\/wp-content\/uploads\/2018\/04\/Zitelmannstr.-Abriss.jpg","width":2143,"height":1423},{"@type":"BreadcrumbList","@id":"https:\/\/www.vebowag.de\/en\/2018\/04\/18\/entkernung-des-gebaeudes-zitelmannstrasse-13-hat-begonnen\/#breadcrumb","itemListElement":[{"@type":"ListItem","position":1,"name":"Home","item":"https:\/\/www.vebowag.de\/"},{"@type":"ListItem","position":2,"name":"Entkernung des Geb\u00e4udes Zitelmannstra\u00dfe 1\/3 hat begonnen"}]},{"@type":"WebSite","@id":"https:\/\/www.vebowag.de\/#website","url":"https:\/\/www.vebowag.de\/","name":"VEBOWAG","description":"Mein Zuhause in Bonn","potentialAction":[{"@type":"SearchAction","target":{"@type":"EntryPoint","urlTemplate":"https:\/\/www.vebowag.de\/?s={search_term_string}"},"query-input":{"@type":"PropertyValueSpecification","valueRequired":true,"valueName":"search_term_string"}}],"inLanguage":"en-EN"},{"@type":"Person","@id":"https:\/\/www.vebowag.de\/#\/schema\/person\/6f4c6d2656bd6fd684af32a9708ca020","name":"Norbert Krey","sameAs":["http:\/\/www.vebowag.de"],"url":"https:\/\/www.vebowag.de\/en\/author\/krey\/"}]}},"uagb_featured_image_src":{"full":["https:\/\/www.vebowag.de\/wp-content\/uploads\/2018\/04\/Zitelmannstr.-Abriss.jpg",2143,1423,false],"thumbnail":["https:\/\/www.vebowag.de\/wp-content\/uploads\/2018\/04\/Zitelmannstr.-Abriss-150x150.jpg",150,150,true],"medium":["https:\/\/www.vebowag.de\/wp-content\/uploads\/2018\/04\/Zitelmannstr.-Abriss-300x199.jpg",300,199,true],"medium_large":["https:\/\/www.vebowag.de\/wp-content\/uploads\/2018\/04\/Zitelmannstr.-Abriss-768x510.jpg",750,498,true],"large":["https:\/\/www.vebowag.de\/wp-content\/uploads\/2018\/04\/Zitelmannstr.-Abriss-1024x680.jpg",750,498,true],"1536x1536":["https:\/\/www.vebowag.de\/wp-content\/uploads\/2018\/04\/Zitelmannstr.-Abriss.jpg",1536,1020,false],"2048x2048":["https:\/\/www.vebowag.de\/wp-content\/uploads\/2018\/04\/Zitelmannstr.-Abriss.jpg",2048,1360,false],"home":["https:\/\/www.vebowag.de\/wp-content\/uploads\/2018\/04\/Zitelmannstr.-Abriss-150x100.jpg",150,100,true],"list":["https:\/\/www.vebowag.de\/wp-content\/uploads\/2018\/04\/Zitelmannstr.-Abriss-200x125.jpg",200,125,true]},"uagb_author_info":{"display_name":"Norbert Krey","author_link":"https:\/\/www.vebowag.de\/en\/author\/krey\/"},"uagb_comment_info":0,"uagb_excerpt":"Diese Woche haben planm\u00e4\u00dfig die vorbereitenden Abrissarbeiten an der Zitelmannstra\u00dfe begonnen. Nach erfolgter Entkernung werden in den n\u00e4chsten Tagen die Bagger das Geb\u00e4ude niederlegen.","_links":{"self":[{"href":"https:\/\/www.vebowag.de\/en\/wp-json\/wp\/v2\/posts\/4429"}],"collection":[{"href":"https:\/\/www.vebowag.de\/en\/wp-json\/wp\/v2\/posts"}],"about":[{"href":"https:\/\/www.vebowag.de\/en\/wp-json\/wp\/v2\/types\/post"}],"author":[{"embeddable":true,"href":"https:\/\/www.vebowag.de\/en\/wp-json\/wp\/v2\/users\/2"}],"replies":[{"embeddable":true,"href":"https:\/\/www.vebowag.de\/en\/wp-json\/wp\/v2\/comments?post=4429"}],"version-history":[{"count":6,"href":"https:\/\/www.vebowag.de\/en\/wp-json\/wp\/v2\/posts\/4429\/revisions"}],"predecessor-version":[{"id":4432,"href":"https:\/\/www.vebowag.de\/en\/wp-json\/wp\/v2\/posts\/4429\/revisions\/4432"}],"wp:featuredmedia":[{"embeddable":true,"href":"https:\/\/www.vebowag.de\/en\/wp-json\/wp\/v2\/media\/4430"}],"wp:attachment":[{"href":"https:\/\/www.vebowag.de\/en\/wp-json\/wp\/v2\/media?parent=4429"}],"wp:term":[{"taxonomy":"category","embeddable":true,"href":"https:\/\/www.vebowag.de\/en\/wp-json\/wp\/v2\/categories?post=4429"},{"taxonomy":"post_tag","embeddable":true,"href":"https:\/\/www.vebowag.de\/en\/wp-json\/wp\/v2\/tags?post=4429"}],"curies":[{"name":"wp","href":"https:\/\/api.w.org\/{rel}","templated":true}]}}