{"id":3223,"date":"2017-03-16T13:54:32","date_gmt":"2017-03-16T12:54:32","guid":{"rendered":"https:\/\/www.vebowag.de\/?p=3223"},"modified":"2017-04-21T16:58:20","modified_gmt":"2017-04-21T14:58:20","slug":"presseinformation","status":"publish","type":"post","link":"https:\/\/www.vebowag.de\/en\/2017\/03\/16\/presseinformation\/","title":{"rendered":"Presseinformation"},"content":{"rendered":"<h4><strong>Wohnungspolitischer Konsens in Sicht &#8211; Die Rolle der VEBOWAG anerkannt<\/strong><\/h4>\n<p>Anl\u00e4sslich der heutigen Berichterstattung zur Wohnungsbaupolitik in Bonn und des \u00c4nderungsantrags der Koalition aus CDU, Gr\u00fcnen und FDP erkl\u00e4rt die Aufsichtsratsvorsitzende der Vereinigten Bonner Wohnungsbau AG (VEBOWAG) <strong>Karin Robinet (B\u00fcndnis 90\/Die Gr\u00fcnen):<\/strong><\/p>\n<p>Die st\u00e4dtische Beteiligungsgesellschaft VEBOWAG ist das zentrale kommunale wohnungspolitische Instrument in Bonn. 93% der Aktien geh\u00f6ren der Stadt Bonn. Mit ann\u00e4hernd 6.500 Wohnungen ist die Vereinigte Bonner Wohnungsbau AG (VEBOWAG) der Marktf\u00fchrer im sozialen Wohnungsbau in Bonn. Sozialer Wohnungsbau ist das Kerngesch\u00e4ft \u2013 hier liegt die herausragende Kompetenz. Ihre wirtschaftliche Lage erlaubt, dass sich die VEBOWAG vermehrt dem Neubau von Sozialwohnungen widmet. Das w\u00e4re auch unter haush\u00e4lterischen Gesichtspunkten von Vorteil. Denn jeder Neubau st\u00e4rkt das Eigenkapital der Stadt Bonn und erh\u00f6ht damit den haushaltspolitischen Spielraum.<\/p>\n<p>Deswegen begr\u00fc\u00dfe ich sehr, dass sich die politischen Kr\u00e4fte in dieser Stadt auf Rahmenbedingungen geeinigt haben, die zu einem Mehr an preiswertem Wohnraum beitragen k\u00f6nnen und die wichtige Rolle der VEBOWAG nunmehr anerkannt ist. Die VEBOWAG kann auf mindestens drei Wegen zu mehr preisg\u00fcnstigen Wohnraum in Bonn beitragen:<\/p>\n<ol>\n<li>Neubau auf verf\u00fcgbarem st\u00e4dtischem Grund, der vorrangig der VEBOWAG zum Kauf anzubieten ist. Dazu verpflichtet sich die VEBOWAG zu Bindefristen, die wenigstens 30 Jahre umfassen (zum Vergleich die F\u00f6rdermittelgeber verlangen nur 20 Jahre). Das erlaubt dem Liegenschaftsamt der Stadt Bonn hier einen Rabatt auf den Verkehrswert einzur\u00e4umen, der auch unter beihilferechtlichen Gesichtspunkten nicht zu beanstanden ist.<\/li>\n<li>Die VEBOWAG kann mit ihrem Know How und Eigenkapital anderen Bautr\u00e4gern zur Seite stehen, indem sie als Partner die 30%-Quote in einer Investorengemeinschaft realisiert, w\u00e4hrend der preisged\u00e4mpfte und freifinanzierte Wohnungsbau von anderen Partner erbracht wird.<\/li>\n<li>VEBOWAG-eigene Neubauma\u00dfnahmen erf\u00fcllen nicht nur die 30%-Quote, sondern erreichen in aller Regel eine 100%-Quote \u00f6ffentlich gef\u00f6rderter Wohnungen.<\/li>\n<\/ol>\n<p>Aktuell plant die VEBOWAG bis 2022 ca. 1.200 Wohneinheiten im sozialen Wohnungsbau auf eigenem bzw. neu erworbenem Grund. Mit der nun beschlossenen Quote bezogen auf Wohnbauvorhaben von mehr als 25 Wohneinheiten bzw. 2.200 m\u00b2 Wohnfl\u00e4che kann dieser Beitrag noch gesteigert werden. Das notwendige Eigenkapital kann durch vorhandenes Kapital und durch eine bereits genehmigte Kapitalerh\u00f6hung aufgebracht werden.<\/p>\n<p>Vielversprechend, aber auch erforderlich ist die von der Ratsmehrheit beschlossene personelle Aufstockung des Planungsdezernats: \u201eHiervon erwarte ich zus\u00e4tzlichen Schwung zur Schaffung bezahlbaren Wohnraums.\u201c<\/p>\n<p>Die Aufsichtsratsvorsitzende<\/p>\n<p>Karin Robinet<\/p>\n","protected":false},"excerpt":{"rendered":"<p>Wohnungspolitischer Konsens in Sicht &#8211; Die Rolle der VEBOWAG anerkannt!<\/p>\n<p>Anl\u00e4sslich der heutigen Berichterstattung zur Wohnungsbaupolitik in Bonn und des \u00c4nderungsantrags der Koalition aus CDU, Gr\u00fcnen und FDP erkl\u00e4rt die Aufsichtsratsvorsitzende der Vereinigten Bonner Wohnungsbau AG (VEBOWAG) Karin Robinet (B\u00fcndnis 90\/Die Gr\u00fcnen):<\/p>\n<p>Die st\u00e4dtische Beteiligungsgesellschaft VEBOWAG ist das zentrale kommunale wohnungspolitische Instrument in Bonn&#8230;  Weiterlesen >><\/p>\n","protected":false},"author":2,"featured_media":0,"comment_status":"closed","ping_status":"open","sticky":false,"template":"","format":"standard","meta":{"_uag_custom_page_level_css":"","footnotes":""},"categories":[1],"tags":[],"class_list":["post-3223","post","type-post","status-publish","format-standard","hentry","category-aktuelles"],"translation":{"provider":"WPGlobus","version":"3.0.0","language":"en","enabled_languages":["de","en"],"languages":{"de":{"title":true,"content":true,"excerpt":true},"en":{"title":true,"content":true,"excerpt":false}}},"yoast_head":"<!-- This site is optimized with the Yoast SEO plugin v23.8 - https:\/\/yoast.com\/wordpress\/plugins\/seo\/ -->\n<title>Presseinformation - VEBOWAG<\/title>\n<meta name=\"robots\" content=\"index, follow, max-snippet:-1, max-image-preview:large, max-video-preview:-1\" \/>\n<link rel=\"canonical\" href=\"https:\/\/www.vebowag.de\/2017\/03\/16\/presseinformation\/\" \/>\n<meta property=\"og:locale\" content=\"en_US\" \/>\n<meta property=\"og:type\" content=\"article\" \/>\n<meta property=\"og:title\" content=\"Presseinformation - VEBOWAG\" \/>\n<meta property=\"og:url\" content=\"https:\/\/www.vebowag.de\/2017\/03\/16\/presseinformation\/\" \/>\n<meta property=\"og:site_name\" content=\"VEBOWAG\" \/>\n<meta property=\"article:publisher\" content=\"https:\/\/www.facebook.com\/vebowag\/\" \/>\n<meta property=\"article:published_time\" content=\"2017-03-16T12:54:32+00:00\" \/>\n<meta property=\"article:modified_time\" content=\"2017-04-21T14:58:20+00:00\" \/>\n<meta name=\"author\" content=\"Norbert Krey\" \/>\n<meta name=\"twitter:card\" content=\"summary_large_image\" \/>\n<meta name=\"twitter:creator\" content=\"@vebowag\" \/>\n<meta name=\"twitter:site\" content=\"@vebowag\" \/>\n<meta name=\"twitter:label1\" content=\"Written by\" \/>\n\t<meta name=\"twitter:data1\" content=\"Norbert Krey\" \/>\n\t<meta name=\"twitter:label2\" content=\"Est. reading time\" \/>\n\t<meta name=\"twitter:data2\" content=\"4 minutes\" \/>\n<script type=\"application\/ld+json\" class=\"yoast-schema-graph\">{\"@context\":\"https:\/\/schema.org\",\"@graph\":[{\"@type\":\"WebPage\",\"@id\":\"https:\/\/www.vebowag.de\/2017\/03\/16\/presseinformation\/\",\"url\":\"https:\/\/www.vebowag.de\/2017\/03\/16\/presseinformation\/\",\"name\":\"Presseinformation - VEBOWAG\",\"isPartOf\":{\"@id\":\"https:\/\/www.vebowag.de\/#website\"},\"datePublished\":\"2017-03-16T12:54:32+00:00\",\"dateModified\":\"2017-04-21T14:58:20+00:00\",\"author\":{\"@id\":\"https:\/\/www.vebowag.de\/#\/schema\/person\/6f4c6d2656bd6fd684af32a9708ca020\"},\"breadcrumb\":{\"@id\":\"https:\/\/www.vebowag.de\/2017\/03\/16\/presseinformation\/#breadcrumb\"},\"inLanguage\":\"en-EN\",\"potentialAction\":[{\"@type\":\"ReadAction\",\"target\":[\"https:\/\/www.vebowag.de\/2017\/03\/16\/presseinformation\/\"]}]},{\"@type\":\"BreadcrumbList\",\"@id\":\"https:\/\/www.vebowag.de\/2017\/03\/16\/presseinformation\/#breadcrumb\",\"itemListElement\":[{\"@type\":\"ListItem\",\"position\":1,\"name\":\"Home\",\"item\":\"https:\/\/www.vebowag.de\/\"},{\"@type\":\"ListItem\",\"position\":2,\"name\":\"Presseinformation\"}]},{\"@type\":\"WebSite\",\"@id\":\"https:\/\/www.vebowag.de\/#website\",\"url\":\"https:\/\/www.vebowag.de\/\",\"name\":\"VEBOWAG\",\"description\":\"Mein Zuhause in Bonn\",\"potentialAction\":[{\"@type\":\"SearchAction\",\"target\":{\"@type\":\"EntryPoint\",\"urlTemplate\":\"https:\/\/www.vebowag.de\/?s={search_term_string}\"},\"query-input\":{\"@type\":\"PropertyValueSpecification\",\"valueRequired\":true,\"valueName\":\"search_term_string\"}}],\"inLanguage\":\"en-EN\"},{\"@type\":\"Person\",\"@id\":\"https:\/\/www.vebowag.de\/#\/schema\/person\/6f4c6d2656bd6fd684af32a9708ca020\",\"name\":\"Norbert Krey\",\"sameAs\":[\"http:\/\/www.vebowag.de\"],\"url\":\"https:\/\/www.vebowag.de\/en\/author\/krey\/\"}]}<\/script>\n<!-- \/ Yoast SEO plugin. -->","yoast_head_json":{"title":"Presseinformation - VEBOWAG","robots":{"index":"index","follow":"follow","max-snippet":"max-snippet:-1","max-image-preview":"max-image-preview:large","max-video-preview":"max-video-preview:-1"},"canonical":"https:\/\/www.vebowag.de\/2017\/03\/16\/presseinformation\/","og_locale":"en_US","og_type":"article","og_title":"Presseinformation - VEBOWAG","og_url":"https:\/\/www.vebowag.de\/2017\/03\/16\/presseinformation\/","og_site_name":"VEBOWAG","article_publisher":"https:\/\/www.facebook.com\/vebowag\/","article_published_time":"2017-03-16T12:54:32+00:00","article_modified_time":"2017-04-21T14:58:20+00:00","author":"Norbert Krey","twitter_card":"summary_large_image","twitter_creator":"@vebowag","twitter_site":"@vebowag","twitter_misc":{"Written by":"Norbert Krey","Est. reading time":"4 minutes"},"schema":{"@context":"https:\/\/schema.org","@graph":[{"@type":"WebPage","@id":"https:\/\/www.vebowag.de\/2017\/03\/16\/presseinformation\/","url":"https:\/\/www.vebowag.de\/2017\/03\/16\/presseinformation\/","name":"Presseinformation - VEBOWAG","isPartOf":{"@id":"https:\/\/www.vebowag.de\/#website"},"datePublished":"2017-03-16T12:54:32+00:00","dateModified":"2017-04-21T14:58:20+00:00","author":{"@id":"https:\/\/www.vebowag.de\/#\/schema\/person\/6f4c6d2656bd6fd684af32a9708ca020"},"breadcrumb":{"@id":"https:\/\/www.vebowag.de\/2017\/03\/16\/presseinformation\/#breadcrumb"},"inLanguage":"en-EN","potentialAction":[{"@type":"ReadAction","target":["https:\/\/www.vebowag.de\/2017\/03\/16\/presseinformation\/"]}]},{"@type":"BreadcrumbList","@id":"https:\/\/www.vebowag.de\/2017\/03\/16\/presseinformation\/#breadcrumb","itemListElement":[{"@type":"ListItem","position":1,"name":"Home","item":"https:\/\/www.vebowag.de\/"},{"@type":"ListItem","position":2,"name":"Presseinformation"}]},{"@type":"WebSite","@id":"https:\/\/www.vebowag.de\/#website","url":"https:\/\/www.vebowag.de\/","name":"VEBOWAG","description":"Mein Zuhause in Bonn","potentialAction":[{"@type":"SearchAction","target":{"@type":"EntryPoint","urlTemplate":"https:\/\/www.vebowag.de\/?s={search_term_string}"},"query-input":{"@type":"PropertyValueSpecification","valueRequired":true,"valueName":"search_term_string"}}],"inLanguage":"en-EN"},{"@type":"Person","@id":"https:\/\/www.vebowag.de\/#\/schema\/person\/6f4c6d2656bd6fd684af32a9708ca020","name":"Norbert Krey","sameAs":["http:\/\/www.vebowag.de"],"url":"https:\/\/www.vebowag.de\/en\/author\/krey\/"}]}},"uagb_featured_image_src":{"full":false,"thumbnail":false,"medium":false,"medium_large":false,"large":false,"1536x1536":false,"2048x2048":false,"home":false,"list":false},"uagb_author_info":{"display_name":"Norbert Krey","author_link":"https:\/\/www.vebowag.de\/en\/author\/krey\/"},"uagb_comment_info":0,"uagb_excerpt":"Wohnungspolitischer Konsens in Sicht - Die Rolle der VEBOWAG anerkannt! Anl\u00e4sslich der heutigen Berichterstattung zur Wohnungsbaupolitik in Bonn und des \u00c4nderungsantrags der Koalition aus CDU, Gr\u00fcnen und FDP erkl\u00e4rt die Aufsichtsratsvorsitzende der Vereinigten Bonner Wohnungsbau AG (VEBOWAG) Karin Robinet (B\u00fcndnis 90\/Die Gr\u00fcnen): Die st\u00e4dtische Beteiligungsgesellschaft VEBOWAG ist das zentrale kommunale wohnungspolitische Instrument in Bonn... Weiterlesen&hellip;","_links":{"self":[{"href":"https:\/\/www.vebowag.de\/en\/wp-json\/wp\/v2\/posts\/3223"}],"collection":[{"href":"https:\/\/www.vebowag.de\/en\/wp-json\/wp\/v2\/posts"}],"about":[{"href":"https:\/\/www.vebowag.de\/en\/wp-json\/wp\/v2\/types\/post"}],"author":[{"embeddable":true,"href":"https:\/\/www.vebowag.de\/en\/wp-json\/wp\/v2\/users\/2"}],"replies":[{"embeddable":true,"href":"https:\/\/www.vebowag.de\/en\/wp-json\/wp\/v2\/comments?post=3223"}],"version-history":[{"count":22,"href":"https:\/\/www.vebowag.de\/en\/wp-json\/wp\/v2\/posts\/3223\/revisions"}],"predecessor-version":[{"id":3255,"href":"https:\/\/www.vebowag.de\/en\/wp-json\/wp\/v2\/posts\/3223\/revisions\/3255"}],"wp:attachment":[{"href":"https:\/\/www.vebowag.de\/en\/wp-json\/wp\/v2\/media?parent=3223"}],"wp:term":[{"taxonomy":"category","embeddable":true,"href":"https:\/\/www.vebowag.de\/en\/wp-json\/wp\/v2\/categories?post=3223"},{"taxonomy":"post_tag","embeddable":true,"href":"https:\/\/www.vebowag.de\/en\/wp-json\/wp\/v2\/tags?post=3223"}],"curies":[{"name":"wp","href":"https:\/\/api.w.org\/{rel}","templated":true}]}}