{"id":2667,"date":"2020-12-16T10:35:00","date_gmt":"2020-12-16T09:35:00","guid":{"rendered":"http:\/\/www.vebowag.de\/?p=2667"},"modified":"2021-08-20T13:25:42","modified_gmt":"2021-08-20T11:25:42","slug":"villemombler-strasse","status":"publish","type":"post","link":"https:\/\/www.vebowag.de\/en\/2020\/12\/16\/villemombler-strasse\/","title":{"rendered":"VilleHuus"},"content":{"rendered":"\n<p><\/p>\n\n\n\n<p> An der Villemombler Stra\u00dfe in&nbsp;Lengsdorf entstand ein generations\u00fcbergreifendes Wohnprojekt mit insgesamt 119 \u00f6ffentlich gef\u00f6rderten Wohnungen.  <\/p>\n\n\n\n<p class=\"has-text-align-center\"><img loading=\"lazy\" decoding=\"async\" width=\"300\" height=\"172\" class=\"wp-image-5991\" style=\"width: 300px;\" src=\"https:\/\/www.vebowag.de\/wp-content\/uploads\/2019\/08\/44620BA6-FCF0-4AC1-9B4B-4558F6FAD11B-e1565119756806.png\" alt=\"\"><\/p>\n\n\n\n<!--more-->\n\n\n\n<h4 class=\"bodytext wp-block-heading\">Auf einen Blick<\/h4>\n\n\n\n<ul class=\"wp-block-list\"><li>119 \u00f6ffentlich gef\u00f6rderten Wohnungen mit ca. 8.400 m\u00b2 Wohnfl\u00e4che<\/li><li>1- bis 6-Zimmer-Wohnungen&nbsp;mit Wohnfl\u00e4chen von&nbsp;40 bis&nbsp;127 m\u00b2<\/li><li>Gruppenwohnungen mit Gr\u00f6\u00dfen von 115 bis 483 m\u00b2<\/li><li>alle Wohnungen mit Balkon, Terrasse oder Gartenanteil<\/li><li>Tiefgarage<\/li><li>Aufz\u00fcge<\/li><li>barrierefreier Zugang zu allen Wohnungen<\/li><li>zeitgem\u00e4\u00dfe B\u00e4der mit bodengleichen Duschen<\/li><li>Bewohnertreff <\/li><li>64 Wohnungen wurden zum 1. Dezember 2020 bezogen<\/li><li>weitere 55 Wohnungen abschnittsweise zum 1. April, 1. Juni und 1. August 2021<\/li><\/ul>\n\n\n\n<h4 class=\"wp-block-heading\">Besonderheiten<\/h4>\n\n\n\n<ul class=\"wp-block-list\"><li>Seniorenwohnen mit und ohne Betreuung durch externe Kooperationspartner<\/li><li>Gruppenwohnen f\u00fcr \u00e4ltere Menschen sowie Personen mit Betreuungsbedarf oder Auszubildende<\/li><li>Gemeinschaftsraum &#8220;VilleTreff&#8221; sowie R\u00e4umlichkeiten f\u00fcr Betreuungspersonal \/ Sozialdienste<\/li><\/ul>\n\n\n\n<figure class=\"wp-block-image\"><img loading=\"lazy\" decoding=\"async\" width=\"1024\" height=\"209\" src=\"https:\/\/www.vebowag.de\/wp-content\/uploads\/2018\/03\/Geb\u00e4ude_Villehuus_f\u00fcr-Vermarktung-ohne-Hecke_KLEIN-1024x209.png\" alt=\"\" class=\"wp-image-5830\" srcset=\"https:\/\/www.vebowag.de\/wp-content\/uploads\/2018\/03\/Geb\u00e4ude_Villehuus_f\u00fcr-Vermarktung-ohne-Hecke_KLEIN-1024x209.png 1024w, https:\/\/www.vebowag.de\/wp-content\/uploads\/2018\/03\/Geb\u00e4ude_Villehuus_f\u00fcr-Vermarktung-ohne-Hecke_KLEIN-300x61.png 300w, https:\/\/www.vebowag.de\/wp-content\/uploads\/2018\/03\/Geb\u00e4ude_Villehuus_f\u00fcr-Vermarktung-ohne-Hecke_KLEIN-768x157.png 768w\" sizes=\"(max-width: 1024px) 100vw, 1024px\" \/><\/figure>\n\n\n\n<hr class=\"wp-block-separator\"\/>\n\n\n\n<figure class=\"wp-block-image size-large is-resized\"><img loading=\"lazy\" decoding=\"async\" src=\"https:\/\/www.vebowag.de\/wp-content\/uploads\/2021\/08\/Vebowab-Villemomberstr147_097-2-1024x683.jpg\" alt=\"\" class=\"wp-image-7106\" width=\"640\" height=\"386\"\/><\/figure>\n\n\n\n<hr class=\"wp-block-separator\"\/>\n\n\n\n<h4 class=\"wp-block-heading\">Baufortschritt 2. April 2020<\/h4>\n\n\n\n<figure class=\"wp-block-image\"><img loading=\"lazy\" decoding=\"async\" width=\"640\" height=\"422\" src=\"https:\/\/www.vebowag.de\/wp-content\/uploads\/2020\/04\/95F619D0-5326-4680-9FAB-06FD9E6E0E3D.jpeg\" alt=\"\" class=\"wp-image-6550\" srcset=\"https:\/\/www.vebowag.de\/wp-content\/uploads\/2020\/04\/95F619D0-5326-4680-9FAB-06FD9E6E0E3D.jpeg 640w, https:\/\/www.vebowag.de\/wp-content\/uploads\/2020\/04\/95F619D0-5326-4680-9FAB-06FD9E6E0E3D-300x198.jpeg 300w, https:\/\/www.vebowag.de\/wp-content\/uploads\/2020\/04\/95F619D0-5326-4680-9FAB-06FD9E6E0E3D-150x100.jpeg 150w\" sizes=\"(max-width: 640px) 100vw, 640px\" \/><figcaption>Wort-\/Bildmarke am Haus A<\/figcaption><\/figure>\n\n\n\n<figure class=\"wp-block-image\"><img loading=\"lazy\" decoding=\"async\" width=\"640\" height=\"455\" src=\"https:\/\/www.vebowag.de\/wp-content\/uploads\/2020\/04\/495ACE88-E827-42C0-9ED5-A6DF28468604.jpeg\" alt=\"\" class=\"wp-image-6551\" srcset=\"https:\/\/www.vebowag.de\/wp-content\/uploads\/2020\/04\/495ACE88-E827-42C0-9ED5-A6DF28468604.jpeg 640w, https:\/\/www.vebowag.de\/wp-content\/uploads\/2020\/04\/495ACE88-E827-42C0-9ED5-A6DF28468604-300x213.jpeg 300w\" sizes=\"(max-width: 640px) 100vw, 640px\" \/><figcaption>Au\u00dfenansicht<\/figcaption><\/figure>\n\n\n\n<hr class=\"wp-block-separator\"\/>\n\n\n\n<h4 class=\"wp-block-heading\">Baufortschritt 24. Mai 2019<\/h4>\n\n\n\n<figure class=\"wp-block-image\"><img decoding=\"async\" src=\"https:\/\/www.vebowag.de\/wp-content\/uploads\/2019\/05\/Villemombler-von-oben-3.png\" alt=\"\" class=\"wp-image-5708\"\/><\/figure>\n\n\n\n<hr class=\"wp-block-separator\"\/>\n\n\n\n<figure class=\"wp-block-embed-youtube wp-block-embed is-type-video is-provider-youtube wp-embed-aspect-16-9 wp-has-aspect-ratio\"><div class=\"wp-block-embed__wrapper\">\n<iframe loading=\"lazy\" hcb-fetch-image-from=\"https:\/\/youtu.be\/eCj6_prn1zI\" title=\"Villemombler Stra\u00dfe - Baufortschritt 24. Mai 2019\" width=\"750\" height=\"422\" src=\"https:\/\/www.youtube.com\/embed\/eCj6_prn1zI?feature=oembed\" frameborder=\"0\" allow=\"accelerometer; autoplay; clipboard-write; encrypted-media; gyroscope; picture-in-picture\" allowfullscreen><\/iframe>\n<\/div><\/figure>\n\n\n\n<hr class=\"wp-block-separator\"\/>\n\n\n\n<h4 class=\"wp-block-heading\">\u00dcberflug der Baustelle am 12. M\u00e4rz 2019<\/h4>\n\n\n\n<figure class=\"wp-block-embed-youtube wp-block-embed is-type-video is-provider-youtube wp-embed-aspect-16-9 wp-has-aspect-ratio\"><div class=\"wp-block-embed__wrapper\">\n<iframe loading=\"lazy\" hcb-fetch-image-from=\"https:\/\/youtu.be\/vMer-hzL5Lo\" title=\"Flug \u00fcber die Baustelle Villemombler Stra\u00dfe am 12. M\u00e4rz 2019\" width=\"750\" height=\"422\" src=\"https:\/\/www.youtube.com\/embed\/vMer-hzL5Lo?feature=oembed\" frameborder=\"0\" allow=\"accelerometer; autoplay; clipboard-write; encrypted-media; gyroscope; picture-in-picture\" allowfullscreen><\/iframe>\n<\/div><\/figure>\n\n\n\n<hr class=\"wp-block-separator\"\/>\n\n\n\n<h4 class=\"wp-block-heading\">Flug \u00fcber das Baufeld Villemombler Stra\u00dfe am 23.11.2018<\/h4>\n\n\n\n<figure class=\"wp-block-embed-youtube wp-block-embed is-type-video is-provider-youtube wp-embed-aspect-16-9 wp-has-aspect-ratio\"><div class=\"wp-block-embed__wrapper\">\n<iframe loading=\"lazy\" hcb-fetch-image-from=\"https:\/\/www.youtube.com\/watch?v=yRPAXAcemjk\" title=\"Villemombler Stra\u00dfe - Aushub der Baugrube\" width=\"750\" height=\"422\" src=\"https:\/\/www.youtube.com\/embed\/yRPAXAcemjk?feature=oembed\" frameborder=\"0\" allow=\"accelerometer; autoplay; clipboard-write; encrypted-media; gyroscope; picture-in-picture\" allowfullscreen><\/iframe>\n<\/div><\/figure>\n\n\n\n<h4 class=\"wp-block-heading\">&nbsp;<\/h4>\n\n\n\n<hr class=\"wp-block-separator\"\/>\n\n\n\n<h4 class=\"wp-block-heading\">Objektlage<\/h4>\n","protected":false},"excerpt":{"rendered":"<p>An der Villemombler Stra\u00dfe in&nbsp;Lengsdorf entstand ein generations\u00fcbergreifendes Wohnprojekt mit insgesamt 119 \u00f6ffentlich gef\u00f6rderten Wohnungen.<\/p>\n","protected":false},"author":2,"featured_media":5830,"comment_status":"closed","ping_status":"open","sticky":false,"template":"","format":"standard","meta":{"_uag_custom_page_level_css":"","footnotes":""},"categories":[16],"tags":[],"class_list":["post-2667","post","type-post","status-publish","format-standard","has-post-thumbnail","hentry","category-abgeschlossene-projekte"],"translation":{"provider":"WPGlobus","version":"3.0.0","language":"en","enabled_languages":["de","en"],"languages":{"de":{"title":true,"content":true,"excerpt":false},"en":{"title":false,"content":false,"excerpt":false}}},"yoast_head":"<!-- This site is optimized with the Yoast SEO plugin v23.8 - https:\/\/yoast.com\/wordpress\/plugins\/seo\/ -->\n<title>VilleHuus - VEBOWAG<\/title>\n<meta name=\"robots\" content=\"index, follow, max-snippet:-1, max-image-preview:large, max-video-preview:-1\" \/>\n<link rel=\"canonical\" href=\"https:\/\/www.vebowag.de\/2020\/12\/16\/villemombler-strasse\/\" \/>\n<meta property=\"og:locale\" content=\"en_US\" \/>\n<meta property=\"og:type\" content=\"article\" \/>\n<meta property=\"og:title\" content=\"VilleHuus - VEBOWAG\" \/>\n<meta property=\"og:url\" content=\"https:\/\/www.vebowag.de\/2020\/12\/16\/villemombler-strasse\/\" \/>\n<meta property=\"og:site_name\" content=\"VEBOWAG\" \/>\n<meta property=\"article:publisher\" content=\"https:\/\/www.facebook.com\/vebowag\/\" \/>\n<meta property=\"article:published_time\" content=\"2020-12-16T09:35:00+00:00\" \/>\n<meta property=\"article:modified_time\" content=\"2021-08-20T11:25:42+00:00\" \/>\n<meta property=\"og:image\" content=\"https:\/\/www.vebowag.de\/wp-content\/uploads\/2018\/03\/Geb\u00e4ude_Villehuus_f\u00fcr-Vermarktung-ohne-Hecke_KLEIN-1024x209.png\" \/>\n\t<meta property=\"og:image:width\" content=\"1024\" \/>\n\t<meta property=\"og:image:height\" content=\"209\" \/>\n\t<meta property=\"og:image:type\" content=\"image\/png\" \/>\n<meta name=\"author\" content=\"Norbert Krey\" \/>\n<meta name=\"twitter:card\" content=\"summary_large_image\" \/>\n<meta name=\"twitter:creator\" content=\"@vebowag\" \/>\n<meta name=\"twitter:site\" content=\"@vebowag\" \/>\n<meta name=\"twitter:label1\" content=\"Written by\" \/>\n\t<meta name=\"twitter:data1\" content=\"Norbert Krey\" \/>\n\t<meta name=\"twitter:label2\" content=\"Est. reading time\" \/>\n\t<meta name=\"twitter:data2\" content=\"1 minute\" \/>\n<script type=\"application\/ld+json\" class=\"yoast-schema-graph\">{\"@context\":\"https:\/\/schema.org\",\"@graph\":[{\"@type\":\"WebPage\",\"@id\":\"https:\/\/www.vebowag.de\/2020\/12\/16\/villemombler-strasse\/\",\"url\":\"https:\/\/www.vebowag.de\/2020\/12\/16\/villemombler-strasse\/\",\"name\":\"VilleHuus - VEBOWAG\",\"isPartOf\":{\"@id\":\"https:\/\/www.vebowag.de\/#website\"},\"primaryImageOfPage\":{\"@id\":\"https:\/\/www.vebowag.de\/2020\/12\/16\/villemombler-strasse\/#primaryimage\"},\"image\":{\"@id\":\"https:\/\/www.vebowag.de\/2020\/12\/16\/villemombler-strasse\/#primaryimage\"},\"thumbnailUrl\":\"https:\/\/www.vebowag.de\/wp-content\/uploads\/2018\/03\/Geb\u00e4ude_Villehuus_f\u00fcr-Vermarktung-ohne-Hecke_KLEIN.png\",\"datePublished\":\"2020-12-16T09:35:00+00:00\",\"dateModified\":\"2021-08-20T11:25:42+00:00\",\"author\":{\"@id\":\"https:\/\/www.vebowag.de\/#\/schema\/person\/6f4c6d2656bd6fd684af32a9708ca020\"},\"breadcrumb\":{\"@id\":\"https:\/\/www.vebowag.de\/2020\/12\/16\/villemombler-strasse\/#breadcrumb\"},\"inLanguage\":\"en-EN\",\"potentialAction\":[{\"@type\":\"ReadAction\",\"target\":[\"https:\/\/www.vebowag.de\/2020\/12\/16\/villemombler-strasse\/\"]}]},{\"@type\":\"ImageObject\",\"inLanguage\":\"en-EN\",\"@id\":\"https:\/\/www.vebowag.de\/2020\/12\/16\/villemombler-strasse\/#primaryimage\",\"url\":\"https:\/\/www.vebowag.de\/wp-content\/uploads\/2018\/03\/Geb\u00e4ude_Villehuus_f\u00fcr-Vermarktung-ohne-Hecke_KLEIN.png\",\"contentUrl\":\"https:\/\/www.vebowag.de\/wp-content\/uploads\/2018\/03\/Geb\u00e4ude_Villehuus_f\u00fcr-Vermarktung-ohne-Hecke_KLEIN.png\",\"width\":4618,\"height\":942},{\"@type\":\"BreadcrumbList\",\"@id\":\"https:\/\/www.vebowag.de\/2020\/12\/16\/villemombler-strasse\/#breadcrumb\",\"itemListElement\":[{\"@type\":\"ListItem\",\"position\":1,\"name\":\"Home\",\"item\":\"https:\/\/www.vebowag.de\/\"},{\"@type\":\"ListItem\",\"position\":2,\"name\":\"VilleHuus\"}]},{\"@type\":\"WebSite\",\"@id\":\"https:\/\/www.vebowag.de\/#website\",\"url\":\"https:\/\/www.vebowag.de\/\",\"name\":\"VEBOWAG\",\"description\":\"Mein Zuhause in Bonn\",\"potentialAction\":[{\"@type\":\"SearchAction\",\"target\":{\"@type\":\"EntryPoint\",\"urlTemplate\":\"https:\/\/www.vebowag.de\/?s={search_term_string}\"},\"query-input\":{\"@type\":\"PropertyValueSpecification\",\"valueRequired\":true,\"valueName\":\"search_term_string\"}}],\"inLanguage\":\"en-EN\"},{\"@type\":\"Person\",\"@id\":\"https:\/\/www.vebowag.de\/#\/schema\/person\/6f4c6d2656bd6fd684af32a9708ca020\",\"name\":\"Norbert Krey\",\"sameAs\":[\"http:\/\/www.vebowag.de\"],\"url\":\"https:\/\/www.vebowag.de\/en\/author\/krey\/\"}]}<\/script>\n<!-- \/ Yoast SEO plugin. -->","yoast_head_json":{"title":"VilleHuus - VEBOWAG","robots":{"index":"index","follow":"follow","max-snippet":"max-snippet:-1","max-image-preview":"max-image-preview:large","max-video-preview":"max-video-preview:-1"},"canonical":"https:\/\/www.vebowag.de\/2020\/12\/16\/villemombler-strasse\/","og_locale":"en_US","og_type":"article","og_title":"VilleHuus - VEBOWAG","og_url":"https:\/\/www.vebowag.de\/2020\/12\/16\/villemombler-strasse\/","og_site_name":"VEBOWAG","article_publisher":"https:\/\/www.facebook.com\/vebowag\/","article_published_time":"2020-12-16T09:35:00+00:00","article_modified_time":"2021-08-20T11:25:42+00:00","og_image":[{"width":1024,"height":209,"url":"https:\/\/www.vebowag.de\/wp-content\/uploads\/2018\/03\/Geb\u00e4ude_Villehuus_f\u00fcr-Vermarktung-ohne-Hecke_KLEIN-1024x209.png","type":"image\/png"}],"author":"Norbert Krey","twitter_card":"summary_large_image","twitter_creator":"@vebowag","twitter_site":"@vebowag","twitter_misc":{"Written by":"Norbert Krey","Est. reading time":"1 minute"},"schema":{"@context":"https:\/\/schema.org","@graph":[{"@type":"WebPage","@id":"https:\/\/www.vebowag.de\/2020\/12\/16\/villemombler-strasse\/","url":"https:\/\/www.vebowag.de\/2020\/12\/16\/villemombler-strasse\/","name":"VilleHuus - VEBOWAG","isPartOf":{"@id":"https:\/\/www.vebowag.de\/#website"},"primaryImageOfPage":{"@id":"https:\/\/www.vebowag.de\/2020\/12\/16\/villemombler-strasse\/#primaryimage"},"image":{"@id":"https:\/\/www.vebowag.de\/2020\/12\/16\/villemombler-strasse\/#primaryimage"},"thumbnailUrl":"https:\/\/www.vebowag.de\/wp-content\/uploads\/2018\/03\/Geb\u00e4ude_Villehuus_f\u00fcr-Vermarktung-ohne-Hecke_KLEIN.png","datePublished":"2020-12-16T09:35:00+00:00","dateModified":"2021-08-20T11:25:42+00:00","author":{"@id":"https:\/\/www.vebowag.de\/#\/schema\/person\/6f4c6d2656bd6fd684af32a9708ca020"},"breadcrumb":{"@id":"https:\/\/www.vebowag.de\/2020\/12\/16\/villemombler-strasse\/#breadcrumb"},"inLanguage":"en-EN","potentialAction":[{"@type":"ReadAction","target":["https:\/\/www.vebowag.de\/2020\/12\/16\/villemombler-strasse\/"]}]},{"@type":"ImageObject","inLanguage":"en-EN","@id":"https:\/\/www.vebowag.de\/2020\/12\/16\/villemombler-strasse\/#primaryimage","url":"https:\/\/www.vebowag.de\/wp-content\/uploads\/2018\/03\/Geb\u00e4ude_Villehuus_f\u00fcr-Vermarktung-ohne-Hecke_KLEIN.png","contentUrl":"https:\/\/www.vebowag.de\/wp-content\/uploads\/2018\/03\/Geb\u00e4ude_Villehuus_f\u00fcr-Vermarktung-ohne-Hecke_KLEIN.png","width":4618,"height":942},{"@type":"BreadcrumbList","@id":"https:\/\/www.vebowag.de\/2020\/12\/16\/villemombler-strasse\/#breadcrumb","itemListElement":[{"@type":"ListItem","position":1,"name":"Home","item":"https:\/\/www.vebowag.de\/"},{"@type":"ListItem","position":2,"name":"VilleHuus"}]},{"@type":"WebSite","@id":"https:\/\/www.vebowag.de\/#website","url":"https:\/\/www.vebowag.de\/","name":"VEBOWAG","description":"Mein Zuhause in Bonn","potentialAction":[{"@type":"SearchAction","target":{"@type":"EntryPoint","urlTemplate":"https:\/\/www.vebowag.de\/?s={search_term_string}"},"query-input":{"@type":"PropertyValueSpecification","valueRequired":true,"valueName":"search_term_string"}}],"inLanguage":"en-EN"},{"@type":"Person","@id":"https:\/\/www.vebowag.de\/#\/schema\/person\/6f4c6d2656bd6fd684af32a9708ca020","name":"Norbert Krey","sameAs":["http:\/\/www.vebowag.de"],"url":"https:\/\/www.vebowag.de\/en\/author\/krey\/"}]}},"uagb_featured_image_src":{"full":["https:\/\/www.vebowag.de\/wp-content\/uploads\/2018\/03\/Geb\u00e4ude_Villehuus_f\u00fcr-Vermarktung-ohne-Hecke_KLEIN.png",4618,942,false],"thumbnail":["https:\/\/www.vebowag.de\/wp-content\/uploads\/2018\/03\/Geb\u00e4ude_Villehuus_f\u00fcr-Vermarktung-ohne-Hecke_KLEIN-150x150.png",150,150,true],"medium":["https:\/\/www.vebowag.de\/wp-content\/uploads\/2018\/03\/Geb\u00e4ude_Villehuus_f\u00fcr-Vermarktung-ohne-Hecke_KLEIN-300x61.png",300,61,true],"medium_large":["https:\/\/www.vebowag.de\/wp-content\/uploads\/2018\/03\/Geb\u00e4ude_Villehuus_f\u00fcr-Vermarktung-ohne-Hecke_KLEIN-768x157.png",750,153,true],"large":["https:\/\/www.vebowag.de\/wp-content\/uploads\/2018\/03\/Geb\u00e4ude_Villehuus_f\u00fcr-Vermarktung-ohne-Hecke_KLEIN-1024x209.png",750,153,true],"1536x1536":["https:\/\/www.vebowag.de\/wp-content\/uploads\/2018\/03\/Geb\u00e4ude_Villehuus_f\u00fcr-Vermarktung-ohne-Hecke_KLEIN.png",1536,313,false],"2048x2048":["https:\/\/www.vebowag.de\/wp-content\/uploads\/2018\/03\/Geb\u00e4ude_Villehuus_f\u00fcr-Vermarktung-ohne-Hecke_KLEIN.png",2048,418,false],"home":["https:\/\/www.vebowag.de\/wp-content\/uploads\/2018\/03\/Geb\u00e4ude_Villehuus_f\u00fcr-Vermarktung-ohne-Hecke_KLEIN-150x100.png",150,100,true],"list":["https:\/\/www.vebowag.de\/wp-content\/uploads\/2018\/03\/Geb\u00e4ude_Villehuus_f\u00fcr-Vermarktung-ohne-Hecke_KLEIN-200x125.png",200,125,true]},"uagb_author_info":{"display_name":"Norbert Krey","author_link":"https:\/\/www.vebowag.de\/en\/author\/krey\/"},"uagb_comment_info":0,"uagb_excerpt":"An der Villemombler Stra\u00dfe in&nbsp;Lengsdorf entstand ein generations\u00fcbergreifendes Wohnprojekt mit insgesamt 119 \u00f6ffentlich gef\u00f6rderten Wohnungen.","_links":{"self":[{"href":"https:\/\/www.vebowag.de\/en\/wp-json\/wp\/v2\/posts\/2667"}],"collection":[{"href":"https:\/\/www.vebowag.de\/en\/wp-json\/wp\/v2\/posts"}],"about":[{"href":"https:\/\/www.vebowag.de\/en\/wp-json\/wp\/v2\/types\/post"}],"author":[{"embeddable":true,"href":"https:\/\/www.vebowag.de\/en\/wp-json\/wp\/v2\/users\/2"}],"replies":[{"embeddable":true,"href":"https:\/\/www.vebowag.de\/en\/wp-json\/wp\/v2\/comments?post=2667"}],"version-history":[{"count":93,"href":"https:\/\/www.vebowag.de\/en\/wp-json\/wp\/v2\/posts\/2667\/revisions"}],"predecessor-version":[{"id":7110,"href":"https:\/\/www.vebowag.de\/en\/wp-json\/wp\/v2\/posts\/2667\/revisions\/7110"}],"wp:featuredmedia":[{"embeddable":true,"href":"https:\/\/www.vebowag.de\/en\/wp-json\/wp\/v2\/media\/5830"}],"wp:attachment":[{"href":"https:\/\/www.vebowag.de\/en\/wp-json\/wp\/v2\/media?parent=2667"}],"wp:term":[{"taxonomy":"category","embeddable":true,"href":"https:\/\/www.vebowag.de\/en\/wp-json\/wp\/v2\/categories?post=2667"},{"taxonomy":"post_tag","embeddable":true,"href":"https:\/\/www.vebowag.de\/en\/wp-json\/wp\/v2\/tags?post=2667"}],"curies":[{"name":"wp","href":"https:\/\/api.w.org\/{rel}","templated":true}]}}