{"id":2655,"date":"2018-08-31T17:02:48","date_gmt":"2018-08-31T15:02:48","guid":{"rendered":"http:\/\/www.vebowag.de\/?p=2655"},"modified":"2020-08-28T14:09:39","modified_gmt":"2020-08-28T12:09:39","slug":"friedenstrasse","status":"publish","type":"post","link":"https:\/\/www.vebowag.de\/en\/2018\/08\/31\/friedenstrasse\/","title":{"rendered":"Friedenstra\u00dfe 26"},"content":{"rendered":"\n<p>Ende Februar 2019 wurden auf der rechtsrheinischen Seite im Ortsteil P\u00fctzchen insgesamt 25&nbsp;\u00f6ffentlich gef\u00f6rderten Neubauwohnungen fertiggestellt und an die neuen Bewohner \u00fcbergeben.<\/p>\n\n\n\n<!--more-->\n\n\n\n<figure class=\"wp-block-image\"><img loading=\"lazy\" decoding=\"async\" width=\"638\" height=\"391\" src=\"https:\/\/www.vebowag.de\/wp-content\/uploads\/2018\/08\/Friedenstr.-klein.jpg\" alt=\"\" class=\"wp-image-6687\" srcset=\"https:\/\/www.vebowag.de\/wp-content\/uploads\/2018\/08\/Friedenstr.-klein.jpg 638w, https:\/\/www.vebowag.de\/wp-content\/uploads\/2018\/08\/Friedenstr.-klein-300x184.jpg 300w\" sizes=\"(max-width: 638px) 100vw, 638px\" \/><\/figure>\n\n\n\n<h4 class=\"bodytext wp-block-heading\">Auf einen Blick<\/h4>\n\n\n\n<ul class=\"wp-block-list\"><li>25 \u00f6ffentlich gef\u00f6rderten Wohnungen mit ca. 1.450 m\u00b2 Wohnfl\u00e4che<\/li><li>3-geschossiges Geb\u00e4ude mit Staffelgeschoss<\/li><li>2- bis 4-Zimmer-Wohnungen&nbsp;mit&nbsp;Wohnfl\u00e4chen von&nbsp;43 bis&nbsp;83 m\u00b2<\/li><li>alle Wohnungen mit Balkon oder Terrasse<\/li><li>Tiefgarage<\/li><li>Aufzug<\/li><li>barrierefreier Zugang zu allen Wohnungen<\/li><li>zeitgem\u00e4\u00dfe B\u00e4der mit bodengleichen Duschen<\/li><li>Bezug erfolgte am 1. M\u00e4rz 2019<\/li><\/ul>\n\n\n\n<hr class=\"wp-block-separator\"\/>\n\n\n\n<h4 class=\"wp-block-heading\">Impressionen vom 27. Februar 2019<\/h4>\n\n\n\n<figure class=\"wp-block-video\"><video controls src=\"https:\/\/www.vebowag.de\/wp-content\/uploads\/2019\/03\/Impressionen-Neubau-Friedenstra\u00dfe.mp4\"><\/video><\/figure>\n\n\n\n<hr class=\"wp-block-separator\"\/>\n\n\n\n<h4 class=\"wp-block-heading\">Bautenstand am 18. Juli 2018<\/h4>\n\n\n\n<figure class=\"wp-block-image\"><img loading=\"lazy\" decoding=\"async\" width=\"1024\" height=\"576\" src=\"https:\/\/www.vebowag.de\/wp-content\/uploads\/2018\/02\/180718-BV-Friedenstra\u00dfe-1024x576.jpg\" alt=\"DCIM100MEDIADJI_0047.JPG\" class=\"wp-image-4845\" srcset=\"https:\/\/www.vebowag.de\/wp-content\/uploads\/2018\/02\/180718-BV-Friedenstra\u00dfe.jpg 1024w, https:\/\/www.vebowag.de\/wp-content\/uploads\/2018\/02\/180718-BV-Friedenstra\u00dfe-300x169.jpg 300w, https:\/\/www.vebowag.de\/wp-content\/uploads\/2018\/02\/180718-BV-Friedenstra\u00dfe-768x432.jpg 768w\" sizes=\"(max-width: 1024px) 100vw, 1024px\" \/><\/figure>\n\n\n\n<hr class=\"wp-block-separator\"\/>\n\n\n\n<h4 class=\"wp-block-heading\">Bautenstand am 24.&nbsp;Februar 2018<\/h4>\n\n\n\n<figure class=\"wp-block-image\"><img loading=\"lazy\" decoding=\"async\" width=\"1024\" height=\"768\" src=\"https:\/\/www.vebowag.de\/wp-content\/uploads\/2016\/10\/Friedenstra\u00dfe-24.02.2018-1024x768.jpg\" alt=\"\" class=\"wp-image-4232\" srcset=\"https:\/\/www.vebowag.de\/wp-content\/uploads\/2016\/10\/Friedenstra\u00dfe-24.02.2018-1024x768.jpg 1024w, https:\/\/www.vebowag.de\/wp-content\/uploads\/2016\/10\/Friedenstra\u00dfe-24.02.2018-300x225.jpg 300w, https:\/\/www.vebowag.de\/wp-content\/uploads\/2016\/10\/Friedenstra\u00dfe-24.02.2018-768x576.jpg 768w\" sizes=\"(max-width: 1024px) 100vw, 1024px\" \/><\/figure>\n\n\n\n<hr class=\"wp-block-separator\"\/>\n\n\n\n<h4 class=\"wp-block-heading\">Beginn der Abrissarbeiten<\/h4>\n\n\n<div id=\"metaslider-id-3731\" style=\"width: 100%; margin: 0 auto;\" class=\"ml-slider-3-92-1 metaslider metaslider-flex metaslider-3731 ml-slider ms-theme-default\" role=\"region\" aria-roledescription=\"Slideshow\" aria-label=\"Friedenstra\u00dfe Abriss\">\n    <div id=\"metaslider_container_3731\">\n        <div id=\"metaslider_3731\">\n            <ul class='slides'>\n                <li style=\"display: block; width: 100%;\" class=\"slide-3728 ms-image \" aria-roledescription=\"slide\" aria-label=\"slide-3728\"><img loading=\"lazy\" decoding=\"async\" width=\"8344\" height=\"3084\" src=\"https:\/\/www.vebowag.de\/wp-content\/uploads\/2016\/10\/Friedenstr_Luftansicht_Stra\u00dfenseite.jpg\" class=\"slider-3731 slide-3728\" alt=\"\" rel=\"\" title=\"\" srcset=\"https:\/\/www.vebowag.de\/wp-content\/uploads\/2016\/10\/Friedenstr_Luftansicht_Stra\u00dfenseite.jpg 8344w, https:\/\/www.vebowag.de\/wp-content\/uploads\/2016\/10\/Friedenstr_Luftansicht_Stra\u00dfenseite-300x111.jpg 300w, https:\/\/www.vebowag.de\/wp-content\/uploads\/2016\/10\/Friedenstr_Luftansicht_Stra\u00dfenseite-768x284.jpg 768w, https:\/\/www.vebowag.de\/wp-content\/uploads\/2016\/10\/Friedenstr_Luftansicht_Stra\u00dfenseite-1024x378.jpg 1024w\" sizes=\"(max-width: 8344px) 100vw, 8344px\" \/><div class=\"caption-wrap\"><div class=\"caption\">16. Oktober 2017<\/div><\/div><\/li>\n                <li style=\"display: none; width: 100%;\" class=\"slide-3729 ms-image \" aria-roledescription=\"slide\" aria-label=\"slide-3729\"><img loading=\"lazy\" decoding=\"async\" width=\"3736\" height=\"1966\" src=\"https:\/\/www.vebowag.de\/wp-content\/uploads\/2016\/10\/Friedenstr_Seite.jpg\" class=\"slider-3731 slide-3729\" alt=\"\" rel=\"\" title=\"\" srcset=\"https:\/\/www.vebowag.de\/wp-content\/uploads\/2016\/10\/Friedenstr_Seite.jpg 3736w, https:\/\/www.vebowag.de\/wp-content\/uploads\/2016\/10\/Friedenstr_Seite-300x158.jpg 300w, https:\/\/www.vebowag.de\/wp-content\/uploads\/2016\/10\/Friedenstr_Seite-768x404.jpg 768w, https:\/\/www.vebowag.de\/wp-content\/uploads\/2016\/10\/Friedenstr_Seite-1024x539.jpg 1024w\" sizes=\"(max-width: 3736px) 100vw, 3736px\" \/><div class=\"caption-wrap\"><div class=\"caption\">16. Oktober 2017<\/div><\/div><\/li>\n                <li style=\"display: none; width: 100%;\" class=\"slide-3727 ms-image \" aria-roledescription=\"slide\" aria-label=\"slide-3727\"><img loading=\"lazy\" decoding=\"async\" width=\"7829\" height=\"3074\" src=\"https:\/\/www.vebowag.de\/wp-content\/uploads\/2016\/10\/Friedenstr_Luftansicht_R\u00fcckseite.jpg\" class=\"slider-3731 slide-3727\" alt=\"\" rel=\"\" title=\"\" srcset=\"https:\/\/www.vebowag.de\/wp-content\/uploads\/2016\/10\/Friedenstr_Luftansicht_R\u00fcckseite.jpg 7829w, https:\/\/www.vebowag.de\/wp-content\/uploads\/2016\/10\/Friedenstr_Luftansicht_R\u00fcckseite-300x118.jpg 300w, https:\/\/www.vebowag.de\/wp-content\/uploads\/2016\/10\/Friedenstr_Luftansicht_R\u00fcckseite-768x302.jpg 768w, https:\/\/www.vebowag.de\/wp-content\/uploads\/2016\/10\/Friedenstr_Luftansicht_R\u00fcckseite-1024x402.jpg 1024w\" sizes=\"(max-width: 7829px) 100vw, 7829px\" \/><div class=\"caption-wrap\"><div class=\"caption\">16. Oktober 2017<\/div><\/div><\/li>\n                <li style=\"display: none; width: 100%;\" class=\"slide-3730 ms-image \" aria-roledescription=\"slide\" aria-label=\"slide-3730\"><img loading=\"lazy\" decoding=\"async\" width=\"2077\" height=\"1419\" src=\"https:\/\/www.vebowag.de\/wp-content\/uploads\/2016\/10\/Friedenstr_Stra\u00dfe.jpg\" class=\"slider-3731 slide-3730\" alt=\"\" rel=\"\" title=\"\" srcset=\"https:\/\/www.vebowag.de\/wp-content\/uploads\/2016\/10\/Friedenstr_Stra\u00dfe.jpg 2077w, https:\/\/www.vebowag.de\/wp-content\/uploads\/2016\/10\/Friedenstr_Stra\u00dfe-300x205.jpg 300w, https:\/\/www.vebowag.de\/wp-content\/uploads\/2016\/10\/Friedenstr_Stra\u00dfe-768x525.jpg 768w, https:\/\/www.vebowag.de\/wp-content\/uploads\/2016\/10\/Friedenstr_Stra\u00dfe-1024x700.jpg 1024w\" sizes=\"(max-width: 2077px) 100vw, 2077px\" \/><\/li>\n            <\/ul>\n        <\/div>\n        \n    <\/div>\n<\/div>\n\n\n\n<hr class=\"wp-block-separator\"\/>\n\n\n\n<h4 class=\"wp-block-heading\">Objektlage<\/h4>\n","protected":false},"excerpt":{"rendered":"<p>Ende Februar 2019 wurden auf der rechtsrheinischen Seite im Ortsteil P\u00fctzchen insgesamt 25&nbsp;\u00f6ffentlich gef\u00f6rderten Neubauwohnungen fertiggestellt und an die neuen Bewohner \u00fcbergeben.<\/p>\n","protected":false},"author":2,"featured_media":6687,"comment_status":"closed","ping_status":"open","sticky":false,"template":"","format":"standard","meta":{"_uag_custom_page_level_css":"","footnotes":""},"categories":[16],"tags":[],"class_list":["post-2655","post","type-post","status-publish","format-standard","has-post-thumbnail","hentry","category-abgeschlossene-projekte"],"translation":{"provider":"WPGlobus","version":"3.0.0","language":"en","enabled_languages":["de","en"],"languages":{"de":{"title":true,"content":true,"excerpt":false},"en":{"title":false,"content":false,"excerpt":false}}},"yoast_head":"<!-- This site is optimized with the Yoast SEO plugin v23.8 - https:\/\/yoast.com\/wordpress\/plugins\/seo\/ -->\n<title>Friedenstra\u00dfe 26 - VEBOWAG<\/title>\n<meta name=\"robots\" content=\"index, follow, max-snippet:-1, max-image-preview:large, max-video-preview:-1\" \/>\n<link rel=\"canonical\" href=\"https:\/\/www.vebowag.de\/2018\/08\/31\/friedenstrasse\/\" \/>\n<meta property=\"og:locale\" content=\"en_US\" \/>\n<meta property=\"og:type\" content=\"article\" \/>\n<meta property=\"og:title\" content=\"Friedenstra\u00dfe 26 - VEBOWAG\" \/>\n<meta property=\"og:url\" content=\"https:\/\/www.vebowag.de\/2018\/08\/31\/friedenstrasse\/\" \/>\n<meta property=\"og:site_name\" content=\"VEBOWAG\" \/>\n<meta property=\"article:publisher\" content=\"https:\/\/www.facebook.com\/vebowag\/\" \/>\n<meta property=\"article:published_time\" content=\"2018-08-31T15:02:48+00:00\" \/>\n<meta property=\"article:modified_time\" content=\"2020-08-28T12:09:39+00:00\" \/>\n<meta property=\"og:image\" content=\"https:\/\/www.vebowag.de\/wp-content\/uploads\/2018\/08\/Friedenstr.-klein.jpg\" \/>\n\t<meta property=\"og:image:width\" content=\"638\" \/>\n\t<meta property=\"og:image:height\" content=\"391\" \/>\n\t<meta property=\"og:image:type\" content=\"image\/jpeg\" \/>\n<meta name=\"author\" content=\"Norbert Krey\" \/>\n<meta name=\"twitter:card\" content=\"summary_large_image\" \/>\n<meta name=\"twitter:creator\" content=\"@vebowag\" \/>\n<meta name=\"twitter:site\" content=\"@vebowag\" \/>\n<meta name=\"twitter:label1\" content=\"Written by\" \/>\n\t<meta name=\"twitter:data1\" content=\"Norbert Krey\" \/>\n<script type=\"application\/ld+json\" class=\"yoast-schema-graph\">{\"@context\":\"https:\/\/schema.org\",\"@graph\":[{\"@type\":\"WebPage\",\"@id\":\"https:\/\/www.vebowag.de\/2018\/08\/31\/friedenstrasse\/\",\"url\":\"https:\/\/www.vebowag.de\/2018\/08\/31\/friedenstrasse\/\",\"name\":\"Friedenstra\u00dfe 26 - VEBOWAG\",\"isPartOf\":{\"@id\":\"https:\/\/www.vebowag.de\/#website\"},\"primaryImageOfPage\":{\"@id\":\"https:\/\/www.vebowag.de\/2018\/08\/31\/friedenstrasse\/#primaryimage\"},\"image\":{\"@id\":\"https:\/\/www.vebowag.de\/2018\/08\/31\/friedenstrasse\/#primaryimage\"},\"thumbnailUrl\":\"https:\/\/www.vebowag.de\/wp-content\/uploads\/2018\/08\/Friedenstr.-klein.jpg\",\"datePublished\":\"2018-08-31T15:02:48+00:00\",\"dateModified\":\"2020-08-28T12:09:39+00:00\",\"author\":{\"@id\":\"https:\/\/www.vebowag.de\/#\/schema\/person\/6f4c6d2656bd6fd684af32a9708ca020\"},\"breadcrumb\":{\"@id\":\"https:\/\/www.vebowag.de\/2018\/08\/31\/friedenstrasse\/#breadcrumb\"},\"inLanguage\":\"en-EN\",\"potentialAction\":[{\"@type\":\"ReadAction\",\"target\":[\"https:\/\/www.vebowag.de\/2018\/08\/31\/friedenstrasse\/\"]}]},{\"@type\":\"ImageObject\",\"inLanguage\":\"en-EN\",\"@id\":\"https:\/\/www.vebowag.de\/2018\/08\/31\/friedenstrasse\/#primaryimage\",\"url\":\"https:\/\/www.vebowag.de\/wp-content\/uploads\/2018\/08\/Friedenstr.-klein.jpg\",\"contentUrl\":\"https:\/\/www.vebowag.de\/wp-content\/uploads\/2018\/08\/Friedenstr.-klein.jpg\",\"width\":638,\"height\":391},{\"@type\":\"BreadcrumbList\",\"@id\":\"https:\/\/www.vebowag.de\/2018\/08\/31\/friedenstrasse\/#breadcrumb\",\"itemListElement\":[{\"@type\":\"ListItem\",\"position\":1,\"name\":\"Home\",\"item\":\"https:\/\/www.vebowag.de\/\"},{\"@type\":\"ListItem\",\"position\":2,\"name\":\"Friedenstra\u00dfe 26\"}]},{\"@type\":\"WebSite\",\"@id\":\"https:\/\/www.vebowag.de\/#website\",\"url\":\"https:\/\/www.vebowag.de\/\",\"name\":\"VEBOWAG\",\"description\":\"Mein Zuhause in Bonn\",\"potentialAction\":[{\"@type\":\"SearchAction\",\"target\":{\"@type\":\"EntryPoint\",\"urlTemplate\":\"https:\/\/www.vebowag.de\/?s={search_term_string}\"},\"query-input\":{\"@type\":\"PropertyValueSpecification\",\"valueRequired\":true,\"valueName\":\"search_term_string\"}}],\"inLanguage\":\"en-EN\"},{\"@type\":\"Person\",\"@id\":\"https:\/\/www.vebowag.de\/#\/schema\/person\/6f4c6d2656bd6fd684af32a9708ca020\",\"name\":\"Norbert Krey\",\"sameAs\":[\"http:\/\/www.vebowag.de\"],\"url\":\"https:\/\/www.vebowag.de\/en\/author\/krey\/\"}]}<\/script>\n<!-- \/ Yoast SEO plugin. -->","yoast_head_json":{"title":"Friedenstra\u00dfe 26 - VEBOWAG","robots":{"index":"index","follow":"follow","max-snippet":"max-snippet:-1","max-image-preview":"max-image-preview:large","max-video-preview":"max-video-preview:-1"},"canonical":"https:\/\/www.vebowag.de\/2018\/08\/31\/friedenstrasse\/","og_locale":"en_US","og_type":"article","og_title":"Friedenstra\u00dfe 26 - VEBOWAG","og_url":"https:\/\/www.vebowag.de\/2018\/08\/31\/friedenstrasse\/","og_site_name":"VEBOWAG","article_publisher":"https:\/\/www.facebook.com\/vebowag\/","article_published_time":"2018-08-31T15:02:48+00:00","article_modified_time":"2020-08-28T12:09:39+00:00","og_image":[{"width":638,"height":391,"url":"https:\/\/www.vebowag.de\/wp-content\/uploads\/2018\/08\/Friedenstr.-klein.jpg","type":"image\/jpeg"}],"author":"Norbert Krey","twitter_card":"summary_large_image","twitter_creator":"@vebowag","twitter_site":"@vebowag","twitter_misc":{"Written by":"Norbert Krey"},"schema":{"@context":"https:\/\/schema.org","@graph":[{"@type":"WebPage","@id":"https:\/\/www.vebowag.de\/2018\/08\/31\/friedenstrasse\/","url":"https:\/\/www.vebowag.de\/2018\/08\/31\/friedenstrasse\/","name":"Friedenstra\u00dfe 26 - VEBOWAG","isPartOf":{"@id":"https:\/\/www.vebowag.de\/#website"},"primaryImageOfPage":{"@id":"https:\/\/www.vebowag.de\/2018\/08\/31\/friedenstrasse\/#primaryimage"},"image":{"@id":"https:\/\/www.vebowag.de\/2018\/08\/31\/friedenstrasse\/#primaryimage"},"thumbnailUrl":"https:\/\/www.vebowag.de\/wp-content\/uploads\/2018\/08\/Friedenstr.-klein.jpg","datePublished":"2018-08-31T15:02:48+00:00","dateModified":"2020-08-28T12:09:39+00:00","author":{"@id":"https:\/\/www.vebowag.de\/#\/schema\/person\/6f4c6d2656bd6fd684af32a9708ca020"},"breadcrumb":{"@id":"https:\/\/www.vebowag.de\/2018\/08\/31\/friedenstrasse\/#breadcrumb"},"inLanguage":"en-EN","potentialAction":[{"@type":"ReadAction","target":["https:\/\/www.vebowag.de\/2018\/08\/31\/friedenstrasse\/"]}]},{"@type":"ImageObject","inLanguage":"en-EN","@id":"https:\/\/www.vebowag.de\/2018\/08\/31\/friedenstrasse\/#primaryimage","url":"https:\/\/www.vebowag.de\/wp-content\/uploads\/2018\/08\/Friedenstr.-klein.jpg","contentUrl":"https:\/\/www.vebowag.de\/wp-content\/uploads\/2018\/08\/Friedenstr.-klein.jpg","width":638,"height":391},{"@type":"BreadcrumbList","@id":"https:\/\/www.vebowag.de\/2018\/08\/31\/friedenstrasse\/#breadcrumb","itemListElement":[{"@type":"ListItem","position":1,"name":"Home","item":"https:\/\/www.vebowag.de\/"},{"@type":"ListItem","position":2,"name":"Friedenstra\u00dfe 26"}]},{"@type":"WebSite","@id":"https:\/\/www.vebowag.de\/#website","url":"https:\/\/www.vebowag.de\/","name":"VEBOWAG","description":"Mein Zuhause in Bonn","potentialAction":[{"@type":"SearchAction","target":{"@type":"EntryPoint","urlTemplate":"https:\/\/www.vebowag.de\/?s={search_term_string}"},"query-input":{"@type":"PropertyValueSpecification","valueRequired":true,"valueName":"search_term_string"}}],"inLanguage":"en-EN"},{"@type":"Person","@id":"https:\/\/www.vebowag.de\/#\/schema\/person\/6f4c6d2656bd6fd684af32a9708ca020","name":"Norbert Krey","sameAs":["http:\/\/www.vebowag.de"],"url":"https:\/\/www.vebowag.de\/en\/author\/krey\/"}]}},"uagb_featured_image_src":{"full":["https:\/\/www.vebowag.de\/wp-content\/uploads\/2018\/08\/Friedenstr.-klein.jpg",638,391,false],"thumbnail":["https:\/\/www.vebowag.de\/wp-content\/uploads\/2018\/08\/Friedenstr.-klein-150x150.jpg",150,150,true],"medium":["https:\/\/www.vebowag.de\/wp-content\/uploads\/2018\/08\/Friedenstr.-klein-300x184.jpg",300,184,true],"medium_large":["https:\/\/www.vebowag.de\/wp-content\/uploads\/2018\/08\/Friedenstr.-klein.jpg",638,391,false],"large":["https:\/\/www.vebowag.de\/wp-content\/uploads\/2018\/08\/Friedenstr.-klein.jpg",638,391,false],"1536x1536":["https:\/\/www.vebowag.de\/wp-content\/uploads\/2018\/08\/Friedenstr.-klein.jpg",638,391,false],"2048x2048":["https:\/\/www.vebowag.de\/wp-content\/uploads\/2018\/08\/Friedenstr.-klein.jpg",638,391,false],"home":["https:\/\/www.vebowag.de\/wp-content\/uploads\/2018\/08\/Friedenstr.-klein-150x100.jpg",150,100,true],"list":["https:\/\/www.vebowag.de\/wp-content\/uploads\/2018\/08\/Friedenstr.-klein-200x125.jpg",200,125,true]},"uagb_author_info":{"display_name":"Norbert Krey","author_link":"https:\/\/www.vebowag.de\/en\/author\/krey\/"},"uagb_comment_info":0,"uagb_excerpt":"Ende Februar 2019 wurden auf der rechtsrheinischen Seite im Ortsteil P\u00fctzchen insgesamt 25&nbsp;\u00f6ffentlich gef\u00f6rderten Neubauwohnungen fertiggestellt und an die neuen Bewohner \u00fcbergeben.","_links":{"self":[{"href":"https:\/\/www.vebowag.de\/en\/wp-json\/wp\/v2\/posts\/2655"}],"collection":[{"href":"https:\/\/www.vebowag.de\/en\/wp-json\/wp\/v2\/posts"}],"about":[{"href":"https:\/\/www.vebowag.de\/en\/wp-json\/wp\/v2\/types\/post"}],"author":[{"embeddable":true,"href":"https:\/\/www.vebowag.de\/en\/wp-json\/wp\/v2\/users\/2"}],"replies":[{"embeddable":true,"href":"https:\/\/www.vebowag.de\/en\/wp-json\/wp\/v2\/comments?post=2655"}],"version-history":[{"count":53,"href":"https:\/\/www.vebowag.de\/en\/wp-json\/wp\/v2\/posts\/2655\/revisions"}],"predecessor-version":[{"id":6696,"href":"https:\/\/www.vebowag.de\/en\/wp-json\/wp\/v2\/posts\/2655\/revisions\/6696"}],"wp:featuredmedia":[{"embeddable":true,"href":"https:\/\/www.vebowag.de\/en\/wp-json\/wp\/v2\/media\/6687"}],"wp:attachment":[{"href":"https:\/\/www.vebowag.de\/en\/wp-json\/wp\/v2\/media?parent=2655"}],"wp:term":[{"taxonomy":"category","embeddable":true,"href":"https:\/\/www.vebowag.de\/en\/wp-json\/wp\/v2\/categories?post=2655"},{"taxonomy":"post_tag","embeddable":true,"href":"https:\/\/www.vebowag.de\/en\/wp-json\/wp\/v2\/tags?post=2655"}],"curies":[{"name":"wp","href":"https:\/\/api.w.org\/{rel}","templated":true}]}}