{"id":2618,"date":"2016-10-06T09:00:32","date_gmt":"2016-10-06T07:00:32","guid":{"rendered":"http:\/\/www.vebowag.de\/?p=2618"},"modified":"2017-01-19T07:36:43","modified_gmt":"2017-01-19T06:36:43","slug":"vebowag-plant-generationenuebergreifendes-wohnprojekt-in-lengsdorf-2","status":"publish","type":"post","link":"https:\/\/www.vebowag.de\/en\/2016\/10\/06\/vebowag-plant-generationenuebergreifendes-wohnprojekt-in-lengsdorf-2\/","title":{"rendered":"VEBOWAG plant generationen\u00fcbergreifendes Wohnprojekt in Lengsdorf"},"content":{"rendered":"<h3>In der Villemombler Stra\u00dfe sollen ab 2017 insgesamt 123 \u00f6ffentlich gef\u00f6rderte Mietwohnungen entstehen<\/h3>\n<p><img loading=\"lazy\" decoding=\"async\" class=\"alignnone wp-image-2695 size-large\" src=\"http:\/\/www.vebowag.de\/wp-content\/uploads\/2016\/10\/DSC_7227_ShiftN-1024x701.jpg\" alt=\"Villemombler Stra\u00dfe\" width=\"750\" height=\"513\" srcset=\"https:\/\/www.vebowag.de\/wp-content\/uploads\/2016\/10\/DSC_7227_ShiftN-1024x701.jpg 1024w, https:\/\/www.vebowag.de\/wp-content\/uploads\/2016\/10\/DSC_7227_ShiftN-300x205.jpg 300w, https:\/\/www.vebowag.de\/wp-content\/uploads\/2016\/10\/DSC_7227_ShiftN-768x526.jpg 768w\" sizes=\"(max-width: 750px) 100vw, 750px\" \/><\/p>\n<p>Auf dem 7.700 Quadratmeter gro\u00dfen Gel\u00e4nde des ehemaligen Landesbetriebes Stra\u00dfen NRW plant die VEBOWAG ein generationen\u00fcbergreifendes Wohnprojekt mit vielf\u00e4ltigen Grundrissen und Nutzungsm\u00f6glichkeiten.<\/p>\n<p>In den vier miteinander verbundenen Geb\u00e4udek\u00f6rpern entstehen insgesamt 123 barrierefreie \u00f6ffentlich gef\u00f6rderte Wohnungen. Der angebotene Wohnungsmix reicht von der 2-Zimmer-Singlewohnung bis zur 6-Zimmer-Wohnung mit eigenem Gartenanteil f\u00fcr kinderreiche Familien. Erg\u00e4nzt werden soll das Ganze durch Gruppenwohnungen f\u00fcr Senioren, Personen mit Betreuungsbedarf oder Studenten. Die Wohnungsgr\u00f6\u00dfen variieren dabei von 42 bis 127 m\u00b2 und bei den Gruppenwohnungen von 112 bis 145 m\u00b2. Ein Gemeinschaftsraum sowie R\u00e4umlichkeiten f\u00fcr Betreuungspersonal sind ebenfalls im Geb\u00e4udekomplex vorgesehen.<\/p>\n<p>Ziel ist es, insbesondere f\u00fcr \u00e4ltere Bev\u00f6lkerungsgruppen ein hohes Ma\u00df an individuellen Bausteinen f\u00fcr Versorgungssicherheit zu gew\u00e4hrleisten. Die hierf\u00fcr ben\u00f6tigten externen Dienstleistungen sollen m\u00f6glichst individuell auf die jeweiligen Bed\u00fcrfnisse abgestimmt sein und sind separat direkt mit den Kooperationspartnern zu vereinbaren.<\/p>\n<p>Die Innenh\u00f6fe werden g\u00e4rtnerisch gestaltet und dienen der Erholung sowie Begegnung aller Bewohner. Bei entsprechendem Interesse besteht insbesondere f\u00fcr die \u00e4ltere Mieterschaft die M\u00f6glichkeit, aktiv an der Gestaltung und Pflege mitzuwirken. Hierf\u00fcr sind beispielsweise Hochbeete vorgesehen.<\/p>\n<p><img loading=\"lazy\" decoding=\"async\" class=\"aligncenter wp-image-2626 size-large\" src=\"http:\/\/www.vebowag.de\/wp-content\/uploads\/2016\/10\/Obenansicht-Villemombler-Str-1024x604.png\" alt=\"obenansicht-villemombler-str\" width=\"750\" height=\"442\" \/><\/p>\n<p>Komplettiert wird das Vorhaben durch ein Mobilit\u00e4tskonzept, das folgende Themenschwerpunkte ber\u00fccksichtigt:<\/p>\n<ul>\n<li>\u00f6ffentlicher Personennahverkehr unmittelbar vor der Haust\u00fcr<\/li>\n<li>Tiefgaragenstellpl\u00e4tze mit und ohne Elektro-Ladem\u00f6glichkeit<\/li>\n<li>Carsharing-Konzept<\/li>\n<li>separate Be- und Entladestellpl\u00e4tze f\u00fcr Kurzzeitparken (Mietwagen oder Carsharing-Fahrzeuge) in der Tiefgarage<\/li>\n<li>eventuell Bike-Sharing-Konzept<\/li>\n<li>neben den Stellpl\u00e4tzen in der Tiefgarage sowie in den Au\u00dfenanlagen wird es zus\u00e4tzlich Stellpl\u00e4tze f\u00fcr Betreuungs- und Pflegepersonal geben<\/li>\n<li>Be- und Entladestellpl\u00e4tze (Kurzzeitparkpl\u00e4tze) im Bereich der Hauszuwegungen<\/li>\n<li>\u00fcberdachte Fahrradstellpl\u00e4tze im Bereich der Hauszuwegungen und Hauseing\u00e4nge sowie weitere im Untergeschoss<\/li>\n<li>Individualboxen mit E-Ladem\u00f6glichkeiten zur Unterbringung von E-Bikes, Rollatoren, Rollst\u00fchlen und Kinderwagen<\/li>\n<li>ein separater Lastenaufzug f\u00fcr die verschiedenen Fortbewegungsmittel und zu transportierenden Gegenst\u00e4nde, um eine komfortable Erreichbarkeit des Untergeschosses sowie innere Erschlie\u00dfungsbereiche sicherzustellen<\/li>\n<\/ul>\n<p>Um die Idee der verschiedenen Wohnformen umsetzen zu k\u00f6nnen, befindet sich die VEBOWAG derzeit mit unterschiedlichen lokalen Kooperationspartnern im Gespr\u00e4ch. Weitere interessierte Initiativen k\u00f6nnen sich gerne mit Natalija Horn unter Tel. 0228 9158-701 oder horn@vebowag.de in Verbindung setzen.<\/p>\n","protected":false},"excerpt":{"rendered":"<p>In der Villemombler Stra\u00dfe sollen ab 2017 insgesamt 123 \u00f6ffentlich gef\u00f6rderte Mietwohnungen entstehen.<\/p>\n","protected":false},"author":2,"featured_media":0,"comment_status":"closed","ping_status":"open","sticky":false,"template":"","format":"standard","meta":{"_uag_custom_page_level_css":"","footnotes":""},"categories":[1],"tags":[],"class_list":["post-2618","post","type-post","status-publish","format-standard","hentry","category-aktuelles"],"translation":{"provider":"WPGlobus","version":"3.0.0","language":"en","enabled_languages":["de","en"],"languages":{"de":{"title":true,"content":true,"excerpt":true},"en":{"title":false,"content":false,"excerpt":false}}},"yoast_head":"<!-- This site is optimized with the Yoast SEO plugin v23.8 - https:\/\/yoast.com\/wordpress\/plugins\/seo\/ -->\n<title>VEBOWAG plant generationen\u00fcbergreifendes Wohnprojekt in Lengsdorf - VEBOWAG<\/title>\n<meta name=\"robots\" content=\"index, follow, max-snippet:-1, max-image-preview:large, max-video-preview:-1\" \/>\n<link rel=\"canonical\" href=\"https:\/\/www.vebowag.de\/2016\/10\/06\/vebowag-plant-generationenuebergreifendes-wohnprojekt-in-lengsdorf-2\/\" \/>\n<meta property=\"og:locale\" content=\"en_US\" \/>\n<meta property=\"og:type\" content=\"article\" \/>\n<meta property=\"og:title\" content=\"VEBOWAG plant generationen\u00fcbergreifendes Wohnprojekt in Lengsdorf - VEBOWAG\" \/>\n<meta property=\"og:url\" content=\"https:\/\/www.vebowag.de\/2016\/10\/06\/vebowag-plant-generationenuebergreifendes-wohnprojekt-in-lengsdorf-2\/\" \/>\n<meta property=\"og:site_name\" content=\"VEBOWAG\" \/>\n<meta property=\"article:publisher\" content=\"https:\/\/www.facebook.com\/vebowag\/\" \/>\n<meta property=\"article:published_time\" content=\"2016-10-06T07:00:32+00:00\" \/>\n<meta property=\"article:modified_time\" content=\"2017-01-19T06:36:43+00:00\" \/>\n<meta property=\"og:image\" content=\"http:\/\/www.vebowag.de\/wp-content\/uploads\/2016\/10\/DSC_7227_ShiftN-1024x701.jpg\" \/>\n<meta name=\"author\" content=\"Norbert Krey\" \/>\n<meta name=\"twitter:card\" content=\"summary_large_image\" \/>\n<meta name=\"twitter:creator\" content=\"@vebowag\" \/>\n<meta name=\"twitter:site\" content=\"@vebowag\" \/>\n<meta name=\"twitter:label1\" content=\"Written by\" \/>\n\t<meta name=\"twitter:data1\" content=\"Norbert Krey\" \/>\n\t<meta name=\"twitter:label2\" content=\"Est. reading time\" \/>\n\t<meta name=\"twitter:data2\" content=\"2 minutes\" \/>\n<script type=\"application\/ld+json\" class=\"yoast-schema-graph\">{\"@context\":\"https:\/\/schema.org\",\"@graph\":[{\"@type\":\"WebPage\",\"@id\":\"https:\/\/www.vebowag.de\/2016\/10\/06\/vebowag-plant-generationenuebergreifendes-wohnprojekt-in-lengsdorf-2\/\",\"url\":\"https:\/\/www.vebowag.de\/2016\/10\/06\/vebowag-plant-generationenuebergreifendes-wohnprojekt-in-lengsdorf-2\/\",\"name\":\"VEBOWAG plant generationen\u00fcbergreifendes Wohnprojekt in Lengsdorf - VEBOWAG\",\"isPartOf\":{\"@id\":\"https:\/\/www.vebowag.de\/#website\"},\"primaryImageOfPage\":{\"@id\":\"https:\/\/www.vebowag.de\/2016\/10\/06\/vebowag-plant-generationenuebergreifendes-wohnprojekt-in-lengsdorf-2\/#primaryimage\"},\"image\":{\"@id\":\"https:\/\/www.vebowag.de\/2016\/10\/06\/vebowag-plant-generationenuebergreifendes-wohnprojekt-in-lengsdorf-2\/#primaryimage\"},\"thumbnailUrl\":\"http:\/\/www.vebowag.de\/wp-content\/uploads\/2016\/10\/DSC_7227_ShiftN-1024x701.jpg\",\"datePublished\":\"2016-10-06T07:00:32+00:00\",\"dateModified\":\"2017-01-19T06:36:43+00:00\",\"author\":{\"@id\":\"https:\/\/www.vebowag.de\/#\/schema\/person\/6f4c6d2656bd6fd684af32a9708ca020\"},\"breadcrumb\":{\"@id\":\"https:\/\/www.vebowag.de\/2016\/10\/06\/vebowag-plant-generationenuebergreifendes-wohnprojekt-in-lengsdorf-2\/#breadcrumb\"},\"inLanguage\":\"en-EN\",\"potentialAction\":[{\"@type\":\"ReadAction\",\"target\":[\"https:\/\/www.vebowag.de\/2016\/10\/06\/vebowag-plant-generationenuebergreifendes-wohnprojekt-in-lengsdorf-2\/\"]}]},{\"@type\":\"ImageObject\",\"inLanguage\":\"en-EN\",\"@id\":\"https:\/\/www.vebowag.de\/2016\/10\/06\/vebowag-plant-generationenuebergreifendes-wohnprojekt-in-lengsdorf-2\/#primaryimage\",\"url\":\"http:\/\/www.vebowag.de\/wp-content\/uploads\/2016\/10\/DSC_7227_ShiftN-1024x701.jpg\",\"contentUrl\":\"http:\/\/www.vebowag.de\/wp-content\/uploads\/2016\/10\/DSC_7227_ShiftN-1024x701.jpg\"},{\"@type\":\"BreadcrumbList\",\"@id\":\"https:\/\/www.vebowag.de\/2016\/10\/06\/vebowag-plant-generationenuebergreifendes-wohnprojekt-in-lengsdorf-2\/#breadcrumb\",\"itemListElement\":[{\"@type\":\"ListItem\",\"position\":1,\"name\":\"Home\",\"item\":\"https:\/\/www.vebowag.de\/\"},{\"@type\":\"ListItem\",\"position\":2,\"name\":\"VEBOWAG plant generationen\u00fcbergreifendes Wohnprojekt in Lengsdorf\"}]},{\"@type\":\"WebSite\",\"@id\":\"https:\/\/www.vebowag.de\/#website\",\"url\":\"https:\/\/www.vebowag.de\/\",\"name\":\"VEBOWAG\",\"description\":\"Mein Zuhause in Bonn\",\"potentialAction\":[{\"@type\":\"SearchAction\",\"target\":{\"@type\":\"EntryPoint\",\"urlTemplate\":\"https:\/\/www.vebowag.de\/?s={search_term_string}\"},\"query-input\":{\"@type\":\"PropertyValueSpecification\",\"valueRequired\":true,\"valueName\":\"search_term_string\"}}],\"inLanguage\":\"en-EN\"},{\"@type\":\"Person\",\"@id\":\"https:\/\/www.vebowag.de\/#\/schema\/person\/6f4c6d2656bd6fd684af32a9708ca020\",\"name\":\"Norbert Krey\",\"sameAs\":[\"http:\/\/www.vebowag.de\"],\"url\":\"https:\/\/www.vebowag.de\/en\/author\/krey\/\"}]}<\/script>\n<!-- \/ Yoast SEO plugin. -->","yoast_head_json":{"title":"VEBOWAG plant generationen\u00fcbergreifendes Wohnprojekt in Lengsdorf - VEBOWAG","robots":{"index":"index","follow":"follow","max-snippet":"max-snippet:-1","max-image-preview":"max-image-preview:large","max-video-preview":"max-video-preview:-1"},"canonical":"https:\/\/www.vebowag.de\/2016\/10\/06\/vebowag-plant-generationenuebergreifendes-wohnprojekt-in-lengsdorf-2\/","og_locale":"en_US","og_type":"article","og_title":"VEBOWAG plant generationen\u00fcbergreifendes Wohnprojekt in Lengsdorf - VEBOWAG","og_url":"https:\/\/www.vebowag.de\/2016\/10\/06\/vebowag-plant-generationenuebergreifendes-wohnprojekt-in-lengsdorf-2\/","og_site_name":"VEBOWAG","article_publisher":"https:\/\/www.facebook.com\/vebowag\/","article_published_time":"2016-10-06T07:00:32+00:00","article_modified_time":"2017-01-19T06:36:43+00:00","og_image":[{"url":"http:\/\/www.vebowag.de\/wp-content\/uploads\/2016\/10\/DSC_7227_ShiftN-1024x701.jpg"}],"author":"Norbert Krey","twitter_card":"summary_large_image","twitter_creator":"@vebowag","twitter_site":"@vebowag","twitter_misc":{"Written by":"Norbert Krey","Est. reading time":"2 minutes"},"schema":{"@context":"https:\/\/schema.org","@graph":[{"@type":"WebPage","@id":"https:\/\/www.vebowag.de\/2016\/10\/06\/vebowag-plant-generationenuebergreifendes-wohnprojekt-in-lengsdorf-2\/","url":"https:\/\/www.vebowag.de\/2016\/10\/06\/vebowag-plant-generationenuebergreifendes-wohnprojekt-in-lengsdorf-2\/","name":"VEBOWAG plant generationen\u00fcbergreifendes Wohnprojekt in Lengsdorf - VEBOWAG","isPartOf":{"@id":"https:\/\/www.vebowag.de\/#website"},"primaryImageOfPage":{"@id":"https:\/\/www.vebowag.de\/2016\/10\/06\/vebowag-plant-generationenuebergreifendes-wohnprojekt-in-lengsdorf-2\/#primaryimage"},"image":{"@id":"https:\/\/www.vebowag.de\/2016\/10\/06\/vebowag-plant-generationenuebergreifendes-wohnprojekt-in-lengsdorf-2\/#primaryimage"},"thumbnailUrl":"http:\/\/www.vebowag.de\/wp-content\/uploads\/2016\/10\/DSC_7227_ShiftN-1024x701.jpg","datePublished":"2016-10-06T07:00:32+00:00","dateModified":"2017-01-19T06:36:43+00:00","author":{"@id":"https:\/\/www.vebowag.de\/#\/schema\/person\/6f4c6d2656bd6fd684af32a9708ca020"},"breadcrumb":{"@id":"https:\/\/www.vebowag.de\/2016\/10\/06\/vebowag-plant-generationenuebergreifendes-wohnprojekt-in-lengsdorf-2\/#breadcrumb"},"inLanguage":"en-EN","potentialAction":[{"@type":"ReadAction","target":["https:\/\/www.vebowag.de\/2016\/10\/06\/vebowag-plant-generationenuebergreifendes-wohnprojekt-in-lengsdorf-2\/"]}]},{"@type":"ImageObject","inLanguage":"en-EN","@id":"https:\/\/www.vebowag.de\/2016\/10\/06\/vebowag-plant-generationenuebergreifendes-wohnprojekt-in-lengsdorf-2\/#primaryimage","url":"http:\/\/www.vebowag.de\/wp-content\/uploads\/2016\/10\/DSC_7227_ShiftN-1024x701.jpg","contentUrl":"http:\/\/www.vebowag.de\/wp-content\/uploads\/2016\/10\/DSC_7227_ShiftN-1024x701.jpg"},{"@type":"BreadcrumbList","@id":"https:\/\/www.vebowag.de\/2016\/10\/06\/vebowag-plant-generationenuebergreifendes-wohnprojekt-in-lengsdorf-2\/#breadcrumb","itemListElement":[{"@type":"ListItem","position":1,"name":"Home","item":"https:\/\/www.vebowag.de\/"},{"@type":"ListItem","position":2,"name":"VEBOWAG plant generationen\u00fcbergreifendes Wohnprojekt in Lengsdorf"}]},{"@type":"WebSite","@id":"https:\/\/www.vebowag.de\/#website","url":"https:\/\/www.vebowag.de\/","name":"VEBOWAG","description":"Mein Zuhause in Bonn","potentialAction":[{"@type":"SearchAction","target":{"@type":"EntryPoint","urlTemplate":"https:\/\/www.vebowag.de\/?s={search_term_string}"},"query-input":{"@type":"PropertyValueSpecification","valueRequired":true,"valueName":"search_term_string"}}],"inLanguage":"en-EN"},{"@type":"Person","@id":"https:\/\/www.vebowag.de\/#\/schema\/person\/6f4c6d2656bd6fd684af32a9708ca020","name":"Norbert Krey","sameAs":["http:\/\/www.vebowag.de"],"url":"https:\/\/www.vebowag.de\/en\/author\/krey\/"}]}},"uagb_featured_image_src":{"full":false,"thumbnail":false,"medium":false,"medium_large":false,"large":false,"1536x1536":false,"2048x2048":false,"home":false,"list":false},"uagb_author_info":{"display_name":"Norbert Krey","author_link":"https:\/\/www.vebowag.de\/en\/author\/krey\/"},"uagb_comment_info":0,"uagb_excerpt":"In der Villemombler Stra\u00dfe sollen ab 2017 insgesamt 123 \u00f6ffentlich gef\u00f6rderte Mietwohnungen entstehen.","_links":{"self":[{"href":"https:\/\/www.vebowag.de\/en\/wp-json\/wp\/v2\/posts\/2618"}],"collection":[{"href":"https:\/\/www.vebowag.de\/en\/wp-json\/wp\/v2\/posts"}],"about":[{"href":"https:\/\/www.vebowag.de\/en\/wp-json\/wp\/v2\/types\/post"}],"author":[{"embeddable":true,"href":"https:\/\/www.vebowag.de\/en\/wp-json\/wp\/v2\/users\/2"}],"replies":[{"embeddable":true,"href":"https:\/\/www.vebowag.de\/en\/wp-json\/wp\/v2\/comments?post=2618"}],"version-history":[{"count":16,"href":"https:\/\/www.vebowag.de\/en\/wp-json\/wp\/v2\/posts\/2618\/revisions"}],"predecessor-version":[{"id":2952,"href":"https:\/\/www.vebowag.de\/en\/wp-json\/wp\/v2\/posts\/2618\/revisions\/2952"}],"wp:attachment":[{"href":"https:\/\/www.vebowag.de\/en\/wp-json\/wp\/v2\/media?parent=2618"}],"wp:term":[{"taxonomy":"category","embeddable":true,"href":"https:\/\/www.vebowag.de\/en\/wp-json\/wp\/v2\/categories?post=2618"},{"taxonomy":"post_tag","embeddable":true,"href":"https:\/\/www.vebowag.de\/en\/wp-json\/wp\/v2\/tags?post=2618"}],"curies":[{"name":"wp","href":"https:\/\/api.w.org\/{rel}","templated":true}]}}