{"id":259,"date":"2016-07-01T09:52:48","date_gmt":"2016-07-01T07:52:48","guid":{"rendered":"http:\/\/www.vebowag.dev\/?p=259"},"modified":"2018-12-20T20:17:34","modified_gmt":"2018-12-20T19:17:34","slug":"frascatistrasse-15_15a","status":"publish","type":"post","link":"https:\/\/www.vebowag.de\/en\/2016\/07\/01\/frascatistrasse-15_15a\/","title":{"rendered":"Frascatistra\u00dfe 15\/15a"},"content":{"rendered":"<p>Im\u00a0Pennenfeld wurde ein Neubauvorhaben mit 11 \u00f6ffentlich gef\u00f6rderten Wohnungen realisiert. Im angrenzenden Haus Frascatistra\u00dfe 15 entstanden durch den Ausbau des Dachgeschosses weitere f\u00fcnf gef\u00f6rderte Wohnungen.<!--more--><\/p>\n<ul>\n<li>Neubau von 11 \u00f6ffentlich gef\u00f6rderte Wohnungen, in denen\u00a0wir in\u00a0Kooperation mit der AWO Bad Godesberg\u00a0<strong>Servicewohnen f\u00fcr Senioren<\/strong> anbieten<\/li>\n<li>Erstellung von 5 weiteren \u00f6ffentlich gef\u00f6rderten Wohnungen durch Dachausbau<\/li>\n<li>2- und 3-Zimmer-Wohnungen mit ca. 48 bis 71 m\u00b2 Wohnfl\u00e4che<\/li>\n<li>alle Wohnungen verf\u00fcgen \u00fcber einen Balkon oder eine Terrasse<\/li>\n<li>energieeinsparende Fu\u00dfbodenheizung<\/li>\n<li>barrierefreier Zugang zu allen Wohnungen \u00fcber den Aufzug im Neubau<\/li>\n<li>Fertigstellung\u00a0erfolgte\u00a0im Juni\u00a02016<\/li>\n<\/ul>\n<p><img loading=\"lazy\" decoding=\"async\" class=\"alignleft size-large wp-image-4650\" src=\"https:\/\/www.vebowag.de\/wp-content\/uploads\/2016\/07\/Frascatistra\u00dfe-15-und-15-a-Bonn-Pennenfeld-Dachgeschossausbau-und-Fertigstellung-des-Neubaus-3-1024x690.jpg\" alt=\"Frascatistra\u00dfe 15 und 15 a, Bonn-Pennenfeld, Dachgeschossausbau und Fertigstellung des Neubaus (3)\" width=\"750\" height=\"505\" srcset=\"https:\/\/www.vebowag.de\/wp-content\/uploads\/2016\/07\/Frascatistra\u00dfe-15-und-15-a-Bonn-Pennenfeld-Dachgeschossausbau-und-Fertigstellung-des-Neubaus-3-1024x690.jpg 1024w, https:\/\/www.vebowag.de\/wp-content\/uploads\/2016\/07\/Frascatistra\u00dfe-15-und-15-a-Bonn-Pennenfeld-Dachgeschossausbau-und-Fertigstellung-des-Neubaus-3-300x202.jpg 300w, https:\/\/www.vebowag.de\/wp-content\/uploads\/2016\/07\/Frascatistra\u00dfe-15-und-15-a-Bonn-Pennenfeld-Dachgeschossausbau-und-Fertigstellung-des-Neubaus-3-768x518.jpg 768w, https:\/\/www.vebowag.de\/wp-content\/uploads\/2016\/07\/Frascatistra\u00dfe-15-und-15-a-Bonn-Pennenfeld-Dachgeschossausbau-und-Fertigstellung-des-Neubaus-3-150x100.jpg 150w\" sizes=\"(max-width: 750px) 100vw, 750px\" \/><\/p>\n<p><img loading=\"lazy\" decoding=\"async\" class=\"alignnone wp-image-2078 size-large\" src=\"http:\/\/www.vebowag.de\/wp-content\/uploads\/2016\/04\/DSC_4676-1024x680.jpg\" alt=\"DSC_4676\" width=\"750\" height=\"498\" srcset=\"https:\/\/www.vebowag.de\/wp-content\/uploads\/2016\/04\/DSC_4676-1024x680.jpg 1024w, https:\/\/www.vebowag.de\/wp-content\/uploads\/2016\/04\/DSC_4676-300x199.jpg 300w, https:\/\/www.vebowag.de\/wp-content\/uploads\/2016\/04\/DSC_4676-768x510.jpg 768w, https:\/\/www.vebowag.de\/wp-content\/uploads\/2016\/04\/DSC_4676-150x100.jpg 150w\" sizes=\"(max-width: 750px) 100vw, 750px\" \/><\/p>\n<hr \/>\n","protected":false},"excerpt":{"rendered":"<p>Im\u00a0Pennenfeld wurde ein Neubauvorhaben mit 11 \u00f6ffentlich gef\u00f6rderten Wohnungen realisiert. Im angrenzenden Haus Frascatistra\u00dfe 15 entstanden durch den Ausbau des Dachgeschosses weitere f\u00fcnf gef\u00f6rderte Wohnungen.<\/p>\n","protected":false},"author":1,"featured_media":4650,"comment_status":"open","ping_status":"open","sticky":false,"template":"","format":"standard","meta":{"_uag_custom_page_level_css":"","footnotes":""},"categories":[16],"tags":[],"class_list":["post-259","post","type-post","status-publish","format-standard","has-post-thumbnail","hentry","category-abgeschlossene-projekte"],"translation":{"provider":"WPGlobus","version":"3.0.0","language":"en","enabled_languages":["de","en"],"languages":{"de":{"title":true,"content":true,"excerpt":false},"en":{"title":false,"content":false,"excerpt":false}}},"yoast_head":"<!-- This site is optimized with the Yoast SEO plugin v23.8 - https:\/\/yoast.com\/wordpress\/plugins\/seo\/ -->\n<title>Frascatistra\u00dfe 15\/15a - VEBOWAG<\/title>\n<meta name=\"robots\" content=\"index, follow, max-snippet:-1, max-image-preview:large, max-video-preview:-1\" \/>\n<link rel=\"canonical\" href=\"https:\/\/www.vebowag.de\/en\/2016\/07\/01\/frascatistrasse-15_15a\/\" \/>\n<meta property=\"og:locale\" content=\"en_US\" \/>\n<meta property=\"og:type\" content=\"article\" \/>\n<meta property=\"og:title\" content=\"Frascatistra\u00dfe 15\/15a - VEBOWAG\" \/>\n<meta property=\"og:url\" content=\"https:\/\/www.vebowag.de\/en\/2016\/07\/01\/frascatistrasse-15_15a\/\" \/>\n<meta property=\"og:site_name\" content=\"VEBOWAG\" \/>\n<meta property=\"article:publisher\" content=\"https:\/\/www.facebook.com\/vebowag\/\" \/>\n<meta property=\"article:published_time\" content=\"2016-07-01T07:52:48+00:00\" \/>\n<meta property=\"article:modified_time\" content=\"2018-12-20T19:17:34+00:00\" \/>\n<meta property=\"og:image\" content=\"https:\/\/www.vebowag.de\/wp-content\/uploads\/2016\/07\/Frascatistra\u00dfe-15-und-15-a-Bonn-Pennenfeld-Dachgeschossausbau-und-Fertigstellung-des-Neubaus-3-1024x690.jpg\" \/>\n\t<meta property=\"og:image:width\" content=\"1024\" \/>\n\t<meta property=\"og:image:height\" content=\"690\" \/>\n\t<meta property=\"og:image:type\" content=\"image\/jpeg\" \/>\n<meta name=\"author\" content=\"danyel\" \/>\n<meta name=\"twitter:card\" content=\"summary_large_image\" \/>\n<meta name=\"twitter:creator\" content=\"@vebowag\" \/>\n<meta name=\"twitter:site\" content=\"@vebowag\" \/>\n<meta name=\"twitter:label1\" content=\"Written by\" \/>\n\t<meta name=\"twitter:data1\" content=\"danyel\" \/>\n<script type=\"application\/ld+json\" class=\"yoast-schema-graph\">{\"@context\":\"https:\/\/schema.org\",\"@graph\":[{\"@type\":\"WebPage\",\"@id\":\"https:\/\/www.vebowag.de\/en\/2016\/07\/01\/frascatistrasse-15_15a\/\",\"url\":\"https:\/\/www.vebowag.de\/en\/2016\/07\/01\/frascatistrasse-15_15a\/\",\"name\":\"Frascatistra\u00dfe 15\/15a - VEBOWAG\",\"isPartOf\":{\"@id\":\"https:\/\/www.vebowag.de\/#website\"},\"primaryImageOfPage\":{\"@id\":\"https:\/\/www.vebowag.de\/en\/2016\/07\/01\/frascatistrasse-15_15a\/#primaryimage\"},\"image\":{\"@id\":\"https:\/\/www.vebowag.de\/en\/2016\/07\/01\/frascatistrasse-15_15a\/#primaryimage\"},\"thumbnailUrl\":\"https:\/\/www.vebowag.de\/wp-content\/uploads\/2016\/07\/Frascatistra\u00dfe-15-und-15-a-Bonn-Pennenfeld-Dachgeschossausbau-und-Fertigstellung-des-Neubaus-3.jpg\",\"datePublished\":\"2016-07-01T07:52:48+00:00\",\"dateModified\":\"2018-12-20T19:17:34+00:00\",\"author\":{\"@id\":\"https:\/\/www.vebowag.de\/#\/schema\/person\/a5dd2bad79e48a698a7a0c984bc8331f\"},\"breadcrumb\":{\"@id\":\"https:\/\/www.vebowag.de\/en\/2016\/07\/01\/frascatistrasse-15_15a\/#breadcrumb\"},\"inLanguage\":\"en-EN\",\"potentialAction\":[{\"@type\":\"ReadAction\",\"target\":[\"https:\/\/www.vebowag.de\/en\/2016\/07\/01\/frascatistrasse-15_15a\/\"]}]},{\"@type\":\"ImageObject\",\"inLanguage\":\"en-EN\",\"@id\":\"https:\/\/www.vebowag.de\/en\/2016\/07\/01\/frascatistrasse-15_15a\/#primaryimage\",\"url\":\"https:\/\/www.vebowag.de\/wp-content\/uploads\/2016\/07\/Frascatistra\u00dfe-15-und-15-a-Bonn-Pennenfeld-Dachgeschossausbau-und-Fertigstellung-des-Neubaus-3.jpg\",\"contentUrl\":\"https:\/\/www.vebowag.de\/wp-content\/uploads\/2016\/07\/Frascatistra\u00dfe-15-und-15-a-Bonn-Pennenfeld-Dachgeschossausbau-und-Fertigstellung-des-Neubaus-3.jpg\",\"width\":4144,\"height\":2794},{\"@type\":\"BreadcrumbList\",\"@id\":\"https:\/\/www.vebowag.de\/en\/2016\/07\/01\/frascatistrasse-15_15a\/#breadcrumb\",\"itemListElement\":[{\"@type\":\"ListItem\",\"position\":1,\"name\":\"Home\",\"item\":\"https:\/\/www.vebowag.de\/\"},{\"@type\":\"ListItem\",\"position\":2,\"name\":\"Frascatistra\u00dfe 15\/15a\"}]},{\"@type\":\"WebSite\",\"@id\":\"https:\/\/www.vebowag.de\/#website\",\"url\":\"https:\/\/www.vebowag.de\/\",\"name\":\"VEBOWAG\",\"description\":\"Mein Zuhause in Bonn\",\"potentialAction\":[{\"@type\":\"SearchAction\",\"target\":{\"@type\":\"EntryPoint\",\"urlTemplate\":\"https:\/\/www.vebowag.de\/?s={search_term_string}\"},\"query-input\":{\"@type\":\"PropertyValueSpecification\",\"valueRequired\":true,\"valueName\":\"search_term_string\"}}],\"inLanguage\":\"en-EN\"},{\"@type\":\"Person\",\"@id\":\"https:\/\/www.vebowag.de\/#\/schema\/person\/a5dd2bad79e48a698a7a0c984bc8331f\",\"name\":\"danyel\",\"sameAs\":[\"http:\/\/www.cdonline.de\"],\"url\":\"https:\/\/www.vebowag.de\/en\/author\/danyel\/\"}]}<\/script>\n<!-- \/ Yoast SEO plugin. -->","yoast_head_json":{"title":"Frascatistra\u00dfe 15\/15a - VEBOWAG","robots":{"index":"index","follow":"follow","max-snippet":"max-snippet:-1","max-image-preview":"max-image-preview:large","max-video-preview":"max-video-preview:-1"},"canonical":"https:\/\/www.vebowag.de\/en\/2016\/07\/01\/frascatistrasse-15_15a\/","og_locale":"en_US","og_type":"article","og_title":"Frascatistra\u00dfe 15\/15a - VEBOWAG","og_url":"https:\/\/www.vebowag.de\/en\/2016\/07\/01\/frascatistrasse-15_15a\/","og_site_name":"VEBOWAG","article_publisher":"https:\/\/www.facebook.com\/vebowag\/","article_published_time":"2016-07-01T07:52:48+00:00","article_modified_time":"2018-12-20T19:17:34+00:00","og_image":[{"width":1024,"height":690,"url":"https:\/\/www.vebowag.de\/wp-content\/uploads\/2016\/07\/Frascatistra\u00dfe-15-und-15-a-Bonn-Pennenfeld-Dachgeschossausbau-und-Fertigstellung-des-Neubaus-3-1024x690.jpg","type":"image\/jpeg"}],"author":"danyel","twitter_card":"summary_large_image","twitter_creator":"@vebowag","twitter_site":"@vebowag","twitter_misc":{"Written by":"danyel"},"schema":{"@context":"https:\/\/schema.org","@graph":[{"@type":"WebPage","@id":"https:\/\/www.vebowag.de\/en\/2016\/07\/01\/frascatistrasse-15_15a\/","url":"https:\/\/www.vebowag.de\/en\/2016\/07\/01\/frascatistrasse-15_15a\/","name":"Frascatistra\u00dfe 15\/15a - VEBOWAG","isPartOf":{"@id":"https:\/\/www.vebowag.de\/#website"},"primaryImageOfPage":{"@id":"https:\/\/www.vebowag.de\/en\/2016\/07\/01\/frascatistrasse-15_15a\/#primaryimage"},"image":{"@id":"https:\/\/www.vebowag.de\/en\/2016\/07\/01\/frascatistrasse-15_15a\/#primaryimage"},"thumbnailUrl":"https:\/\/www.vebowag.de\/wp-content\/uploads\/2016\/07\/Frascatistra\u00dfe-15-und-15-a-Bonn-Pennenfeld-Dachgeschossausbau-und-Fertigstellung-des-Neubaus-3.jpg","datePublished":"2016-07-01T07:52:48+00:00","dateModified":"2018-12-20T19:17:34+00:00","author":{"@id":"https:\/\/www.vebowag.de\/#\/schema\/person\/a5dd2bad79e48a698a7a0c984bc8331f"},"breadcrumb":{"@id":"https:\/\/www.vebowag.de\/en\/2016\/07\/01\/frascatistrasse-15_15a\/#breadcrumb"},"inLanguage":"en-EN","potentialAction":[{"@type":"ReadAction","target":["https:\/\/www.vebowag.de\/en\/2016\/07\/01\/frascatistrasse-15_15a\/"]}]},{"@type":"ImageObject","inLanguage":"en-EN","@id":"https:\/\/www.vebowag.de\/en\/2016\/07\/01\/frascatistrasse-15_15a\/#primaryimage","url":"https:\/\/www.vebowag.de\/wp-content\/uploads\/2016\/07\/Frascatistra\u00dfe-15-und-15-a-Bonn-Pennenfeld-Dachgeschossausbau-und-Fertigstellung-des-Neubaus-3.jpg","contentUrl":"https:\/\/www.vebowag.de\/wp-content\/uploads\/2016\/07\/Frascatistra\u00dfe-15-und-15-a-Bonn-Pennenfeld-Dachgeschossausbau-und-Fertigstellung-des-Neubaus-3.jpg","width":4144,"height":2794},{"@type":"BreadcrumbList","@id":"https:\/\/www.vebowag.de\/en\/2016\/07\/01\/frascatistrasse-15_15a\/#breadcrumb","itemListElement":[{"@type":"ListItem","position":1,"name":"Home","item":"https:\/\/www.vebowag.de\/"},{"@type":"ListItem","position":2,"name":"Frascatistra\u00dfe 15\/15a"}]},{"@type":"WebSite","@id":"https:\/\/www.vebowag.de\/#website","url":"https:\/\/www.vebowag.de\/","name":"VEBOWAG","description":"Mein Zuhause in Bonn","potentialAction":[{"@type":"SearchAction","target":{"@type":"EntryPoint","urlTemplate":"https:\/\/www.vebowag.de\/?s={search_term_string}"},"query-input":{"@type":"PropertyValueSpecification","valueRequired":true,"valueName":"search_term_string"}}],"inLanguage":"en-EN"},{"@type":"Person","@id":"https:\/\/www.vebowag.de\/#\/schema\/person\/a5dd2bad79e48a698a7a0c984bc8331f","name":"danyel","sameAs":["http:\/\/www.cdonline.de"],"url":"https:\/\/www.vebowag.de\/en\/author\/danyel\/"}]}},"uagb_featured_image_src":{"full":["https:\/\/www.vebowag.de\/wp-content\/uploads\/2016\/07\/Frascatistra\u00dfe-15-und-15-a-Bonn-Pennenfeld-Dachgeschossausbau-und-Fertigstellung-des-Neubaus-3.jpg",4144,2794,false],"thumbnail":["https:\/\/www.vebowag.de\/wp-content\/uploads\/2016\/07\/Frascatistra\u00dfe-15-und-15-a-Bonn-Pennenfeld-Dachgeschossausbau-und-Fertigstellung-des-Neubaus-3-150x150.jpg",150,150,true],"medium":["https:\/\/www.vebowag.de\/wp-content\/uploads\/2016\/07\/Frascatistra\u00dfe-15-und-15-a-Bonn-Pennenfeld-Dachgeschossausbau-und-Fertigstellung-des-Neubaus-3-300x202.jpg",300,202,true],"medium_large":["https:\/\/www.vebowag.de\/wp-content\/uploads\/2016\/07\/Frascatistra\u00dfe-15-und-15-a-Bonn-Pennenfeld-Dachgeschossausbau-und-Fertigstellung-des-Neubaus-3-768x518.jpg",750,506,true],"large":["https:\/\/www.vebowag.de\/wp-content\/uploads\/2016\/07\/Frascatistra\u00dfe-15-und-15-a-Bonn-Pennenfeld-Dachgeschossausbau-und-Fertigstellung-des-Neubaus-3-1024x690.jpg",750,505,true],"1536x1536":["https:\/\/www.vebowag.de\/wp-content\/uploads\/2016\/07\/Frascatistra\u00dfe-15-und-15-a-Bonn-Pennenfeld-Dachgeschossausbau-und-Fertigstellung-des-Neubaus-3.jpg",1536,1036,false],"2048x2048":["https:\/\/www.vebowag.de\/wp-content\/uploads\/2016\/07\/Frascatistra\u00dfe-15-und-15-a-Bonn-Pennenfeld-Dachgeschossausbau-und-Fertigstellung-des-Neubaus-3.jpg",2048,1381,false],"home":["https:\/\/www.vebowag.de\/wp-content\/uploads\/2016\/07\/Frascatistra\u00dfe-15-und-15-a-Bonn-Pennenfeld-Dachgeschossausbau-und-Fertigstellung-des-Neubaus-3-150x100.jpg",150,100,true],"list":["https:\/\/www.vebowag.de\/wp-content\/uploads\/2016\/07\/Frascatistra\u00dfe-15-und-15-a-Bonn-Pennenfeld-Dachgeschossausbau-und-Fertigstellung-des-Neubaus-3-200x125.jpg",200,125,true]},"uagb_author_info":{"display_name":"danyel","author_link":"https:\/\/www.vebowag.de\/en\/author\/danyel\/"},"uagb_comment_info":0,"uagb_excerpt":"Im\u00a0Pennenfeld wurde ein Neubauvorhaben mit 11 \u00f6ffentlich gef\u00f6rderten Wohnungen realisiert. Im angrenzenden Haus Frascatistra\u00dfe 15 entstanden durch den Ausbau des Dachgeschosses weitere f\u00fcnf gef\u00f6rderte Wohnungen.","_links":{"self":[{"href":"https:\/\/www.vebowag.de\/en\/wp-json\/wp\/v2\/posts\/259"}],"collection":[{"href":"https:\/\/www.vebowag.de\/en\/wp-json\/wp\/v2\/posts"}],"about":[{"href":"https:\/\/www.vebowag.de\/en\/wp-json\/wp\/v2\/types\/post"}],"author":[{"embeddable":true,"href":"https:\/\/www.vebowag.de\/en\/wp-json\/wp\/v2\/users\/1"}],"replies":[{"embeddable":true,"href":"https:\/\/www.vebowag.de\/en\/wp-json\/wp\/v2\/comments?post=259"}],"version-history":[{"count":32,"href":"https:\/\/www.vebowag.de\/en\/wp-json\/wp\/v2\/posts\/259\/revisions"}],"predecessor-version":[{"id":5276,"href":"https:\/\/www.vebowag.de\/en\/wp-json\/wp\/v2\/posts\/259\/revisions\/5276"}],"wp:featuredmedia":[{"embeddable":true,"href":"https:\/\/www.vebowag.de\/en\/wp-json\/wp\/v2\/media\/4650"}],"wp:attachment":[{"href":"https:\/\/www.vebowag.de\/en\/wp-json\/wp\/v2\/media?parent=259"}],"wp:term":[{"taxonomy":"category","embeddable":true,"href":"https:\/\/www.vebowag.de\/en\/wp-json\/wp\/v2\/categories?post=259"},{"taxonomy":"post_tag","embeddable":true,"href":"https:\/\/www.vebowag.de\/en\/wp-json\/wp\/v2\/tags?post=259"}],"curies":[{"name":"wp","href":"https:\/\/api.w.org\/{rel}","templated":true}]}}