{"id":2123,"date":"2016-04-18T17:22:57","date_gmt":"2016-04-18T15:22:57","guid":{"rendered":"http:\/\/www.vebowag.de\/?p=2123"},"modified":"2018-06-08T16:53:13","modified_gmt":"2018-06-08T14:53:13","slug":"vebowag-stellt-26-gefoerderte-mietwohnungen-in-bad-godesberg-fertig","status":"publish","type":"post","link":"https:\/\/www.vebowag.de\/en\/2016\/04\/18\/vebowag-stellt-26-gefoerderte-mietwohnungen-in-bad-godesberg-fertig\/","title":{"rendered":"VEBOWAG stellt 26 gef\u00f6rderte Mietwohnungen in Bad Godesberg fertig"},"content":{"rendered":"<p style=\"text-align: justify;\">Auf dem knapp 1.700 m\u00b2 gro\u00dfen Grundst\u00fcck sind nach 14 monatiger Bauzeit 26 Ein- bis Vier-Zimmer-Wohnungen mit Wohnfl\u00e4chen zwischen 35 und 97 m\u00b2 entstanden. Alle Wohnungen sind barrierefrei \u00fcber Aufzug zu erreichen und verf\u00fcgen \u00fcber einen Balkon oder eine Terrasse.<img loading=\"lazy\" decoding=\"async\" class=\"alignleft size-large wp-image-4731\" src=\"https:\/\/www.vebowag.de\/wp-content\/uploads\/2018\/06\/Truchse\u00dfstra\u00dfe-12-14-1024x457.jpg\" alt=\"Truchse\u00dfstra\u00dfe 12-14\" width=\"750\" height=\"335\" srcset=\"https:\/\/www.vebowag.de\/wp-content\/uploads\/2018\/06\/Truchse\u00dfstra\u00dfe-12-14.jpg 1024w, https:\/\/www.vebowag.de\/wp-content\/uploads\/2018\/06\/Truchse\u00dfstra\u00dfe-12-14-300x134.jpg 300w, https:\/\/www.vebowag.de\/wp-content\/uploads\/2018\/06\/Truchse\u00dfstra\u00dfe-12-14-768x343.jpg 768w\" sizes=\"(max-width: 750px) 100vw, 750px\" \/><\/p>\n<p style=\"text-align: justify;\">Die zentrale W\u00e4rmeversorgung erfolgt \u00fcber eine Luft\/Wasser-W\u00e4rmepumpe. Die Wohnungen selbst werden durch Fu\u00dfbodenheizung beheizt. Dank \u00f6ffentlicher F\u00f6rderung durch das Land NRW betr\u00e4gt die Nettokaltmiete 6,25 EUR pro Quadratmeter. Neben einer Tiefgarage wird auf dem Grundst\u00fcck eine CarSharing-Station des Bonner Unternehmens STATTAUTO realisiert. Diese wird ab Mai 2016 zur Verf\u00fcgung stehen.<\/p>\n","protected":false},"excerpt":{"rendered":"<p>Auf dem knapp 1.700 m\u00b2 gro\u00dfen Grundst\u00fcck sind nach 14 monatiger Bauzeit 26 Ein- bis Vier-Zimmer-Wohnungen mit Wohnfl\u00e4chen zwischen 35 und 97 m\u00b2 entstanden. Alle Wohnungen sind barrierefrei \u00fcber Aufzug zu erreichen und verf\u00fcgen \u00fcber einen Balkon oder eine Terrasse. Die zentrale W\u00e4rmeversorgung erfolgt \u00fcber eine Luft\/Wasser-W\u00e4rmepumpe. Die Wohnungen selbst &#8230; <a class=\"read-more\" href=\"https:\/\/www.vebowag.de\/en\/2016\/04\/18\/vebowag-stellt-26-gefoerderte-mietwohnungen-in-bad-godesberg-fertig\/\">Weiterlesen&nbsp;&raquo;<\/a><\/p>\n","protected":false},"author":2,"featured_media":4731,"comment_status":"closed","ping_status":"open","sticky":false,"template":"","format":"standard","meta":{"_uag_custom_page_level_css":"","footnotes":""},"categories":[1],"tags":[],"class_list":["post-2123","post","type-post","status-publish","format-standard","has-post-thumbnail","hentry","category-aktuelles"],"translation":{"provider":"WPGlobus","version":"3.0.0","language":"en","enabled_languages":["de","en"],"languages":{"de":{"title":true,"content":true,"excerpt":false},"en":{"title":false,"content":false,"excerpt":false}}},"yoast_head":"<!-- This site is optimized with the Yoast SEO plugin v23.8 - https:\/\/yoast.com\/wordpress\/plugins\/seo\/ -->\n<title>VEBOWAG stellt 26 gef\u00f6rderte Mietwohnungen in Bad Godesberg fertig - VEBOWAG<\/title>\n<meta name=\"robots\" content=\"index, follow, max-snippet:-1, max-image-preview:large, max-video-preview:-1\" \/>\n<link rel=\"canonical\" href=\"https:\/\/www.vebowag.de\/2016\/04\/18\/vebowag-stellt-26-gefoerderte-mietwohnungen-in-bad-godesberg-fertig\/\" \/>\n<meta property=\"og:locale\" content=\"en_US\" \/>\n<meta property=\"og:type\" content=\"article\" \/>\n<meta property=\"og:title\" content=\"VEBOWAG stellt 26 gef\u00f6rderte Mietwohnungen in Bad Godesberg fertig - VEBOWAG\" \/>\n<meta property=\"og:url\" content=\"https:\/\/www.vebowag.de\/2016\/04\/18\/vebowag-stellt-26-gefoerderte-mietwohnungen-in-bad-godesberg-fertig\/\" \/>\n<meta property=\"og:site_name\" content=\"VEBOWAG\" \/>\n<meta property=\"article:publisher\" content=\"https:\/\/www.facebook.com\/vebowag\/\" \/>\n<meta property=\"article:published_time\" content=\"2016-04-18T15:22:57+00:00\" \/>\n<meta property=\"article:modified_time\" content=\"2018-06-08T14:53:13+00:00\" \/>\n<meta property=\"og:image\" content=\"https:\/\/www.vebowag.de\/wp-content\/uploads\/2018\/06\/Truchse\u00dfstra\u00dfe-12-14.jpg\" \/>\n\t<meta property=\"og:image:width\" content=\"1024\" \/>\n\t<meta property=\"og:image:height\" content=\"457\" \/>\n\t<meta property=\"og:image:type\" content=\"image\/jpeg\" \/>\n<meta name=\"author\" content=\"Norbert Krey\" \/>\n<meta name=\"twitter:card\" content=\"summary_large_image\" \/>\n<meta name=\"twitter:creator\" content=\"@vebowag\" \/>\n<meta name=\"twitter:site\" content=\"@vebowag\" \/>\n<meta name=\"twitter:label1\" content=\"Written by\" \/>\n\t<meta name=\"twitter:data1\" content=\"Norbert Krey\" \/>\n<script type=\"application\/ld+json\" class=\"yoast-schema-graph\">{\"@context\":\"https:\/\/schema.org\",\"@graph\":[{\"@type\":\"WebPage\",\"@id\":\"https:\/\/www.vebowag.de\/2016\/04\/18\/vebowag-stellt-26-gefoerderte-mietwohnungen-in-bad-godesberg-fertig\/\",\"url\":\"https:\/\/www.vebowag.de\/2016\/04\/18\/vebowag-stellt-26-gefoerderte-mietwohnungen-in-bad-godesberg-fertig\/\",\"name\":\"VEBOWAG stellt 26 gef\u00f6rderte Mietwohnungen in Bad Godesberg fertig - VEBOWAG\",\"isPartOf\":{\"@id\":\"https:\/\/www.vebowag.de\/#website\"},\"primaryImageOfPage\":{\"@id\":\"https:\/\/www.vebowag.de\/2016\/04\/18\/vebowag-stellt-26-gefoerderte-mietwohnungen-in-bad-godesberg-fertig\/#primaryimage\"},\"image\":{\"@id\":\"https:\/\/www.vebowag.de\/2016\/04\/18\/vebowag-stellt-26-gefoerderte-mietwohnungen-in-bad-godesberg-fertig\/#primaryimage\"},\"thumbnailUrl\":\"https:\/\/www.vebowag.de\/wp-content\/uploads\/2018\/06\/Truchse\u00dfstra\u00dfe-12-14.jpg\",\"datePublished\":\"2016-04-18T15:22:57+00:00\",\"dateModified\":\"2018-06-08T14:53:13+00:00\",\"author\":{\"@id\":\"https:\/\/www.vebowag.de\/#\/schema\/person\/6f4c6d2656bd6fd684af32a9708ca020\"},\"breadcrumb\":{\"@id\":\"https:\/\/www.vebowag.de\/2016\/04\/18\/vebowag-stellt-26-gefoerderte-mietwohnungen-in-bad-godesberg-fertig\/#breadcrumb\"},\"inLanguage\":\"en-EN\",\"potentialAction\":[{\"@type\":\"ReadAction\",\"target\":[\"https:\/\/www.vebowag.de\/2016\/04\/18\/vebowag-stellt-26-gefoerderte-mietwohnungen-in-bad-godesberg-fertig\/\"]}]},{\"@type\":\"ImageObject\",\"inLanguage\":\"en-EN\",\"@id\":\"https:\/\/www.vebowag.de\/2016\/04\/18\/vebowag-stellt-26-gefoerderte-mietwohnungen-in-bad-godesberg-fertig\/#primaryimage\",\"url\":\"https:\/\/www.vebowag.de\/wp-content\/uploads\/2018\/06\/Truchse\u00dfstra\u00dfe-12-14.jpg\",\"contentUrl\":\"https:\/\/www.vebowag.de\/wp-content\/uploads\/2018\/06\/Truchse\u00dfstra\u00dfe-12-14.jpg\",\"width\":1024,\"height\":457},{\"@type\":\"BreadcrumbList\",\"@id\":\"https:\/\/www.vebowag.de\/2016\/04\/18\/vebowag-stellt-26-gefoerderte-mietwohnungen-in-bad-godesberg-fertig\/#breadcrumb\",\"itemListElement\":[{\"@type\":\"ListItem\",\"position\":1,\"name\":\"Home\",\"item\":\"https:\/\/www.vebowag.de\/\"},{\"@type\":\"ListItem\",\"position\":2,\"name\":\"VEBOWAG stellt 26 gef\u00f6rderte Mietwohnungen in Bad Godesberg fertig\"}]},{\"@type\":\"WebSite\",\"@id\":\"https:\/\/www.vebowag.de\/#website\",\"url\":\"https:\/\/www.vebowag.de\/\",\"name\":\"VEBOWAG\",\"description\":\"Mein Zuhause in Bonn\",\"potentialAction\":[{\"@type\":\"SearchAction\",\"target\":{\"@type\":\"EntryPoint\",\"urlTemplate\":\"https:\/\/www.vebowag.de\/?s={search_term_string}\"},\"query-input\":{\"@type\":\"PropertyValueSpecification\",\"valueRequired\":true,\"valueName\":\"search_term_string\"}}],\"inLanguage\":\"en-EN\"},{\"@type\":\"Person\",\"@id\":\"https:\/\/www.vebowag.de\/#\/schema\/person\/6f4c6d2656bd6fd684af32a9708ca020\",\"name\":\"Norbert Krey\",\"sameAs\":[\"http:\/\/www.vebowag.de\"],\"url\":\"https:\/\/www.vebowag.de\/en\/author\/krey\/\"}]}<\/script>\n<!-- \/ Yoast SEO plugin. -->","yoast_head_json":{"title":"VEBOWAG stellt 26 gef\u00f6rderte Mietwohnungen in Bad Godesberg fertig - VEBOWAG","robots":{"index":"index","follow":"follow","max-snippet":"max-snippet:-1","max-image-preview":"max-image-preview:large","max-video-preview":"max-video-preview:-1"},"canonical":"https:\/\/www.vebowag.de\/2016\/04\/18\/vebowag-stellt-26-gefoerderte-mietwohnungen-in-bad-godesberg-fertig\/","og_locale":"en_US","og_type":"article","og_title":"VEBOWAG stellt 26 gef\u00f6rderte Mietwohnungen in Bad Godesberg fertig - VEBOWAG","og_url":"https:\/\/www.vebowag.de\/2016\/04\/18\/vebowag-stellt-26-gefoerderte-mietwohnungen-in-bad-godesberg-fertig\/","og_site_name":"VEBOWAG","article_publisher":"https:\/\/www.facebook.com\/vebowag\/","article_published_time":"2016-04-18T15:22:57+00:00","article_modified_time":"2018-06-08T14:53:13+00:00","og_image":[{"width":1024,"height":457,"url":"https:\/\/www.vebowag.de\/wp-content\/uploads\/2018\/06\/Truchse\u00dfstra\u00dfe-12-14.jpg","type":"image\/jpeg"}],"author":"Norbert Krey","twitter_card":"summary_large_image","twitter_creator":"@vebowag","twitter_site":"@vebowag","twitter_misc":{"Written by":"Norbert Krey"},"schema":{"@context":"https:\/\/schema.org","@graph":[{"@type":"WebPage","@id":"https:\/\/www.vebowag.de\/2016\/04\/18\/vebowag-stellt-26-gefoerderte-mietwohnungen-in-bad-godesberg-fertig\/","url":"https:\/\/www.vebowag.de\/2016\/04\/18\/vebowag-stellt-26-gefoerderte-mietwohnungen-in-bad-godesberg-fertig\/","name":"VEBOWAG stellt 26 gef\u00f6rderte Mietwohnungen in Bad Godesberg fertig - VEBOWAG","isPartOf":{"@id":"https:\/\/www.vebowag.de\/#website"},"primaryImageOfPage":{"@id":"https:\/\/www.vebowag.de\/2016\/04\/18\/vebowag-stellt-26-gefoerderte-mietwohnungen-in-bad-godesberg-fertig\/#primaryimage"},"image":{"@id":"https:\/\/www.vebowag.de\/2016\/04\/18\/vebowag-stellt-26-gefoerderte-mietwohnungen-in-bad-godesberg-fertig\/#primaryimage"},"thumbnailUrl":"https:\/\/www.vebowag.de\/wp-content\/uploads\/2018\/06\/Truchse\u00dfstra\u00dfe-12-14.jpg","datePublished":"2016-04-18T15:22:57+00:00","dateModified":"2018-06-08T14:53:13+00:00","author":{"@id":"https:\/\/www.vebowag.de\/#\/schema\/person\/6f4c6d2656bd6fd684af32a9708ca020"},"breadcrumb":{"@id":"https:\/\/www.vebowag.de\/2016\/04\/18\/vebowag-stellt-26-gefoerderte-mietwohnungen-in-bad-godesberg-fertig\/#breadcrumb"},"inLanguage":"en-EN","potentialAction":[{"@type":"ReadAction","target":["https:\/\/www.vebowag.de\/2016\/04\/18\/vebowag-stellt-26-gefoerderte-mietwohnungen-in-bad-godesberg-fertig\/"]}]},{"@type":"ImageObject","inLanguage":"en-EN","@id":"https:\/\/www.vebowag.de\/2016\/04\/18\/vebowag-stellt-26-gefoerderte-mietwohnungen-in-bad-godesberg-fertig\/#primaryimage","url":"https:\/\/www.vebowag.de\/wp-content\/uploads\/2018\/06\/Truchse\u00dfstra\u00dfe-12-14.jpg","contentUrl":"https:\/\/www.vebowag.de\/wp-content\/uploads\/2018\/06\/Truchse\u00dfstra\u00dfe-12-14.jpg","width":1024,"height":457},{"@type":"BreadcrumbList","@id":"https:\/\/www.vebowag.de\/2016\/04\/18\/vebowag-stellt-26-gefoerderte-mietwohnungen-in-bad-godesberg-fertig\/#breadcrumb","itemListElement":[{"@type":"ListItem","position":1,"name":"Home","item":"https:\/\/www.vebowag.de\/"},{"@type":"ListItem","position":2,"name":"VEBOWAG stellt 26 gef\u00f6rderte Mietwohnungen in Bad Godesberg fertig"}]},{"@type":"WebSite","@id":"https:\/\/www.vebowag.de\/#website","url":"https:\/\/www.vebowag.de\/","name":"VEBOWAG","description":"Mein Zuhause in Bonn","potentialAction":[{"@type":"SearchAction","target":{"@type":"EntryPoint","urlTemplate":"https:\/\/www.vebowag.de\/?s={search_term_string}"},"query-input":{"@type":"PropertyValueSpecification","valueRequired":true,"valueName":"search_term_string"}}],"inLanguage":"en-EN"},{"@type":"Person","@id":"https:\/\/www.vebowag.de\/#\/schema\/person\/6f4c6d2656bd6fd684af32a9708ca020","name":"Norbert Krey","sameAs":["http:\/\/www.vebowag.de"],"url":"https:\/\/www.vebowag.de\/en\/author\/krey\/"}]}},"uagb_featured_image_src":{"full":["https:\/\/www.vebowag.de\/wp-content\/uploads\/2018\/06\/Truchse\u00dfstra\u00dfe-12-14.jpg",1024,457,false],"thumbnail":["https:\/\/www.vebowag.de\/wp-content\/uploads\/2018\/06\/Truchse\u00dfstra\u00dfe-12-14-150x150.jpg",150,150,true],"medium":["https:\/\/www.vebowag.de\/wp-content\/uploads\/2018\/06\/Truchse\u00dfstra\u00dfe-12-14-300x134.jpg",300,134,true],"medium_large":["https:\/\/www.vebowag.de\/wp-content\/uploads\/2018\/06\/Truchse\u00dfstra\u00dfe-12-14-768x343.jpg",750,335,true],"large":["https:\/\/www.vebowag.de\/wp-content\/uploads\/2018\/06\/Truchse\u00dfstra\u00dfe-12-14-1024x457.jpg",750,335,true],"1536x1536":["https:\/\/www.vebowag.de\/wp-content\/uploads\/2018\/06\/Truchse\u00dfstra\u00dfe-12-14.jpg",1024,457,false],"2048x2048":["https:\/\/www.vebowag.de\/wp-content\/uploads\/2018\/06\/Truchse\u00dfstra\u00dfe-12-14.jpg",1024,457,false],"home":["https:\/\/www.vebowag.de\/wp-content\/uploads\/2018\/06\/Truchse\u00dfstra\u00dfe-12-14-150x100.jpg",150,100,true],"list":["https:\/\/www.vebowag.de\/wp-content\/uploads\/2018\/06\/Truchse\u00dfstra\u00dfe-12-14-200x125.jpg",200,125,true]},"uagb_author_info":{"display_name":"Norbert Krey","author_link":"https:\/\/www.vebowag.de\/en\/author\/krey\/"},"uagb_comment_info":0,"uagb_excerpt":"Auf dem knapp 1.700 m\u00b2 gro\u00dfen Grundst\u00fcck sind nach 14 monatiger Bauzeit 26 Ein- bis Vier-Zimmer-Wohnungen mit Wohnfl\u00e4chen zwischen 35 und 97 m\u00b2 entstanden. Alle Wohnungen sind barrierefrei \u00fcber Aufzug zu erreichen und verf\u00fcgen \u00fcber einen Balkon oder eine Terrasse. Die zentrale W\u00e4rmeversorgung erfolgt \u00fcber eine Luft\/Wasser-W\u00e4rmepumpe. Die Wohnungen selbst ... Weiterlesen&nbsp;&raquo;","_links":{"self":[{"href":"https:\/\/www.vebowag.de\/en\/wp-json\/wp\/v2\/posts\/2123"}],"collection":[{"href":"https:\/\/www.vebowag.de\/en\/wp-json\/wp\/v2\/posts"}],"about":[{"href":"https:\/\/www.vebowag.de\/en\/wp-json\/wp\/v2\/types\/post"}],"author":[{"embeddable":true,"href":"https:\/\/www.vebowag.de\/en\/wp-json\/wp\/v2\/users\/2"}],"replies":[{"embeddable":true,"href":"https:\/\/www.vebowag.de\/en\/wp-json\/wp\/v2\/comments?post=2123"}],"version-history":[{"count":13,"href":"https:\/\/www.vebowag.de\/en\/wp-json\/wp\/v2\/posts\/2123\/revisions"}],"predecessor-version":[{"id":4732,"href":"https:\/\/www.vebowag.de\/en\/wp-json\/wp\/v2\/posts\/2123\/revisions\/4732"}],"wp:featuredmedia":[{"embeddable":true,"href":"https:\/\/www.vebowag.de\/en\/wp-json\/wp\/v2\/media\/4731"}],"wp:attachment":[{"href":"https:\/\/www.vebowag.de\/en\/wp-json\/wp\/v2\/media?parent=2123"}],"wp:term":[{"taxonomy":"category","embeddable":true,"href":"https:\/\/www.vebowag.de\/en\/wp-json\/wp\/v2\/categories?post=2123"},{"taxonomy":"post_tag","embeddable":true,"href":"https:\/\/www.vebowag.de\/en\/wp-json\/wp\/v2\/tags?post=2123"}],"curies":[{"name":"wp","href":"https:\/\/api.w.org\/{rel}","templated":true}]}}