{"id":140,"date":"2015-12-11T17:02:08","date_gmt":"2015-12-11T16:02:08","guid":{"rendered":"http:\/\/vebowag.cdworks.de\/wp\/?p=140"},"modified":"2016-05-03T18:42:23","modified_gmt":"2016-05-03T16:42:23","slug":"die-herbstwinter-ausgabe-unseres-mietermagazins-wohnraum-ist-da","status":"publish","type":"post","link":"https:\/\/www.vebowag.de\/en\/2015\/12\/11\/die-herbstwinter-ausgabe-unseres-mietermagazins-wohnraum-ist-da\/","title":{"rendered":"Die Herbst\/Winter-Ausgabe unseres Mietermagazins WohnRaum ist da!"},"content":{"rendered":"<p>In dieser Ausgabe unseres Mietermagazins berichten wir unter anderem \u00fcber die neue CarSharing-Station &#8220;In der Gr\u00e4cht 39&#8221; in Lengsdorf und den Eltern-Kind-Treff in Dransdorf. Dar\u00fcber hinaus haben wir wieder interessante Beitr\u00e4ge rund ums Wohnen zusammengestellt und berichten nat\u00fcrlich auch in eigener Sache.<\/p>\n<p><img loading=\"lazy\" decoding=\"async\" class=\"alignnone size-full wp-image-141\" src=\"http:\/\/www.vebowag.de\/wp-content\/uploads\/2015\/12\/wohnraum-02-2015.jpg\" alt=\"wohnraum 02-2015\" width=\"424\" height=\"600\" srcset=\"https:\/\/www.vebowag.de\/wp-content\/uploads\/2015\/12\/wohnraum-02-2015.jpg 424w, https:\/\/www.vebowag.de\/wp-content\/uploads\/2015\/12\/wohnraum-02-2015-212x300.jpg 212w\" sizes=\"(max-width: 424px) 100vw, 424px\" \/><\/p>\n","protected":false},"excerpt":{"rendered":"<p>In dieser Ausgabe unseres Mietermagazins berichten wir unter anderem \u00fcber die neue CarSharing-Station &#8220;In der Gr\u00e4cht 39&#8221; in Lengsdorf und den Eltern-Kind-Treff in Dransdorf. Dar\u00fcber hinaus haben wir wieder interessante Beitr\u00e4ge rund ums Wohnen zusammengestellt und berichten nat\u00fcrlich auch in eigener Sache.<\/p>\n","protected":false},"author":1,"featured_media":141,"comment_status":"open","ping_status":"open","sticky":false,"template":"","format":"standard","meta":{"_uag_custom_page_level_css":"","footnotes":""},"categories":[1],"tags":[],"class_list":["post-140","post","type-post","status-publish","format-standard","has-post-thumbnail","hentry","category-aktuelles"],"translation":{"provider":"WPGlobus","version":"3.0.0","language":"en","enabled_languages":["de","en"],"languages":{"de":{"title":true,"content":true,"excerpt":false},"en":{"title":false,"content":false,"excerpt":false}}},"yoast_head":"<!-- This site is optimized with the Yoast SEO plugin v23.8 - https:\/\/yoast.com\/wordpress\/plugins\/seo\/ -->\n<title>Die Herbst\/Winter-Ausgabe unseres Mietermagazins WohnRaum ist da! - VEBOWAG<\/title>\n<meta name=\"robots\" content=\"index, follow, max-snippet:-1, max-image-preview:large, max-video-preview:-1\" \/>\n<link rel=\"canonical\" href=\"https:\/\/www.vebowag.de\/2015\/12\/11\/die-herbstwinter-ausgabe-unseres-mietermagazins-wohnraum-ist-da\/\" \/>\n<meta property=\"og:locale\" content=\"en_US\" \/>\n<meta property=\"og:type\" content=\"article\" \/>\n<meta property=\"og:title\" content=\"Die Herbst\/Winter-Ausgabe unseres Mietermagazins WohnRaum ist da! - VEBOWAG\" \/>\n<meta property=\"og:url\" content=\"https:\/\/www.vebowag.de\/2015\/12\/11\/die-herbstwinter-ausgabe-unseres-mietermagazins-wohnraum-ist-da\/\" \/>\n<meta property=\"og:site_name\" content=\"VEBOWAG\" \/>\n<meta property=\"article:publisher\" content=\"https:\/\/www.facebook.com\/vebowag\/\" \/>\n<meta property=\"article:published_time\" content=\"2015-12-11T16:02:08+00:00\" \/>\n<meta property=\"article:modified_time\" content=\"2016-05-03T16:42:23+00:00\" \/>\n<meta property=\"og:image\" content=\"https:\/\/www.vebowag.de\/wp-content\/uploads\/2015\/12\/wohnraum-02-2015.jpg\" \/>\n\t<meta property=\"og:image:width\" content=\"424\" \/>\n\t<meta property=\"og:image:height\" content=\"600\" \/>\n\t<meta property=\"og:image:type\" content=\"image\/jpeg\" \/>\n<meta name=\"author\" content=\"danyel\" \/>\n<meta name=\"twitter:card\" content=\"summary_large_image\" \/>\n<meta name=\"twitter:creator\" content=\"@vebowag\" \/>\n<meta name=\"twitter:site\" content=\"@vebowag\" \/>\n<meta name=\"twitter:label1\" content=\"Written by\" \/>\n\t<meta name=\"twitter:data1\" content=\"danyel\" \/>\n<script type=\"application\/ld+json\" class=\"yoast-schema-graph\">{\"@context\":\"https:\/\/schema.org\",\"@graph\":[{\"@type\":\"WebPage\",\"@id\":\"https:\/\/www.vebowag.de\/2015\/12\/11\/die-herbstwinter-ausgabe-unseres-mietermagazins-wohnraum-ist-da\/\",\"url\":\"https:\/\/www.vebowag.de\/2015\/12\/11\/die-herbstwinter-ausgabe-unseres-mietermagazins-wohnraum-ist-da\/\",\"name\":\"Die Herbst\/Winter-Ausgabe unseres Mietermagazins WohnRaum ist da! - VEBOWAG\",\"isPartOf\":{\"@id\":\"https:\/\/www.vebowag.de\/#website\"},\"primaryImageOfPage\":{\"@id\":\"https:\/\/www.vebowag.de\/2015\/12\/11\/die-herbstwinter-ausgabe-unseres-mietermagazins-wohnraum-ist-da\/#primaryimage\"},\"image\":{\"@id\":\"https:\/\/www.vebowag.de\/2015\/12\/11\/die-herbstwinter-ausgabe-unseres-mietermagazins-wohnraum-ist-da\/#primaryimage\"},\"thumbnailUrl\":\"https:\/\/www.vebowag.de\/wp-content\/uploads\/2015\/12\/wohnraum-02-2015.jpg\",\"datePublished\":\"2015-12-11T16:02:08+00:00\",\"dateModified\":\"2016-05-03T16:42:23+00:00\",\"author\":{\"@id\":\"https:\/\/www.vebowag.de\/#\/schema\/person\/a5dd2bad79e48a698a7a0c984bc8331f\"},\"breadcrumb\":{\"@id\":\"https:\/\/www.vebowag.de\/2015\/12\/11\/die-herbstwinter-ausgabe-unseres-mietermagazins-wohnraum-ist-da\/#breadcrumb\"},\"inLanguage\":\"en-EN\",\"potentialAction\":[{\"@type\":\"ReadAction\",\"target\":[\"https:\/\/www.vebowag.de\/2015\/12\/11\/die-herbstwinter-ausgabe-unseres-mietermagazins-wohnraum-ist-da\/\"]}]},{\"@type\":\"ImageObject\",\"inLanguage\":\"en-EN\",\"@id\":\"https:\/\/www.vebowag.de\/2015\/12\/11\/die-herbstwinter-ausgabe-unseres-mietermagazins-wohnraum-ist-da\/#primaryimage\",\"url\":\"https:\/\/www.vebowag.de\/wp-content\/uploads\/2015\/12\/wohnraum-02-2015.jpg\",\"contentUrl\":\"https:\/\/www.vebowag.de\/wp-content\/uploads\/2015\/12\/wohnraum-02-2015.jpg\",\"width\":424,\"height\":600},{\"@type\":\"BreadcrumbList\",\"@id\":\"https:\/\/www.vebowag.de\/2015\/12\/11\/die-herbstwinter-ausgabe-unseres-mietermagazins-wohnraum-ist-da\/#breadcrumb\",\"itemListElement\":[{\"@type\":\"ListItem\",\"position\":1,\"name\":\"Home\",\"item\":\"https:\/\/www.vebowag.de\/\"},{\"@type\":\"ListItem\",\"position\":2,\"name\":\"Die Herbst\/Winter-Ausgabe unseres Mietermagazins WohnRaum ist da!\"}]},{\"@type\":\"WebSite\",\"@id\":\"https:\/\/www.vebowag.de\/#website\",\"url\":\"https:\/\/www.vebowag.de\/\",\"name\":\"VEBOWAG\",\"description\":\"Mein Zuhause in Bonn\",\"potentialAction\":[{\"@type\":\"SearchAction\",\"target\":{\"@type\":\"EntryPoint\",\"urlTemplate\":\"https:\/\/www.vebowag.de\/?s={search_term_string}\"},\"query-input\":{\"@type\":\"PropertyValueSpecification\",\"valueRequired\":true,\"valueName\":\"search_term_string\"}}],\"inLanguage\":\"en-EN\"},{\"@type\":\"Person\",\"@id\":\"https:\/\/www.vebowag.de\/#\/schema\/person\/a5dd2bad79e48a698a7a0c984bc8331f\",\"name\":\"danyel\",\"sameAs\":[\"http:\/\/www.cdonline.de\"],\"url\":\"https:\/\/www.vebowag.de\/en\/author\/danyel\/\"}]}<\/script>\n<!-- \/ Yoast SEO plugin. -->","yoast_head_json":{"title":"Die Herbst\/Winter-Ausgabe unseres Mietermagazins WohnRaum ist da! - VEBOWAG","robots":{"index":"index","follow":"follow","max-snippet":"max-snippet:-1","max-image-preview":"max-image-preview:large","max-video-preview":"max-video-preview:-1"},"canonical":"https:\/\/www.vebowag.de\/2015\/12\/11\/die-herbstwinter-ausgabe-unseres-mietermagazins-wohnraum-ist-da\/","og_locale":"en_US","og_type":"article","og_title":"Die Herbst\/Winter-Ausgabe unseres Mietermagazins WohnRaum ist da! - VEBOWAG","og_url":"https:\/\/www.vebowag.de\/2015\/12\/11\/die-herbstwinter-ausgabe-unseres-mietermagazins-wohnraum-ist-da\/","og_site_name":"VEBOWAG","article_publisher":"https:\/\/www.facebook.com\/vebowag\/","article_published_time":"2015-12-11T16:02:08+00:00","article_modified_time":"2016-05-03T16:42:23+00:00","og_image":[{"width":424,"height":600,"url":"https:\/\/www.vebowag.de\/wp-content\/uploads\/2015\/12\/wohnraum-02-2015.jpg","type":"image\/jpeg"}],"author":"danyel","twitter_card":"summary_large_image","twitter_creator":"@vebowag","twitter_site":"@vebowag","twitter_misc":{"Written by":"danyel"},"schema":{"@context":"https:\/\/schema.org","@graph":[{"@type":"WebPage","@id":"https:\/\/www.vebowag.de\/2015\/12\/11\/die-herbstwinter-ausgabe-unseres-mietermagazins-wohnraum-ist-da\/","url":"https:\/\/www.vebowag.de\/2015\/12\/11\/die-herbstwinter-ausgabe-unseres-mietermagazins-wohnraum-ist-da\/","name":"Die Herbst\/Winter-Ausgabe unseres Mietermagazins WohnRaum ist da! - VEBOWAG","isPartOf":{"@id":"https:\/\/www.vebowag.de\/#website"},"primaryImageOfPage":{"@id":"https:\/\/www.vebowag.de\/2015\/12\/11\/die-herbstwinter-ausgabe-unseres-mietermagazins-wohnraum-ist-da\/#primaryimage"},"image":{"@id":"https:\/\/www.vebowag.de\/2015\/12\/11\/die-herbstwinter-ausgabe-unseres-mietermagazins-wohnraum-ist-da\/#primaryimage"},"thumbnailUrl":"https:\/\/www.vebowag.de\/wp-content\/uploads\/2015\/12\/wohnraum-02-2015.jpg","datePublished":"2015-12-11T16:02:08+00:00","dateModified":"2016-05-03T16:42:23+00:00","author":{"@id":"https:\/\/www.vebowag.de\/#\/schema\/person\/a5dd2bad79e48a698a7a0c984bc8331f"},"breadcrumb":{"@id":"https:\/\/www.vebowag.de\/2015\/12\/11\/die-herbstwinter-ausgabe-unseres-mietermagazins-wohnraum-ist-da\/#breadcrumb"},"inLanguage":"en-EN","potentialAction":[{"@type":"ReadAction","target":["https:\/\/www.vebowag.de\/2015\/12\/11\/die-herbstwinter-ausgabe-unseres-mietermagazins-wohnraum-ist-da\/"]}]},{"@type":"ImageObject","inLanguage":"en-EN","@id":"https:\/\/www.vebowag.de\/2015\/12\/11\/die-herbstwinter-ausgabe-unseres-mietermagazins-wohnraum-ist-da\/#primaryimage","url":"https:\/\/www.vebowag.de\/wp-content\/uploads\/2015\/12\/wohnraum-02-2015.jpg","contentUrl":"https:\/\/www.vebowag.de\/wp-content\/uploads\/2015\/12\/wohnraum-02-2015.jpg","width":424,"height":600},{"@type":"BreadcrumbList","@id":"https:\/\/www.vebowag.de\/2015\/12\/11\/die-herbstwinter-ausgabe-unseres-mietermagazins-wohnraum-ist-da\/#breadcrumb","itemListElement":[{"@type":"ListItem","position":1,"name":"Home","item":"https:\/\/www.vebowag.de\/"},{"@type":"ListItem","position":2,"name":"Die Herbst\/Winter-Ausgabe unseres Mietermagazins WohnRaum ist da!"}]},{"@type":"WebSite","@id":"https:\/\/www.vebowag.de\/#website","url":"https:\/\/www.vebowag.de\/","name":"VEBOWAG","description":"Mein Zuhause in Bonn","potentialAction":[{"@type":"SearchAction","target":{"@type":"EntryPoint","urlTemplate":"https:\/\/www.vebowag.de\/?s={search_term_string}"},"query-input":{"@type":"PropertyValueSpecification","valueRequired":true,"valueName":"search_term_string"}}],"inLanguage":"en-EN"},{"@type":"Person","@id":"https:\/\/www.vebowag.de\/#\/schema\/person\/a5dd2bad79e48a698a7a0c984bc8331f","name":"danyel","sameAs":["http:\/\/www.cdonline.de"],"url":"https:\/\/www.vebowag.de\/en\/author\/danyel\/"}]}},"uagb_featured_image_src":{"full":["https:\/\/www.vebowag.de\/wp-content\/uploads\/2015\/12\/wohnraum-02-2015.jpg",424,600,false],"thumbnail":["https:\/\/www.vebowag.de\/wp-content\/uploads\/2015\/12\/wohnraum-02-2015-150x150.jpg",150,150,true],"medium":["https:\/\/www.vebowag.de\/wp-content\/uploads\/2015\/12\/wohnraum-02-2015-212x300.jpg",212,300,true],"medium_large":["https:\/\/www.vebowag.de\/wp-content\/uploads\/2015\/12\/wohnraum-02-2015.jpg",424,600,false],"large":["https:\/\/www.vebowag.de\/wp-content\/uploads\/2015\/12\/wohnraum-02-2015.jpg",424,600,false],"1536x1536":["https:\/\/www.vebowag.de\/wp-content\/uploads\/2015\/12\/wohnraum-02-2015.jpg",424,600,false],"2048x2048":["https:\/\/www.vebowag.de\/wp-content\/uploads\/2015\/12\/wohnraum-02-2015.jpg",424,600,false],"home":["https:\/\/www.vebowag.de\/wp-content\/uploads\/2015\/12\/wohnraum-02-2015-150x100.jpg",150,100,true],"list":["https:\/\/www.vebowag.de\/wp-content\/uploads\/2015\/12\/wohnraum-02-2015-200x125.jpg",200,125,true]},"uagb_author_info":{"display_name":"danyel","author_link":"https:\/\/www.vebowag.de\/en\/author\/danyel\/"},"uagb_comment_info":0,"uagb_excerpt":"In dieser Ausgabe unseres Mietermagazins berichten wir unter anderem \u00fcber die neue CarSharing-Station &#8220;In der Gr\u00e4cht 39&#8221; in Lengsdorf und den Eltern-Kind-Treff in Dransdorf. Dar\u00fcber hinaus haben wir wieder interessante Beitr\u00e4ge rund ums Wohnen zusammengestellt und berichten nat\u00fcrlich auch in eigener Sache.","_links":{"self":[{"href":"https:\/\/www.vebowag.de\/en\/wp-json\/wp\/v2\/posts\/140"}],"collection":[{"href":"https:\/\/www.vebowag.de\/en\/wp-json\/wp\/v2\/posts"}],"about":[{"href":"https:\/\/www.vebowag.de\/en\/wp-json\/wp\/v2\/types\/post"}],"author":[{"embeddable":true,"href":"https:\/\/www.vebowag.de\/en\/wp-json\/wp\/v2\/users\/1"}],"replies":[{"embeddable":true,"href":"https:\/\/www.vebowag.de\/en\/wp-json\/wp\/v2\/comments?post=140"}],"version-history":[{"count":6,"href":"https:\/\/www.vebowag.de\/en\/wp-json\/wp\/v2\/posts\/140\/revisions"}],"predecessor-version":[{"id":2242,"href":"https:\/\/www.vebowag.de\/en\/wp-json\/wp\/v2\/posts\/140\/revisions\/2242"}],"wp:featuredmedia":[{"embeddable":true,"href":"https:\/\/www.vebowag.de\/en\/wp-json\/wp\/v2\/media\/141"}],"wp:attachment":[{"href":"https:\/\/www.vebowag.de\/en\/wp-json\/wp\/v2\/media?parent=140"}],"wp:term":[{"taxonomy":"category","embeddable":true,"href":"https:\/\/www.vebowag.de\/en\/wp-json\/wp\/v2\/categories?post=140"},{"taxonomy":"post_tag","embeddable":true,"href":"https:\/\/www.vebowag.de\/en\/wp-json\/wp\/v2\/tags?post=140"}],"curies":[{"name":"wp","href":"https:\/\/api.w.org\/{rel}","templated":true}]}}