{"id":1,"date":"2015-12-11T14:37:39","date_gmt":"2015-12-11T13:37:39","guid":{"rendered":"http:\/\/www.vebowag.dev\/?p=1"},"modified":"2015-12-18T18:02:50","modified_gmt":"2015-12-18T17:02:50","slug":"vebowag-erweitert-ihren-wohnungsbestand","status":"publish","type":"post","link":"https:\/\/www.vebowag.de\/en\/2015\/12\/11\/vebowag-erweitert-ihren-wohnungsbestand\/","title":{"rendered":"VEBOWAG erweitert ihren Wohnungsbestand"},"content":{"rendered":"<h3>Zwei Wohnh\u00e4user mit 22 Wohnungen in Bad Godesberg erworben<\/h3>\n<p>Die Vereinigte Bonner Wohnungsbau AG erweitert ihren Wohnungsbestand durch den Ankauf von 22 Wohneinheiten im Ortsteil Mehlem. Das Immobilienpaket beinhaltet 18 \u00f6ffentlich gef\u00f6rderte und vier frei finanzierte Wohnungen mit einer Gesamtwohnfl\u00e4che von insgesamt rund 1.518 Quadratmetern. Die beiden Geb\u00e4ude stammen aus dem Jahre 1998 und bieten einen breiten Wohnungsmix f\u00fcr unterschiedliche Zielgruppen. Das Spektrum reicht dabei von 1-Zimmer-Wohnungen mit rund 32 m\u00b2 Wohnfl\u00e4che bis hin zu 4-Zimmer-Wohnungen mit 92 Quadratmetern. Alle Wohnungen sind derzeit vermietet.<\/p>\n<p><img loading=\"lazy\" decoding=\"async\" class=\"alignnone size-full wp-image-133\" src=\"http:\/\/www.vebowag.de\/wp-content\/uploads\/2015\/12\/22-Wohungen-in-Bad-Godesberg.jpg\" alt=\"22 Wohungen in Bad Godesberg\" width=\"800\" height=\"533\" srcset=\"https:\/\/www.vebowag.de\/wp-content\/uploads\/2015\/12\/22-Wohungen-in-Bad-Godesberg.jpg 800w, https:\/\/www.vebowag.de\/wp-content\/uploads\/2015\/12\/22-Wohungen-in-Bad-Godesberg-300x200.jpg 300w, https:\/\/www.vebowag.de\/wp-content\/uploads\/2015\/12\/22-Wohungen-in-Bad-Godesberg-768x512.jpg 768w, https:\/\/www.vebowag.de\/wp-content\/uploads\/2015\/12\/22-Wohungen-in-Bad-Godesberg-150x100.jpg 150w\" sizes=\"(max-width: 800px) 100vw, 800px\" \/><\/p>\n","protected":false},"excerpt":{"rendered":"<p>Zwei Wohnh\u00e4user mit 22 Wohnungen in Bad Godesberg erworben Die Vereinigte Bonner Wohnungsbau AG erweitert ihren Wohnungsbestand durch den Ankauf von 22 Wohneinheiten im Ortsteil Mehlem. Das Immobilienpaket beinhaltet 18 \u00f6ffentlich gef\u00f6rderte und vier frei finanzierte Wohnungen mit einer Gesamtwohnfl\u00e4che von insgesamt rund 1.518 Quadratmetern. Die beiden Geb\u00e4ude stammen aus &#8230; <a class=\"read-more\" href=\"https:\/\/www.vebowag.de\/en\/2015\/12\/11\/vebowag-erweitert-ihren-wohnungsbestand\/\">Weiterlesen&nbsp;&raquo;<\/a><\/p>\n","protected":false},"author":1,"featured_media":133,"comment_status":"open","ping_status":"open","sticky":false,"template":"","format":"standard","meta":{"_uag_custom_page_level_css":"","footnotes":""},"categories":[1],"tags":[],"class_list":["post-1","post","type-post","status-publish","format-standard","has-post-thumbnail","hentry","category-aktuelles"],"translation":{"provider":"WPGlobus","version":"3.0.0","language":"en","enabled_languages":["de","en"],"languages":{"de":{"title":true,"content":true,"excerpt":false},"en":{"title":false,"content":false,"excerpt":false}}},"yoast_head":"<!-- This site is optimized with the Yoast SEO plugin v23.8 - https:\/\/yoast.com\/wordpress\/plugins\/seo\/ -->\n<title>VEBOWAG erweitert ihren Wohnungsbestand - VEBOWAG<\/title>\n<meta name=\"robots\" content=\"index, follow, max-snippet:-1, max-image-preview:large, max-video-preview:-1\" \/>\n<link rel=\"canonical\" href=\"https:\/\/www.vebowag.de\/2015\/12\/11\/vebowag-erweitert-ihren-wohnungsbestand\/\" \/>\n<meta property=\"og:locale\" content=\"en_US\" \/>\n<meta property=\"og:type\" content=\"article\" \/>\n<meta property=\"og:title\" content=\"VEBOWAG erweitert ihren Wohnungsbestand - VEBOWAG\" \/>\n<meta property=\"og:url\" content=\"https:\/\/www.vebowag.de\/2015\/12\/11\/vebowag-erweitert-ihren-wohnungsbestand\/\" \/>\n<meta property=\"og:site_name\" content=\"VEBOWAG\" \/>\n<meta property=\"article:publisher\" content=\"https:\/\/www.facebook.com\/vebowag\/\" \/>\n<meta property=\"article:published_time\" content=\"2015-12-11T13:37:39+00:00\" \/>\n<meta property=\"article:modified_time\" content=\"2015-12-18T17:02:50+00:00\" \/>\n<meta property=\"og:image\" content=\"https:\/\/www.vebowag.de\/wp-content\/uploads\/2015\/12\/22-Wohungen-in-Bad-Godesberg.jpg\" \/>\n\t<meta property=\"og:image:width\" content=\"800\" \/>\n\t<meta property=\"og:image:height\" content=\"533\" \/>\n\t<meta property=\"og:image:type\" content=\"image\/jpeg\" \/>\n<meta name=\"author\" content=\"danyel\" \/>\n<meta name=\"twitter:card\" content=\"summary_large_image\" \/>\n<meta name=\"twitter:creator\" content=\"@vebowag\" \/>\n<meta name=\"twitter:site\" content=\"@vebowag\" \/>\n<meta name=\"twitter:label1\" content=\"Written by\" \/>\n\t<meta name=\"twitter:data1\" content=\"danyel\" \/>\n<script type=\"application\/ld+json\" class=\"yoast-schema-graph\">{\"@context\":\"https:\/\/schema.org\",\"@graph\":[{\"@type\":\"WebPage\",\"@id\":\"https:\/\/www.vebowag.de\/2015\/12\/11\/vebowag-erweitert-ihren-wohnungsbestand\/\",\"url\":\"https:\/\/www.vebowag.de\/2015\/12\/11\/vebowag-erweitert-ihren-wohnungsbestand\/\",\"name\":\"VEBOWAG erweitert ihren Wohnungsbestand - VEBOWAG\",\"isPartOf\":{\"@id\":\"https:\/\/www.vebowag.de\/#website\"},\"primaryImageOfPage\":{\"@id\":\"https:\/\/www.vebowag.de\/2015\/12\/11\/vebowag-erweitert-ihren-wohnungsbestand\/#primaryimage\"},\"image\":{\"@id\":\"https:\/\/www.vebowag.de\/2015\/12\/11\/vebowag-erweitert-ihren-wohnungsbestand\/#primaryimage\"},\"thumbnailUrl\":\"https:\/\/www.vebowag.de\/wp-content\/uploads\/2015\/12\/22-Wohungen-in-Bad-Godesberg.jpg\",\"datePublished\":\"2015-12-11T13:37:39+00:00\",\"dateModified\":\"2015-12-18T17:02:50+00:00\",\"author\":{\"@id\":\"https:\/\/www.vebowag.de\/#\/schema\/person\/a5dd2bad79e48a698a7a0c984bc8331f\"},\"breadcrumb\":{\"@id\":\"https:\/\/www.vebowag.de\/2015\/12\/11\/vebowag-erweitert-ihren-wohnungsbestand\/#breadcrumb\"},\"inLanguage\":\"en-EN\",\"potentialAction\":[{\"@type\":\"ReadAction\",\"target\":[\"https:\/\/www.vebowag.de\/2015\/12\/11\/vebowag-erweitert-ihren-wohnungsbestand\/\"]}]},{\"@type\":\"ImageObject\",\"inLanguage\":\"en-EN\",\"@id\":\"https:\/\/www.vebowag.de\/2015\/12\/11\/vebowag-erweitert-ihren-wohnungsbestand\/#primaryimage\",\"url\":\"https:\/\/www.vebowag.de\/wp-content\/uploads\/2015\/12\/22-Wohungen-in-Bad-Godesberg.jpg\",\"contentUrl\":\"https:\/\/www.vebowag.de\/wp-content\/uploads\/2015\/12\/22-Wohungen-in-Bad-Godesberg.jpg\",\"width\":800,\"height\":533},{\"@type\":\"BreadcrumbList\",\"@id\":\"https:\/\/www.vebowag.de\/2015\/12\/11\/vebowag-erweitert-ihren-wohnungsbestand\/#breadcrumb\",\"itemListElement\":[{\"@type\":\"ListItem\",\"position\":1,\"name\":\"Home\",\"item\":\"https:\/\/www.vebowag.de\/\"},{\"@type\":\"ListItem\",\"position\":2,\"name\":\"VEBOWAG erweitert ihren Wohnungsbestand\"}]},{\"@type\":\"WebSite\",\"@id\":\"https:\/\/www.vebowag.de\/#website\",\"url\":\"https:\/\/www.vebowag.de\/\",\"name\":\"VEBOWAG\",\"description\":\"Mein Zuhause in Bonn\",\"potentialAction\":[{\"@type\":\"SearchAction\",\"target\":{\"@type\":\"EntryPoint\",\"urlTemplate\":\"https:\/\/www.vebowag.de\/?s={search_term_string}\"},\"query-input\":{\"@type\":\"PropertyValueSpecification\",\"valueRequired\":true,\"valueName\":\"search_term_string\"}}],\"inLanguage\":\"en-EN\"},{\"@type\":\"Person\",\"@id\":\"https:\/\/www.vebowag.de\/#\/schema\/person\/a5dd2bad79e48a698a7a0c984bc8331f\",\"name\":\"danyel\",\"sameAs\":[\"http:\/\/www.cdonline.de\"],\"url\":\"https:\/\/www.vebowag.de\/en\/author\/danyel\/\"}]}<\/script>\n<!-- \/ Yoast SEO plugin. -->","yoast_head_json":{"title":"VEBOWAG erweitert ihren Wohnungsbestand - VEBOWAG","robots":{"index":"index","follow":"follow","max-snippet":"max-snippet:-1","max-image-preview":"max-image-preview:large","max-video-preview":"max-video-preview:-1"},"canonical":"https:\/\/www.vebowag.de\/2015\/12\/11\/vebowag-erweitert-ihren-wohnungsbestand\/","og_locale":"en_US","og_type":"article","og_title":"VEBOWAG erweitert ihren Wohnungsbestand - VEBOWAG","og_url":"https:\/\/www.vebowag.de\/2015\/12\/11\/vebowag-erweitert-ihren-wohnungsbestand\/","og_site_name":"VEBOWAG","article_publisher":"https:\/\/www.facebook.com\/vebowag\/","article_published_time":"2015-12-11T13:37:39+00:00","article_modified_time":"2015-12-18T17:02:50+00:00","og_image":[{"width":800,"height":533,"url":"https:\/\/www.vebowag.de\/wp-content\/uploads\/2015\/12\/22-Wohungen-in-Bad-Godesberg.jpg","type":"image\/jpeg"}],"author":"danyel","twitter_card":"summary_large_image","twitter_creator":"@vebowag","twitter_site":"@vebowag","twitter_misc":{"Written by":"danyel"},"schema":{"@context":"https:\/\/schema.org","@graph":[{"@type":"WebPage","@id":"https:\/\/www.vebowag.de\/2015\/12\/11\/vebowag-erweitert-ihren-wohnungsbestand\/","url":"https:\/\/www.vebowag.de\/2015\/12\/11\/vebowag-erweitert-ihren-wohnungsbestand\/","name":"VEBOWAG erweitert ihren Wohnungsbestand - VEBOWAG","isPartOf":{"@id":"https:\/\/www.vebowag.de\/#website"},"primaryImageOfPage":{"@id":"https:\/\/www.vebowag.de\/2015\/12\/11\/vebowag-erweitert-ihren-wohnungsbestand\/#primaryimage"},"image":{"@id":"https:\/\/www.vebowag.de\/2015\/12\/11\/vebowag-erweitert-ihren-wohnungsbestand\/#primaryimage"},"thumbnailUrl":"https:\/\/www.vebowag.de\/wp-content\/uploads\/2015\/12\/22-Wohungen-in-Bad-Godesberg.jpg","datePublished":"2015-12-11T13:37:39+00:00","dateModified":"2015-12-18T17:02:50+00:00","author":{"@id":"https:\/\/www.vebowag.de\/#\/schema\/person\/a5dd2bad79e48a698a7a0c984bc8331f"},"breadcrumb":{"@id":"https:\/\/www.vebowag.de\/2015\/12\/11\/vebowag-erweitert-ihren-wohnungsbestand\/#breadcrumb"},"inLanguage":"en-EN","potentialAction":[{"@type":"ReadAction","target":["https:\/\/www.vebowag.de\/2015\/12\/11\/vebowag-erweitert-ihren-wohnungsbestand\/"]}]},{"@type":"ImageObject","inLanguage":"en-EN","@id":"https:\/\/www.vebowag.de\/2015\/12\/11\/vebowag-erweitert-ihren-wohnungsbestand\/#primaryimage","url":"https:\/\/www.vebowag.de\/wp-content\/uploads\/2015\/12\/22-Wohungen-in-Bad-Godesberg.jpg","contentUrl":"https:\/\/www.vebowag.de\/wp-content\/uploads\/2015\/12\/22-Wohungen-in-Bad-Godesberg.jpg","width":800,"height":533},{"@type":"BreadcrumbList","@id":"https:\/\/www.vebowag.de\/2015\/12\/11\/vebowag-erweitert-ihren-wohnungsbestand\/#breadcrumb","itemListElement":[{"@type":"ListItem","position":1,"name":"Home","item":"https:\/\/www.vebowag.de\/"},{"@type":"ListItem","position":2,"name":"VEBOWAG erweitert ihren Wohnungsbestand"}]},{"@type":"WebSite","@id":"https:\/\/www.vebowag.de\/#website","url":"https:\/\/www.vebowag.de\/","name":"VEBOWAG","description":"Mein Zuhause in Bonn","potentialAction":[{"@type":"SearchAction","target":{"@type":"EntryPoint","urlTemplate":"https:\/\/www.vebowag.de\/?s={search_term_string}"},"query-input":{"@type":"PropertyValueSpecification","valueRequired":true,"valueName":"search_term_string"}}],"inLanguage":"en-EN"},{"@type":"Person","@id":"https:\/\/www.vebowag.de\/#\/schema\/person\/a5dd2bad79e48a698a7a0c984bc8331f","name":"danyel","sameAs":["http:\/\/www.cdonline.de"],"url":"https:\/\/www.vebowag.de\/en\/author\/danyel\/"}]}},"uagb_featured_image_src":{"full":["https:\/\/www.vebowag.de\/wp-content\/uploads\/2015\/12\/22-Wohungen-in-Bad-Godesberg.jpg",800,533,false],"thumbnail":["https:\/\/www.vebowag.de\/wp-content\/uploads\/2015\/12\/22-Wohungen-in-Bad-Godesberg-150x150.jpg",150,150,true],"medium":["https:\/\/www.vebowag.de\/wp-content\/uploads\/2015\/12\/22-Wohungen-in-Bad-Godesberg-300x200.jpg",300,200,true],"medium_large":["https:\/\/www.vebowag.de\/wp-content\/uploads\/2015\/12\/22-Wohungen-in-Bad-Godesberg-768x512.jpg",750,500,true],"large":["https:\/\/www.vebowag.de\/wp-content\/uploads\/2015\/12\/22-Wohungen-in-Bad-Godesberg.jpg",750,500,false],"1536x1536":["https:\/\/www.vebowag.de\/wp-content\/uploads\/2015\/12\/22-Wohungen-in-Bad-Godesberg.jpg",800,533,false],"2048x2048":["https:\/\/www.vebowag.de\/wp-content\/uploads\/2015\/12\/22-Wohungen-in-Bad-Godesberg.jpg",800,533,false],"home":["https:\/\/www.vebowag.de\/wp-content\/uploads\/2015\/12\/22-Wohungen-in-Bad-Godesberg-150x100.jpg",150,100,true],"list":["https:\/\/www.vebowag.de\/wp-content\/uploads\/2015\/12\/22-Wohungen-in-Bad-Godesberg-200x125.jpg",200,125,true]},"uagb_author_info":{"display_name":"danyel","author_link":"https:\/\/www.vebowag.de\/en\/author\/danyel\/"},"uagb_comment_info":10,"uagb_excerpt":"Zwei Wohnh\u00e4user mit 22 Wohnungen in Bad Godesberg erworben Die Vereinigte Bonner Wohnungsbau AG erweitert ihren Wohnungsbestand durch den Ankauf von 22 Wohneinheiten im Ortsteil Mehlem. Das Immobilienpaket beinhaltet 18 \u00f6ffentlich gef\u00f6rderte und vier frei finanzierte Wohnungen mit einer Gesamtwohnfl\u00e4che von insgesamt rund 1.518 Quadratmetern. Die beiden Geb\u00e4ude stammen aus ... Weiterlesen&nbsp;&raquo;","_links":{"self":[{"href":"https:\/\/www.vebowag.de\/en\/wp-json\/wp\/v2\/posts\/1"}],"collection":[{"href":"https:\/\/www.vebowag.de\/en\/wp-json\/wp\/v2\/posts"}],"about":[{"href":"https:\/\/www.vebowag.de\/en\/wp-json\/wp\/v2\/types\/post"}],"author":[{"embeddable":true,"href":"https:\/\/www.vebowag.de\/en\/wp-json\/wp\/v2\/users\/1"}],"replies":[{"embeddable":true,"href":"https:\/\/www.vebowag.de\/en\/wp-json\/wp\/v2\/comments?post=1"}],"version-history":[{"count":4,"href":"https:\/\/www.vebowag.de\/en\/wp-json\/wp\/v2\/posts\/1\/revisions"}],"predecessor-version":[{"id":4929,"href":"https:\/\/www.vebowag.de\/en\/wp-json\/wp\/v2\/posts\/1\/revisions\/4929"}],"wp:featuredmedia":[{"embeddable":true,"href":"https:\/\/www.vebowag.de\/en\/wp-json\/wp\/v2\/media\/133"}],"wp:attachment":[{"href":"https:\/\/www.vebowag.de\/en\/wp-json\/wp\/v2\/media?parent=1"}],"wp:term":[{"taxonomy":"category","embeddable":true,"href":"https:\/\/www.vebowag.de\/en\/wp-json\/wp\/v2\/categories?post=1"},{"taxonomy":"post_tag","embeddable":true,"href":"https:\/\/www.vebowag.de\/en\/wp-json\/wp\/v2\/tags?post=1"}],"curies":[{"name":"wp","href":"https:\/\/api.w.org\/{rel}","templated":true}]}}